{"id":2678,"date":"2022-02-24T13:38:36","date_gmt":"2022-02-24T16:38:36","guid":{"rendered":"https:\/\/1005.com.ar\/?p=2678"},"modified":"2022-02-24T13:38:39","modified_gmt":"2022-02-24T16:38:39","slug":"el-secretario-de-energia-aseguro-que-las-facturas-de-luz-y-gas-aumentaran-por-debajo-de-la-evolucion-de-los-salarios","status":"publish","type":"post","link":"https:\/\/1005.com.ar\/index.php\/2022\/02\/24\/el-secretario-de-energia-aseguro-que-las-facturas-de-luz-y-gas-aumentaran-por-debajo-de-la-evolucion-de-los-salarios\/","title":{"rendered":"El secretario de Energ\u00eda asegur\u00f3 que las facturas de luz y gas aumentar\u00e1n \u00abpor debajo de la evoluci\u00f3n de los salarios\u00bb&nbsp;"},"content":{"rendered":"\n<h1 class=\"wp-block-heading\">Dar\u00edo Mart\u00ednez: \u00abNo queremos tarifazos ni tampoco tener las tarifas congeladas\u201d<\/h1>\n\n\n\n<p><a href=\"https:\/\/www.pagina12.com.ar\/403729-dario-martinez-no-queremos-tarifazos-ni-tampoco-tener-las-ta\">https:\/\/www.pagina12.com.ar\/403729-dario-martinez-no-queremos-tarifazos-ni-tampoco-tener-las-ta<\/a><\/p>\n","protected":false},"excerpt":{"rendered":"<p>Dar\u00edo Mart\u00ednez: \u00abNo queremos tarifazos ni tampoco tener las tarifas congeladas\u201d https:\/\/www.pagina12.com.ar\/403729-dario-martinez-no-queremos-tarifazos-ni-tampoco-tener-las-ta<\/p>\n","protected":false},"author":3,"featured_media":2679,"comment_status":"open","ping_status":"closed","sticky":false,"template":"","format":"standard","meta":{"jetpack_post_was_ever_published":false,"_jetpack_newsletter_access":"","_jetpack_dont_email_post_to_subs":false,"_jetpack_newsletter_tier_id":0,"_jetpack_memberships_contains_paywalled_content":false,"_jetpack_memberships_contains_paid_content":false,"footnotes":"","jetpack_publicize_message":"","jetpack_publicize_feature_enabled":true,"jetpack_social_post_already_shared":true,"jetpack_social_options":{"image_generator_settings":{"template":"highway","default_image_id":0,"font":"","enabled":false},"version":2}},"categories":[1],"tags":[],"class_list":["post-2678","post","type-post","status-publish","format-standard","has-post-thumbnail","hentry","category-sin-categoria"],"jetpack_publicize_connections":[],"jetpack_featured_media_url":"https:\/\/1005.com.ar\/wp-content\/uploads\/2022\/02\/370167-kala-20moreno-20parra.jpeg","jetpack-related-posts":[{"id":4890,"url":"https:\/\/1005.com.ar\/index.php\/2024\/04\/01\/un-tsunami-de-aumentos-que-lo-desorganiza-todo\/","url_meta":{"origin":2678,"position":0},"title":"Un tsunami de aumentos\u00a0que lo desorganiza todo","author":"Julieta Di Rocco","date":"abril 1, 2024","format":false,"excerpt":"Los nuevos tarifazos castigar\u00e1n a usuarios, comercios y pymes, y se proyectan m\u00e1s https:\/\/www.pagina12.com.ar\/725620-un-tsunami-de-aumentos-que-lo-desorganiza-todo","rel":"","context":"En \u00abSin categor\u00eda\u00bb","block_context":{"text":"Sin categor\u00eda","link":"https:\/\/1005.com.ar\/index.php\/category\/sin-categoria\/"},"img":{"alt_text":"","src":"https:\/\/i0.wp.com\/1005.com.ar\/wp-content\/uploads\/2024\/04\/827770-whatsapp-20image-202024-03-31-20at-2022-28-28.jpeg?resize=350%2C200&ssl=1","width":350,"height":200,"srcset":"https:\/\/i0.wp.com\/1005.com.ar\/wp-content\/uploads\/2024\/04\/827770-whatsapp-20image-202024-03-31-20at-2022-28-28.jpeg?resize=350%2C200&ssl=1 1x, https:\/\/i0.wp.com\/1005.com.ar\/wp-content\/uploads\/2024\/04\/827770-whatsapp-20image-202024-03-31-20at-2022-28-28.jpeg?resize=525%2C300&ssl=1 1.5x, https:\/\/i0.wp.com\/1005.com.ar\/wp-content\/uploads\/2024\/04\/827770-whatsapp-20image-202024-03-31-20at-2022-28-28.jpeg?resize=700%2C400&ssl=1 2x"},"classes":[]},{"id":1393,"url":"https:\/\/1005.com.ar\/index.php\/2021\/01\/30\/suero-equino-y-plasma-de-pacientes-los-detalles-para-su-uso\/","url_meta":{"origin":2678,"position":1},"title":"Suero equino y plasma de pacientes: los detalles para su uso","author":"Radio Music","date":"enero 30, 2021","format":false,"excerpt":"Consenso entre el Ministerio de Salud y las entidades m\u00e9dicas y cient\u00edficas","rel":"","context":"En \u00abSin categor\u00eda\u00bb","block_context":{"text":"Sin categor\u00eda","link":"https:\/\/1005.com.ar\/index.php\/category\/sin-categoria\/"},"img":{"alt_text":"","src":"","width":0,"height":0},"classes":[]},{"id":1486,"url":"https:\/\/1005.com.ar\/index.php\/2021\/02\/06\/reunion-multisectorial-y-simulacro-de-vacunacion\/","url_meta":{"origin":2678,"position":2},"title":"Reuni\u00f3n multisectorial y simulacro de vacunaci\u00f3n","author":"Radio Music","date":"febrero 6, 2021","format":false,"excerpt":"La actividad se desarroll\u00f3 ayer viernes 5 de febrero por la ma\u00f1ana, coordinada por Regi\u00f3n Sanitaria X","rel":"","context":"En \u00abSin categor\u00eda\u00bb","block_context":{"text":"Sin categor\u00eda","link":"https:\/\/1005.com.ar\/index.php\/category\/sin-categoria\/"},"img":{"alt_text":"","src":"https:\/\/i0.wp.com\/1005.com.ar\/wp-content\/uploads\/2021\/02\/vacunacion1-696x379-1.jpg?resize=350%2C200&ssl=1","width":350,"height":200,"srcset":"https:\/\/i0.wp.com\/1005.com.ar\/wp-content\/uploads\/2021\/02\/vacunacion1-696x379-1.jpg?resize=350%2C200&ssl=1 1x, https:\/\/i0.wp.com\/1005.com.ar\/wp-content\/uploads\/2021\/02\/vacunacion1-696x379-1.jpg?resize=525%2C300&ssl=1 1.5x"},"classes":[]},{"id":4959,"url":"https:\/\/1005.com.ar\/index.php\/2024\/04\/20\/las-ventajas-y-desventajas-de-tener-un-ovejero-aleman-en-nuestro-hogar\/","url_meta":{"origin":2678,"position":3},"title":"Las ventajas y desventajas de tener un Ovejero Alem\u00e1n en nuestro hogar","author":"Julieta Di Rocco","date":"abril 20, 2024","format":false,"excerpt":"https:\/\/www.eldiariodecarlospaz.com.ar\/vida-saludable\/2024\/4\/17\/las-ventajas-desventajas-de-tener-un-ovejero-aleman-en-nuestro-hogar-200729.html","rel":"","context":"En \u00abSin categor\u00eda\u00bb","block_context":{"text":"Sin categor\u00eda","link":"https:\/\/1005.com.ar\/index.php\/category\/sin-categoria\/"},"img":{"alt_text":"","src":"","width":0,"height":0},"classes":[]},{"id":2446,"url":"https:\/\/1005.com.ar\/index.php\/2021\/12\/08\/deuda-con-el-fmi-alberto-fernandez-agradecio-el-apoyo-de-cristina-kirchner-y-ratifico-el-rumbo-de-las-negociaciones\/","url_meta":{"origin":2678,"position":4},"title":"Deuda con el FMI: Alberto Fern\u00e1ndez agradeci\u00f3 el apoyo de Cristina Kirchner y ratific\u00f3 el rumbo de las negociaciones","author":"Radio Music","date":"diciembre 8, 2021","format":false,"excerpt":"\"Ajustando dejamos afuera a millones de argentinos\", resalt\u00f3 El presidente\u00a0Alberto Fern\u00e1ndez se refiri\u00f3 este mi\u00e9rcoles a las negociaciones con el Fondo Monetario Internacional (FMI) al afirmar que est\u00e1 \"muy seguro\" respecto del rumbo que deben tomar, al tiempo que asegur\u00f3 tener la certeza de que\u00a0es \"el mismo que quiere\" la\u2026","rel":"","context":"En \u00abSin categor\u00eda\u00bb","block_context":{"text":"Sin categor\u00eda","link":"https:\/\/1005.com.ar\/index.php\/category\/sin-categoria\/"},"img":{"alt_text":"","src":"https:\/\/i0.wp.com\/1005.com.ar\/wp-content\/uploads\/2021\/12\/295939-alberto-20fern-c3-a1ndez-20-284-29.jpeg?resize=350%2C200&ssl=1","width":350,"height":200,"srcset":"https:\/\/i0.wp.com\/1005.com.ar\/wp-content\/uploads\/2021\/12\/295939-alberto-20fern-c3-a1ndez-20-284-29.jpeg?resize=350%2C200&ssl=1 1x, https:\/\/i0.wp.com\/1005.com.ar\/wp-content\/uploads\/2021\/12\/295939-alberto-20fern-c3-a1ndez-20-284-29.jpeg?resize=525%2C300&ssl=1 1.5x, https:\/\/i0.wp.com\/1005.com.ar\/wp-content\/uploads\/2021\/12\/295939-alberto-20fern-c3-a1ndez-20-284-29.jpeg?resize=700%2C400&ssl=1 2x"},"classes":[]},{"id":1859,"url":"https:\/\/1005.com.ar\/index.php\/2021\/03\/26\/river-plate-vuelve-casco-en-lugar-de-martinez\/","url_meta":{"origin":2678,"position":5},"title":"River Plate: Vuelve Casco en lugar de Mart\u00ednez","author":"Radio Music","date":"marzo 26, 2021","format":false,"excerpt":"El\u00a0entrenador de River Plate, Marcelo Gallardo, prepara\u00a0un cambio en la formaci\u00f3n para el cl\u00e1sico del domingo ante Racing, por la Copa de la Liga Profesional de F\u00fatbol, en busca de su segundo triunfo consecutivo. Por otra parte,\u00a0el plantel millonario se someti\u00f3 a los hisopados de rigor en el River Camp\u2026","rel":"","context":"En \u00abSin categor\u00eda\u00bb","block_context":{"text":"Sin categor\u00eda","link":"https:\/\/1005.com.ar\/index.php\/category\/sin-categoria\/"},"img":{"alt_text":"","src":"","width":0,"height":0},"classes":[]}],"jetpack_likes_enabled":true,"jetpack_sharing_enabled":true,"_links":{"self":[{"href":"https:\/\/1005.com.ar\/index.php\/wp-json\/wp\/v2\/posts\/2678","targetHints":{"allow":["GET"]}}],"collection":[{"href":"https:\/\/1005.com.ar\/index.php\/wp-json\/wp\/v2\/posts"}],"about":[{"href":"https:\/\/1005.com.ar\/index.php\/wp-json\/wp\/v2\/types\/post"}],"author":[{"embeddable":true,"href":"https:\/\/1005.com.ar\/index.php\/wp-json\/wp\/v2\/users\/3"}],"replies":[{"embeddable":true,"href":"https:\/\/1005.com.ar\/index.php\/wp-json\/wp\/v2\/comments?post=2678"}],"version-history":[{"count":0,"href":"https:\/\/1005.com.ar\/index.php\/wp-json\/wp\/v2\/posts\/2678\/revisions"}],"wp:featuredmedia":[{"embeddable":true,"href":"https:\/\/1005.com.ar\/index.php\/wp-json\/wp\/v2\/media\/2679"}],"wp:attachment":[{"href":"https:\/\/1005.com.ar\/index.php\/wp-json\/wp\/v2\/media?parent=2678"}],"wp:term":[{"taxonomy":"category","embeddable":true,"href":"https:\/\/1005.com.ar\/index.php\/wp-json\/wp\/v2\/categories?post=2678"},{"taxonomy":"post_tag","embeddable":true,"href":"https:\/\/1005.com.ar\/index.php\/wp-json\/wp\/v2\/tags?post=2678"}],"curies":[{"name":"wp","href":"https:\/\/api.w.org\/{rel}","templated":true}]}}