{"id":2651,"date":"2022-01-15T12:37:07","date_gmt":"2022-01-15T15:37:07","guid":{"rendered":"https:\/\/1005.com.ar\/?p=2651"},"modified":"2022-01-15T12:37:07","modified_gmt":"2022-01-15T15:37:07","slug":"el-psicologo-y-psicoanalista-presenta-la-edicion-definitiva-de-palabras-cruzadas","status":"publish","type":"post","link":"https:\/\/1005.com.ar\/index.php\/2022\/01\/15\/el-psicologo-y-psicoanalista-presenta-la-edicion-definitiva-de-palabras-cruzadas\/","title":{"rendered":"El psic\u00f3logo y psicoanalista presenta la edici\u00f3n definitiva de \u00abPalabras cruzadas\u00bb"},"content":{"rendered":"\n<h1 class=\"wp-block-heading\">Gabriel Rol\u00f3n: \u00abHabitamos en la confusi\u00f3n\u00bb<\/h1>\n\n\n\n<h3 class=\"wp-block-heading\">El autor de \u00abHistorias de div\u00e1n\u00bb se\u00f1ala que \u00abhan pasado muchas cosas en poco tiempo: ahora tenemos matrimonio igualitario, reconocimiento de muchos derechos en cuesti\u00f3n de g\u00e9nero y una contenci\u00f3n para casos de violencia contra la mujer. Nada de esto exist\u00eda cuando el libro sali\u00f3 por primera vez\u00bb.<\/h3>\n\n\n\n<p><a href=\"https:\/\/www.pagina12.com.ar\/395403-gabriel-rolon-habitamos-en-la-confusion\">https:\/\/www.pagina12.com.ar\/395403-gabriel-rolon-habitamos-en-la-confusion<\/a><\/p>\n","protected":false},"excerpt":{"rendered":"<p>Gabriel Rol\u00f3n: \u00abHabitamos en la confusi\u00f3n\u00bb El autor de \u00abHistorias de div\u00e1n\u00bb se\u00f1ala que \u00abhan pasado muchas cosas en poco<\/p>\n","protected":false},"author":3,"featured_media":2652,"comment_status":"open","ping_status":"closed","sticky":false,"template":"","format":"standard","meta":{"jetpack_post_was_ever_published":false,"_jetpack_newsletter_access":"","_jetpack_dont_email_post_to_subs":false,"_jetpack_newsletter_tier_id":0,"_jetpack_memberships_contains_paywalled_content":false,"_jetpack_memberships_contains_paid_content":false,"footnotes":"","jetpack_publicize_message":"","jetpack_publicize_feature_enabled":true,"jetpack_social_post_already_shared":true,"jetpack_social_options":{"image_generator_settings":{"template":"highway","default_image_id":0,"font":"","enabled":false},"version":2}},"categories":[1],"tags":[],"class_list":["post-2651","post","type-post","status-publish","format-standard","has-post-thumbnail","hentry","category-sin-categoria"],"jetpack_publicize_connections":[],"jetpack_featured_media_url":"https:\/\/1005.com.ar\/wp-content\/uploads\/2022\/01\/306924-web-31a-cartasso.jpg","jetpack-related-posts":[{"id":1582,"url":"https:\/\/1005.com.ar\/index.php\/2021\/02\/14\/educacion-solidaria-y-vacunacion\/","url_meta":{"origin":2651,"position":0},"title":"Educaci\u00f3n solidaria y vacunaci\u00f3n","author":"Radio Music","date":"febrero 14, 2021","format":false,"excerpt":"Seg\u00fan V\u00edctor Garc\u00eda Hoz, la solidaridad en el sentido etimol\u00f3gico (de solidus = fuerte, consolidado; de la misma ra\u00edz que soldar) significa fuerza, uni\u00f3n, cuyo principio m\u00e1s radical en el ser humano, es el amor, cuyo objeto propio es la uni\u00f3n con los otros. La solidaridad nace del amor mismo\u2026","rel":"","context":"En \u00abSin categor\u00eda\u00bb","block_context":{"text":"Sin categor\u00eda","link":"https:\/\/1005.com.ar\/index.php\/category\/sin-categoria\/"},"img":{"alt_text":"","src":"https:\/\/i0.wp.com\/1005.com.ar\/wp-content\/uploads\/2021\/02\/1613264342.jpeg?resize=350%2C200&ssl=1","width":350,"height":200,"srcset":"https:\/\/i0.wp.com\/1005.com.ar\/wp-content\/uploads\/2021\/02\/1613264342.jpeg?resize=350%2C200&ssl=1 1x, https:\/\/i0.wp.com\/1005.com.ar\/wp-content\/uploads\/2021\/02\/1613264342.jpeg?resize=525%2C300&ssl=1 1.5x, https:\/\/i0.wp.com\/1005.com.ar\/wp-content\/uploads\/2021\/02\/1613264342.jpeg?resize=700%2C400&ssl=1 2x"},"classes":[]},{"id":2778,"url":"https:\/\/1005.com.ar\/index.php\/2022\/04\/04\/los-presidentes-de-chile-y-argentina-se-reunieron-en-la-casa-rosada\/","url_meta":{"origin":2651,"position":1},"title":"Los presidentes de Chile y Argentina se reunieron en la Casa Rosada","author":"Julieta Di Rocco","date":"abril 4, 2022","format":false,"excerpt":"Encuentro entre Gabriel Boric y Alberto Fern\u00e1ndez:\u00a0\"Tenemos que trabajar mucho en conjunto https:\/\/www.pagina12.com.ar\/413030-encuentro-entre-gabriel-boric-y-alberto-fernandez-tenemos-qu","rel":"","context":"En \u00abSin categor\u00eda\u00bb","block_context":{"text":"Sin categor\u00eda","link":"https:\/\/1005.com.ar\/index.php\/category\/sin-categoria\/"},"img":{"alt_text":"","src":"https:\/\/i0.wp.com\/1005.com.ar\/wp-content\/uploads\/2022\/04\/447281-whatsapp-20image-202022-04-04-20at-2010-47-54-20am.jpeg?resize=350%2C200&ssl=1","width":350,"height":200,"srcset":"https:\/\/i0.wp.com\/1005.com.ar\/wp-content\/uploads\/2022\/04\/447281-whatsapp-20image-202022-04-04-20at-2010-47-54-20am.jpeg?resize=350%2C200&ssl=1 1x, https:\/\/i0.wp.com\/1005.com.ar\/wp-content\/uploads\/2022\/04\/447281-whatsapp-20image-202022-04-04-20at-2010-47-54-20am.jpeg?resize=525%2C300&ssl=1 1.5x, https:\/\/i0.wp.com\/1005.com.ar\/wp-content\/uploads\/2022\/04\/447281-whatsapp-20image-202022-04-04-20at-2010-47-54-20am.jpeg?resize=700%2C400&ssl=1 2x"},"classes":[]},{"id":1529,"url":"https:\/\/1005.com.ar\/index.php\/2021\/02\/09\/reunen-en-un-volumen-los-textos-de-gabriel-garcia-marquez-sobre-macondo\/","url_meta":{"origin":2651,"position":2},"title":"Re\u00fanen en un volumen los textos de Gabriel Garc\u00eda M\u00e1rquez sobre Macondo","author":"Radio Music","date":"febrero 9, 2021","format":false,"excerpt":"La palabra apareci\u00f3 en un cuento por primera vez en 1954","rel":"","context":"En \u00abSin categor\u00eda\u00bb","block_context":{"text":"Sin categor\u00eda","link":"https:\/\/1005.com.ar\/index.php\/category\/sin-categoria\/"},"img":{"alt_text":"","src":"","width":0,"height":0},"classes":[]},{"id":4110,"url":"https:\/\/1005.com.ar\/index.php\/2023\/05\/13\/ni-un-kilombo-mas\/","url_meta":{"origin":2651,"position":3},"title":"\u201cNi un kilombo m\u00e1s\u201d","author":"Julieta Di Rocco","date":"mayo 13, 2023","format":false,"excerpt":"Al \u00fanico que favoreci\u00f3 la inflaci\u00f3n es a un desaforado Javier Milei que respalda a los genocidas y plantea libre mercado para el tr\u00e1fico de \u00f3rganos. El Frente de Todos y Juntos por el Cambio tienen problemas para sus candidaturas. La Corte aprovech\u00f3 la confusi\u00f3n. https:\/\/www.pagina12.com.ar\/548843-ni-un-kilombo-mas","rel":"","context":"En \u00abSin categor\u00eda\u00bb","block_context":{"text":"Sin categor\u00eda","link":"https:\/\/1005.com.ar\/index.php\/category\/sin-categoria\/"},"img":{"alt_text":"","src":"https:\/\/i0.wp.com\/1005.com.ar\/wp-content\/uploads\/2023\/05\/725605-8a.jpg?resize=350%2C200&ssl=1","width":350,"height":200,"srcset":"https:\/\/i0.wp.com\/1005.com.ar\/wp-content\/uploads\/2023\/05\/725605-8a.jpg?resize=350%2C200&ssl=1 1x, https:\/\/i0.wp.com\/1005.com.ar\/wp-content\/uploads\/2023\/05\/725605-8a.jpg?resize=525%2C300&ssl=1 1.5x, https:\/\/i0.wp.com\/1005.com.ar\/wp-content\/uploads\/2023\/05\/725605-8a.jpg?resize=700%2C400&ssl=1 2x"},"classes":[]},{"id":3101,"url":"https:\/\/1005.com.ar\/index.php\/2022\/07\/11\/el-gobierno-puso-en-marcha-la-obra-publica-numero-5-000\/","url_meta":{"origin":2651,"position":4},"title":"El Gobierno puso en marcha la obra p\u00fablica n\u00famero 5.000","author":"Julieta Di Rocco","date":"julio 11, 2022","format":false,"excerpt":"\u201cEl objetivo nuestro es llegar r\u00e1pidamente a los 500.000 puestos de trabajo registrado en el sector de la construcci\u00f3n. Estamos en alrededor de 450.000, ya eso es un r\u00e9cord en la historia argentina\u201d, asegur\u00f3 Alberto Fern\u00e1ndez, acompa\u00f1ado por el intendente Juan Jos\u00e9 Mussi y el ministro de Obras P\u00fablicas, Gabriel\u2026","rel":"","context":"En \u00abSin categor\u00eda\u00bb","block_context":{"text":"Sin categor\u00eda","link":"https:\/\/1005.com.ar\/index.php\/category\/sin-categoria\/"},"img":{"alt_text":"","src":"https:\/\/i0.wp.com\/1005.com.ar\/wp-content\/uploads\/2022\/07\/62cc5b08c3705_900.jpg?resize=350%2C200&ssl=1","width":350,"height":200,"srcset":"https:\/\/i0.wp.com\/1005.com.ar\/wp-content\/uploads\/2022\/07\/62cc5b08c3705_900.jpg?resize=350%2C200&ssl=1 1x, https:\/\/i0.wp.com\/1005.com.ar\/wp-content\/uploads\/2022\/07\/62cc5b08c3705_900.jpg?resize=525%2C300&ssl=1 1.5x, https:\/\/i0.wp.com\/1005.com.ar\/wp-content\/uploads\/2022\/07\/62cc5b08c3705_900.jpg?resize=700%2C400&ssl=1 2x"},"classes":[]},{"id":2658,"url":"https:\/\/1005.com.ar\/index.php\/2022\/02\/03\/es-entre-25-y-50-veces-mas-potente-que-la-heroina\/","url_meta":{"origin":2651,"position":5},"title":"Es entre 25 y 50 veces m\u00e1s potente que la hero\u00edna&nbsp;","author":"Radio Music","date":"febrero 3, 2022","format":false,"excerpt":"Qu\u00e9 es el fentanilo, la sustancia en la mira por las muertes del consumo de coca\u00edna adulterada Seg\u00fan los expertos, esta sustancia act\u00faa uni\u00e9ndose a los receptores opioides que se encuentran en \u00e1reas del cerebro que controlan el dolor y las emociones y puede provocar aletargamiento, n\u00e1useas, confusi\u00f3n, estre\u00f1imiento, sedaci\u00f3n,\u2026","rel":"","context":"En \u00abSin categor\u00eda\u00bb","block_context":{"text":"Sin categor\u00eda","link":"https:\/\/1005.com.ar\/index.php\/category\/sin-categoria\/"},"img":{"alt_text":"","src":"","width":0,"height":0},"classes":[]}],"jetpack_likes_enabled":true,"jetpack_sharing_enabled":true,"_links":{"self":[{"href":"https:\/\/1005.com.ar\/index.php\/wp-json\/wp\/v2\/posts\/2651","targetHints":{"allow":["GET"]}}],"collection":[{"href":"https:\/\/1005.com.ar\/index.php\/wp-json\/wp\/v2\/posts"}],"about":[{"href":"https:\/\/1005.com.ar\/index.php\/wp-json\/wp\/v2\/types\/post"}],"author":[{"embeddable":true,"href":"https:\/\/1005.com.ar\/index.php\/wp-json\/wp\/v2\/users\/3"}],"replies":[{"embeddable":true,"href":"https:\/\/1005.com.ar\/index.php\/wp-json\/wp\/v2\/comments?post=2651"}],"version-history":[{"count":0,"href":"https:\/\/1005.com.ar\/index.php\/wp-json\/wp\/v2\/posts\/2651\/revisions"}],"wp:featuredmedia":[{"embeddable":true,"href":"https:\/\/1005.com.ar\/index.php\/wp-json\/wp\/v2\/media\/2652"}],"wp:attachment":[{"href":"https:\/\/1005.com.ar\/index.php\/wp-json\/wp\/v2\/media?parent=2651"}],"wp:term":[{"taxonomy":"category","embeddable":true,"href":"https:\/\/1005.com.ar\/index.php\/wp-json\/wp\/v2\/categories?post=2651"},{"taxonomy":"post_tag","embeddable":true,"href":"https:\/\/1005.com.ar\/index.php\/wp-json\/wp\/v2\/tags?post=2651"}],"curies":[{"name":"wp","href":"https:\/\/api.w.org\/{rel}","templated":true}]}}