{"id":2622,"date":"2022-01-09T13:16:57","date_gmt":"2022-01-09T16:16:57","guid":{"rendered":"https:\/\/1005.com.ar\/?p=2622"},"modified":"2022-01-09T13:16:58","modified_gmt":"2022-01-09T16:16:58","slug":"clinica-saladillo-paro-de-actividades-desde-el-lunes-10-a-las-0600","status":"publish","type":"post","link":"https:\/\/1005.com.ar\/index.php\/2022\/01\/09\/clinica-saladillo-paro-de-actividades-desde-el-lunes-10-a-las-0600\/","title":{"rendered":"Cl\u00ednica Saladillo | Paro de actividades desde el lunes 10, a las 06:00"},"content":{"rendered":"\n<p>Por tiempo indeterminado<\/p>\n\n\n\n<p><a href=\"https:\/\/www.lasintesis.com.ar\/nota-clinica-saladillo-%7C-paro-de-actividades-desde-el-lunes-10-a-las-0600-155233\">https:\/\/www.lasintesis.com.ar\/nota-clinica-saladillo-%7C-paro-de-actividades-desde-el-lunes-10-a-las-0600-155233<\/a><\/p>\n","protected":false},"excerpt":{"rendered":"<p>Por tiempo indeterminado https:\/\/www.lasintesis.com.ar\/nota-clinica-saladillo-%7C-paro-de-actividades-desde-el-lunes-10-a-las-0600-155233<\/p>\n","protected":false},"author":3,"featured_media":0,"comment_status":"open","ping_status":"closed","sticky":false,"template":"","format":"standard","meta":{"jetpack_post_was_ever_published":false,"_jetpack_newsletter_access":"","_jetpack_dont_email_post_to_subs":false,"_jetpack_newsletter_tier_id":0,"_jetpack_memberships_contains_paywalled_content":false,"_jetpack_memberships_contains_paid_content":false,"footnotes":"","jetpack_publicize_message":"","jetpack_publicize_feature_enabled":true,"jetpack_social_post_already_shared":true,"jetpack_social_options":{"image_generator_settings":{"template":"highway","default_image_id":0,"font":"","enabled":false},"version":2}},"categories":[1],"tags":[],"class_list":["post-2622","post","type-post","status-publish","format-standard","hentry","category-sin-categoria"],"jetpack_publicize_connections":[],"jetpack_featured_media_url":"","jetpack-related-posts":[{"id":3239,"url":"https:\/\/1005.com.ar\/index.php\/2022\/07\/28\/atencion-afiliados-as-de-pami-saladillo-%ef%bf%bc\/","url_meta":{"origin":2622,"position":0},"title":"Atenci\u00f3n Afiliados\/as de PAMI Saladillo \ufffc","author":"Julieta Di Rocco","date":"julio 28, 2022","format":false,"excerpt":"En Agosto comienzan nuevos talleres gratuitos en los centros de jubilados. Anotate ,participa ,apaga la tele y anda al centro m\u00e1s cercano que ya comienzan las actividades. Gimnasia, Pintura ,Telar, Tecnolog\u00eda, Pilates, Memoria, Folclore ,etc. En todos los centros de Saladillo, Polvaredas,y Del Carril . Pami Saladillo UglXXX Azul","rel":"","context":"En \u00abSin categor\u00eda\u00bb","block_context":{"text":"Sin categor\u00eda","link":"https:\/\/1005.com.ar\/index.php\/category\/sin-categoria\/"},"img":{"alt_text":"","src":"https:\/\/i0.wp.com\/1005.com.ar\/wp-content\/uploads\/2022\/07\/295218073_10224239908999489_6002419797895033424_n.jpg?resize=350%2C200&ssl=1","width":350,"height":200,"srcset":"https:\/\/i0.wp.com\/1005.com.ar\/wp-content\/uploads\/2022\/07\/295218073_10224239908999489_6002419797895033424_n.jpg?resize=350%2C200&ssl=1 1x, https:\/\/i0.wp.com\/1005.com.ar\/wp-content\/uploads\/2022\/07\/295218073_10224239908999489_6002419797895033424_n.jpg?resize=525%2C300&ssl=1 1.5x, https:\/\/i0.wp.com\/1005.com.ar\/wp-content\/uploads\/2022\/07\/295218073_10224239908999489_6002419797895033424_n.jpg?resize=700%2C400&ssl=1 2x, https:\/\/i0.wp.com\/1005.com.ar\/wp-content\/uploads\/2022\/07\/295218073_10224239908999489_6002419797895033424_n.jpg?resize=1050%2C600&ssl=1 3x"},"classes":[]},{"id":1105,"url":"https:\/\/1005.com.ar\/index.php\/2021\/01\/18\/informe-epidemiologico-saladillo-lunes-18-de-enero\/","url_meta":{"origin":2622,"position":1},"title":"INFORME EPIDEMIOL\u00d3GICO saladillo\/ LUNES 18 DE ENERO","author":"Radio Music","date":"enero 18, 2021","format":false,"excerpt":"INFORME EPIDEMIOL\u00d3GICO SALADILLO\/ LUNES 18 DE ENERO","rel":"","context":"En \u00abSin categor\u00eda\u00bb","block_context":{"text":"Sin categor\u00eda","link":"https:\/\/1005.com.ar\/index.php\/category\/sin-categoria\/"},"img":{"alt_text":"","src":"https:\/\/i0.wp.com\/1005.com.ar\/wp-content\/uploads\/2021\/01\/140716788_3622588511128510_8237576811369403447_o.jpg?resize=350%2C200&ssl=1","width":350,"height":200,"srcset":"https:\/\/i0.wp.com\/1005.com.ar\/wp-content\/uploads\/2021\/01\/140716788_3622588511128510_8237576811369403447_o.jpg?resize=350%2C200&ssl=1 1x, https:\/\/i0.wp.com\/1005.com.ar\/wp-content\/uploads\/2021\/01\/140716788_3622588511128510_8237576811369403447_o.jpg?resize=525%2C300&ssl=1 1.5x, https:\/\/i0.wp.com\/1005.com.ar\/wp-content\/uploads\/2021\/01\/140716788_3622588511128510_8237576811369403447_o.jpg?resize=700%2C400&ssl=1 2x, https:\/\/i0.wp.com\/1005.com.ar\/wp-content\/uploads\/2021\/01\/140716788_3622588511128510_8237576811369403447_o.jpg?resize=1050%2C600&ssl=1 3x"},"classes":[]},{"id":3312,"url":"https:\/\/1005.com.ar\/index.php\/2022\/08\/11\/atencion-afiliados-as-de-pami-saladillo-o-familiares-de\/","url_meta":{"origin":2622,"position":2},"title":"Atenci\u00f3n afiliados\/as de Pami Saladillo ;o familiares de  :","author":"Julieta Di Rocco","date":"agosto 11, 2022","format":false,"excerpt":"Jimena ManganelliAnibal MorenoGiannone RobertoRodriguez SusanaBordenave AmaliaValerga EsterKlein FloraCuevas GladysLucila NitscheSantaniello Mirta M.Ledesma Maria E.Sarmiento NelidaGraciela CampomenosiMoreschi MabelGaravaglia Liliana Est\u00e1n disponibles los reintegros de estudios y\/o consultas que han realizado en la agencia , los mismo los podr\u00e1n retirar de lunes a viernes de 7 a 14 por Moreno 2971- Muchas\u2026","rel":"","context":"En \u00abSin categor\u00eda\u00bb","block_context":{"text":"Sin categor\u00eda","link":"https:\/\/1005.com.ar\/index.php\/category\/sin-categoria\/"},"img":{"alt_text":"","src":"https:\/\/i0.wp.com\/1005.com.ar\/wp-content\/uploads\/2022\/08\/278179659_10224269061686986_6389044765807817932_n.jpg?resize=350%2C200&ssl=1","width":350,"height":200,"srcset":"https:\/\/i0.wp.com\/1005.com.ar\/wp-content\/uploads\/2022\/08\/278179659_10224269061686986_6389044765807817932_n.jpg?resize=350%2C200&ssl=1 1x, https:\/\/i0.wp.com\/1005.com.ar\/wp-content\/uploads\/2022\/08\/278179659_10224269061686986_6389044765807817932_n.jpg?resize=525%2C300&ssl=1 1.5x, https:\/\/i0.wp.com\/1005.com.ar\/wp-content\/uploads\/2022\/08\/278179659_10224269061686986_6389044765807817932_n.jpg?resize=700%2C400&ssl=1 2x, https:\/\/i0.wp.com\/1005.com.ar\/wp-content\/uploads\/2022\/08\/278179659_10224269061686986_6389044765807817932_n.jpg?resize=1050%2C600&ssl=1 3x, https:\/\/i0.wp.com\/1005.com.ar\/wp-content\/uploads\/2022\/08\/278179659_10224269061686986_6389044765807817932_n.jpg?resize=1400%2C800&ssl=1 4x"},"classes":[]},{"id":3390,"url":"https:\/\/1005.com.ar\/index.php\/2022\/08\/29\/el-programa-acercar-estara-en-saladillo\/","url_meta":{"origin":2622,"position":3},"title":"EL PROGRAMA \u00abACERCAR\u00bb ESTAR\u00c1 EN SALADILLO","author":"Julieta Di Rocco","date":"agosto 29, 2022","format":false,"excerpt":"Esta semana, durante los d\u00edas mi\u00e9rcoles, jueves y viernes desde las 9 de la ma\u00f1ana hasta las 2 de la tarde se estar\u00e1 desarrollando en Saladillo el programa \"ACERCAR\", gestionado a trav\u00e9s de la Subsecretar\u00eda de Asuntos Municipales del Ministerio de Gobierno de la Provincia de Buenos Aires. El operativo\u2026","rel":"","context":"En \u00abSin categor\u00eda\u00bb","block_context":{"text":"Sin categor\u00eda","link":"https:\/\/1005.com.ar\/index.php\/category\/sin-categoria\/"},"img":{"alt_text":"","src":"https:\/\/i0.wp.com\/1005.com.ar\/wp-content\/uploads\/2022\/08\/ead98295-675d-4e80-a785-bab0a9490c38.jpg?resize=350%2C200&ssl=1","width":350,"height":200,"srcset":"https:\/\/i0.wp.com\/1005.com.ar\/wp-content\/uploads\/2022\/08\/ead98295-675d-4e80-a785-bab0a9490c38.jpg?resize=350%2C200&ssl=1 1x, https:\/\/i0.wp.com\/1005.com.ar\/wp-content\/uploads\/2022\/08\/ead98295-675d-4e80-a785-bab0a9490c38.jpg?resize=525%2C300&ssl=1 1.5x, https:\/\/i0.wp.com\/1005.com.ar\/wp-content\/uploads\/2022\/08\/ead98295-675d-4e80-a785-bab0a9490c38.jpg?resize=700%2C400&ssl=1 2x"},"classes":[]},{"id":2554,"url":"https:\/\/1005.com.ar\/index.php\/2021\/12\/25\/medicos-y-medicas-del-hospital-posadas-un-llamado-a-vacunarse\/","url_meta":{"origin":2622,"position":4},"title":"M\u00e9dicos y m\u00e9dicas del Hospital Posadas | Un llamado a vacunarse","author":"Radio Music","date":"diciembre 25, 2021","format":false,"excerpt":"En conferencia El cuerpo profesional del sector de Cl\u00ednica M\u00e9dica del Hospital Posadas de Saladillo realiz\u00f3 una conferencia de prensa en la que realizaron un nuevo pedido a la comunidad para que se vacunen contra el Covid-19, ya que est\u00e1n viendo un aumento en los contagios pero tambi\u00e9n, y lo\u2026","rel":"","context":"En \u00abSin categor\u00eda\u00bb","block_context":{"text":"Sin categor\u00eda","link":"https:\/\/1005.com.ar\/index.php\/category\/sin-categoria\/"},"img":{"alt_text":"","src":"https:\/\/i0.wp.com\/1005.com.ar\/wp-content\/uploads\/2021\/12\/1640434693.jpeg?resize=350%2C200&ssl=1","width":350,"height":200,"srcset":"https:\/\/i0.wp.com\/1005.com.ar\/wp-content\/uploads\/2021\/12\/1640434693.jpeg?resize=350%2C200&ssl=1 1x, https:\/\/i0.wp.com\/1005.com.ar\/wp-content\/uploads\/2021\/12\/1640434693.jpeg?resize=525%2C300&ssl=1 1.5x, https:\/\/i0.wp.com\/1005.com.ar\/wp-content\/uploads\/2021\/12\/1640434693.jpeg?resize=700%2C400&ssl=1 2x"},"classes":[]},{"id":3188,"url":"https:\/\/1005.com.ar\/index.php\/2022\/07\/23\/atencion-afiliadas-os-de-pami\/","url_meta":{"origin":2622,"position":5},"title":"Atenci\u00f3n Afiliadas\/os de PAMI !!!","author":"Julieta Di Rocco","date":"julio 23, 2022","format":false,"excerpt":"Esta semana concurrir a Agencia PAMI Saladillo de lunes a viernes en el horario de \u00a07.00 a 14.00 hs, para informarse acerca de un beneficio que tienen los afiliados. -Campomenosi, Graciela R -Segura, Elsa -Mazzola, Maria Juana -Salinarde, Maria Ang\u00e9lica -Valerga, Ester Selva -Rodriguez, Susana E -Giannone, Roberto R -Bordenave,\u2026","rel":"","context":"En \u00abSin categor\u00eda\u00bb","block_context":{"text":"Sin categor\u00eda","link":"https:\/\/1005.com.ar\/index.php\/category\/sin-categoria\/"},"img":{"alt_text":"","src":"https:\/\/i0.wp.com\/1005.com.ar\/wp-content\/uploads\/2022\/07\/278179659_10224269061686986_6389044765807817932_n.jpg?resize=350%2C200&ssl=1","width":350,"height":200,"srcset":"https:\/\/i0.wp.com\/1005.com.ar\/wp-content\/uploads\/2022\/07\/278179659_10224269061686986_6389044765807817932_n.jpg?resize=350%2C200&ssl=1 1x, https:\/\/i0.wp.com\/1005.com.ar\/wp-content\/uploads\/2022\/07\/278179659_10224269061686986_6389044765807817932_n.jpg?resize=525%2C300&ssl=1 1.5x, https:\/\/i0.wp.com\/1005.com.ar\/wp-content\/uploads\/2022\/07\/278179659_10224269061686986_6389044765807817932_n.jpg?resize=700%2C400&ssl=1 2x, https:\/\/i0.wp.com\/1005.com.ar\/wp-content\/uploads\/2022\/07\/278179659_10224269061686986_6389044765807817932_n.jpg?resize=1050%2C600&ssl=1 3x, https:\/\/i0.wp.com\/1005.com.ar\/wp-content\/uploads\/2022\/07\/278179659_10224269061686986_6389044765807817932_n.jpg?resize=1400%2C800&ssl=1 4x"},"classes":[]}],"jetpack_likes_enabled":true,"jetpack_sharing_enabled":true,"_links":{"self":[{"href":"https:\/\/1005.com.ar\/index.php\/wp-json\/wp\/v2\/posts\/2622","targetHints":{"allow":["GET"]}}],"collection":[{"href":"https:\/\/1005.com.ar\/index.php\/wp-json\/wp\/v2\/posts"}],"about":[{"href":"https:\/\/1005.com.ar\/index.php\/wp-json\/wp\/v2\/types\/post"}],"author":[{"embeddable":true,"href":"https:\/\/1005.com.ar\/index.php\/wp-json\/wp\/v2\/users\/3"}],"replies":[{"embeddable":true,"href":"https:\/\/1005.com.ar\/index.php\/wp-json\/wp\/v2\/comments?post=2622"}],"version-history":[{"count":0,"href":"https:\/\/1005.com.ar\/index.php\/wp-json\/wp\/v2\/posts\/2622\/revisions"}],"wp:attachment":[{"href":"https:\/\/1005.com.ar\/index.php\/wp-json\/wp\/v2\/media?parent=2622"}],"wp:term":[{"taxonomy":"category","embeddable":true,"href":"https:\/\/1005.com.ar\/index.php\/wp-json\/wp\/v2\/categories?post=2622"},{"taxonomy":"post_tag","embeddable":true,"href":"https:\/\/1005.com.ar\/index.php\/wp-json\/wp\/v2\/tags?post=2622"}],"curies":[{"name":"wp","href":"https:\/\/api.w.org\/{rel}","templated":true}]}}