{"id":2582,"date":"2022-01-01T12:41:07","date_gmt":"2022-01-01T15:41:07","guid":{"rendered":"https:\/\/1005.com.ar\/?p=2582"},"modified":"2022-01-01T12:41:08","modified_gmt":"2022-01-01T15:41:08","slug":"una-guia-con-recomendaciones-frente-a-la-suba-de-casos","status":"publish","type":"post","link":"https:\/\/1005.com.ar\/index.php\/2022\/01\/01\/una-guia-con-recomendaciones-frente-a-la-suba-de-casos\/","title":{"rendered":"Una gu\u00eda con recomendaciones frente a la suba de casos"},"content":{"rendered":"\n<h1 class=\"wp-block-heading\">Qu\u00e9 hacer en caso de contagio de covid-19 o de contacto estrecho: las nuevas indicaciones del Ministerio de Salud<\/h1>\n\n\n\n<h3 class=\"wp-block-heading\">El Ministerio de Salud brind\u00f3 nuevas indicaciones y record\u00f3 cu\u00e1les son los s\u00edntomas, como as\u00ed tambi\u00e9n cu\u00e1les son los riesgos de contagio y el modo de prevenirlo. Tambi\u00e9n dio una serie de pautas sobre el aislamiento indicado en cada situaci\u00f3n y precis\u00f3 los pasos a seguir ante un positivo de coronavirus.<\/h3>\n\n\n\n<p><a href=\"https:\/\/www.pagina12.com.ar\/392778-que-hacer-en-caso-de-contagio-de-covid-19-o-de-contacto-estr\">https:\/\/www.pagina12.com.ar\/392778-que-hacer-en-caso-de-contagio-de-covid-19-o-de-contacto-estr<\/a><\/p>\n","protected":false},"excerpt":{"rendered":"<p>Qu\u00e9 hacer en caso de contagio de covid-19 o de contacto estrecho: las nuevas indicaciones del Ministerio de Salud El<\/p>\n","protected":false},"author":3,"featured_media":2583,"comment_status":"open","ping_status":"closed","sticky":false,"template":"","format":"standard","meta":{"jetpack_post_was_ever_published":false,"_jetpack_newsletter_access":"","_jetpack_dont_email_post_to_subs":false,"_jetpack_newsletter_tier_id":0,"_jetpack_memberships_contains_paywalled_content":false,"_jetpack_memberships_contains_paid_content":false,"footnotes":"","jetpack_publicize_message":"","jetpack_publicize_feature_enabled":true,"jetpack_social_post_already_shared":true,"jetpack_social_options":{"image_generator_settings":{"template":"highway","default_image_id":0,"font":"","enabled":false},"version":2}},"categories":[1],"tags":[],"class_list":["post-2582","post","type-post","status-publish","format-standard","has-post-thumbnail","hentry","category-sin-categoria"],"jetpack_publicize_connections":[],"jetpack_featured_media_url":"https:\/\/1005.com.ar\/wp-content\/uploads\/2022\/01\/301479-whatsapp-20image-202021-12-31-20at-202-00-33-20pm.jpeg","jetpack-related-posts":[{"id":1393,"url":"https:\/\/1005.com.ar\/index.php\/2021\/01\/30\/suero-equino-y-plasma-de-pacientes-los-detalles-para-su-uso\/","url_meta":{"origin":2582,"position":0},"title":"Suero equino y plasma de pacientes: los detalles para su uso","author":"Radio Music","date":"enero 30, 2021","format":false,"excerpt":"Consenso entre el Ministerio de Salud y las entidades m\u00e9dicas y cient\u00edficas","rel":"","context":"En \u00abSin categor\u00eda\u00bb","block_context":{"text":"Sin categor\u00eda","link":"https:\/\/1005.com.ar\/index.php\/category\/sin-categoria\/"},"img":{"alt_text":"","src":"","width":0,"height":0},"classes":[]},{"id":2570,"url":"https:\/\/1005.com.ar\/index.php\/2021\/12\/29\/los-ministros-de-salud-del-pais-analizan-nuevas-medidas-para-contener-la-fuerte-suba-de-contagios\/","url_meta":{"origin":2582,"position":1},"title":"Los ministros de salud del pa\u00eds analizan nuevas medidas para contener la fuerte suba de contagios","author":"Radio Music","date":"diciembre 29, 2021","format":false,"excerpt":"Ser\u00e1 en la reuni\u00f3n que se lleva a cabo esta ma\u00f1ana; las novedades ser\u00e1n anunciadas en una conferencia En los \u00faltimos d\u00edas, la demanda de testeos para Covid-19 aument\u00f3 exponencialmente, y en Mar del Plata tambi\u00e9n hubo largas filas https:\/\/www.lanacion.com.ar\/sociedad\/analizan-nuevas-medidas-para-contener-la-suba-de-contagios-de-coronavirus-nid28122021\/","rel":"","context":"En \u00abSin categor\u00eda\u00bb","block_context":{"text":"Sin categor\u00eda","link":"https:\/\/1005.com.ar\/index.php\/category\/sin-categoria\/"},"img":{"alt_text":"","src":"https:\/\/i0.wp.com\/1005.com.ar\/wp-content\/uploads\/2021\/12\/LAOTZ6CEZFG23I2NSYV3UZ6UB4.jpg?resize=350%2C200&ssl=1","width":350,"height":200,"srcset":"https:\/\/i0.wp.com\/1005.com.ar\/wp-content\/uploads\/2021\/12\/LAOTZ6CEZFG23I2NSYV3UZ6UB4.jpg?resize=350%2C200&ssl=1 1x, https:\/\/i0.wp.com\/1005.com.ar\/wp-content\/uploads\/2021\/12\/LAOTZ6CEZFG23I2NSYV3UZ6UB4.jpg?resize=525%2C300&ssl=1 1.5x, https:\/\/i0.wp.com\/1005.com.ar\/wp-content\/uploads\/2021\/12\/LAOTZ6CEZFG23I2NSYV3UZ6UB4.jpg?resize=700%2C400&ssl=1 2x"},"classes":[]},{"id":2104,"url":"https:\/\/1005.com.ar\/index.php\/2021\/06\/20\/coronavirus-en-argentina-identificaron-la-variante-delta-en-una-persona-que-llego-desde-estados-unidos\/","url_meta":{"origin":2582,"position":2},"title":"Coronavirus en Argentina: identificaron la variante Delta en una persona que lleg\u00f3 desde Estados Unidos","author":"Radio Music","date":"junio 20, 2021","format":false,"excerpt":"La\u00a0variante Delta\u00a0-identificada originariamente en la India- volvi\u00f3 a ser detectada en Argentina tras la llegada de un hombre que arrib\u00f3 desde Estados Unidos, seg\u00fan inform\u00f3 este domingo Ministerio de Salud de la Naci\u00f3n. Esta mutaci\u00f3n\u00a0es una de las variantes de preocupaci\u00f3n que se encuentran bajo vigilancia por las autoridades sanitarias\u2026","rel":"","context":"En \u00abSin categor\u00eda\u00bb","block_context":{"text":"Sin categor\u00eda","link":"https:\/\/1005.com.ar\/index.php\/category\/sin-categoria\/"},"img":{"alt_text":"","src":"","width":0,"height":0},"classes":[]},{"id":1459,"url":"https:\/\/1005.com.ar\/index.php\/2021\/02\/03\/coronavirus-astrazeneca-y-oxford-produciran-una-vacuna-contra-las-nuevas-variantes\/","url_meta":{"origin":2582,"position":3},"title":"Coronavirus: AstraZeneca y Oxford producir\u00e1n una vacuna contra las nuevas variantes","author":"Radio Music","date":"febrero 3, 2021","format":false,"excerpt":"Desde el laboratorio indicaron que hacer ajustes en las vacunas \"es un proceso r\u00e1pido en comparaci\u00f3n con el desarrollo inicial\".","rel":"","context":"En \u00abSin categor\u00eda\u00bb","block_context":{"text":"Sin categor\u00eda","link":"https:\/\/1005.com.ar\/index.php\/category\/sin-categoria\/"},"img":{"alt_text":"","src":"","width":0,"height":0},"classes":[]},{"id":1731,"url":"https:\/\/1005.com.ar\/index.php\/2021\/03\/03\/diez-cosas-que-sabemos-del-covid-19-a-un-ano-de-su-llegada-a-la-argentina\/","url_meta":{"origin":2582,"position":4},"title":"Diez cosas que sabemos del COVID-19 a un a\u00f1o de su llegada a la Argentina","author":"Radio Music","date":"marzo 3, 2021","format":false,"excerpt":"En tiempo r\u00e9cord para la ciencia, contamos con informaci\u00f3n clave: su posible origen, la forma en la que se transmite y c\u00f3mo podemos minimizar el riesgo de exponerse al contagio. Adem\u00e1s, la importancia de ya estar vacunando El anuncio del primer caso confirmado por COVID-19 en la Argentina hace exactamente\u2026","rel":"","context":"En \u00abSin categor\u00eda\u00bb","block_context":{"text":"Sin categor\u00eda","link":"https:\/\/1005.com.ar\/index.php\/category\/sin-categoria\/"},"img":{"alt_text":"","src":"https:\/\/i0.wp.com\/1005.com.ar\/wp-content\/uploads\/2021\/03\/BGMXXPY7ANF2HHLCFDXVKE5TBY.jpg?resize=350%2C200&ssl=1","width":350,"height":200,"srcset":"https:\/\/i0.wp.com\/1005.com.ar\/wp-content\/uploads\/2021\/03\/BGMXXPY7ANF2HHLCFDXVKE5TBY.jpg?resize=350%2C200&ssl=1 1x, https:\/\/i0.wp.com\/1005.com.ar\/wp-content\/uploads\/2021\/03\/BGMXXPY7ANF2HHLCFDXVKE5TBY.jpg?resize=525%2C300&ssl=1 1.5x, https:\/\/i0.wp.com\/1005.com.ar\/wp-content\/uploads\/2021\/03\/BGMXXPY7ANF2HHLCFDXVKE5TBY.jpg?resize=700%2C400&ssl=1 2x"},"classes":[]},{"id":1916,"url":"https:\/\/1005.com.ar\/index.php\/2021\/04\/09\/alberto-fernandez-las-visitas-de-jueces-a-olivos-son-de-una-gravedad-inusual\/","url_meta":{"origin":2582,"position":5},"title":"Alberto Fern\u00e1ndez: \u00abLas visitas de jueces a Olivos son de una gravedad inusual\u00bb","author":"Radio Music","date":"abril 9, 2021","format":false,"excerpt":"El presidente\u00a0Alberto Fern\u00e1ndez afirm\u00f3 que \"las visitas de los jueces a Olivos\" durante el gobierno de Mauricio Macri son de una \"gravedad inusual\" y advirti\u00f3 que en la Argentina se est\u00e1 viviendo \"un proceso parecido al de Lula da Silva y los Telegram entre Moro y la fiscal\u00eda\".\u00a0\u201cCristina no me\u2026","rel":"","context":"En \u00abSin categor\u00eda\u00bb","block_context":{"text":"Sin categor\u00eda","link":"https:\/\/1005.com.ar\/index.php\/category\/sin-categoria\/"},"img":{"alt_text":"","src":"","width":0,"height":0},"classes":[]}],"jetpack_likes_enabled":true,"jetpack_sharing_enabled":true,"_links":{"self":[{"href":"https:\/\/1005.com.ar\/index.php\/wp-json\/wp\/v2\/posts\/2582","targetHints":{"allow":["GET"]}}],"collection":[{"href":"https:\/\/1005.com.ar\/index.php\/wp-json\/wp\/v2\/posts"}],"about":[{"href":"https:\/\/1005.com.ar\/index.php\/wp-json\/wp\/v2\/types\/post"}],"author":[{"embeddable":true,"href":"https:\/\/1005.com.ar\/index.php\/wp-json\/wp\/v2\/users\/3"}],"replies":[{"embeddable":true,"href":"https:\/\/1005.com.ar\/index.php\/wp-json\/wp\/v2\/comments?post=2582"}],"version-history":[{"count":0,"href":"https:\/\/1005.com.ar\/index.php\/wp-json\/wp\/v2\/posts\/2582\/revisions"}],"wp:featuredmedia":[{"embeddable":true,"href":"https:\/\/1005.com.ar\/index.php\/wp-json\/wp\/v2\/media\/2583"}],"wp:attachment":[{"href":"https:\/\/1005.com.ar\/index.php\/wp-json\/wp\/v2\/media?parent=2582"}],"wp:term":[{"taxonomy":"category","embeddable":true,"href":"https:\/\/1005.com.ar\/index.php\/wp-json\/wp\/v2\/categories?post=2582"},{"taxonomy":"post_tag","embeddable":true,"href":"https:\/\/1005.com.ar\/index.php\/wp-json\/wp\/v2\/tags?post=2582"}],"curies":[{"name":"wp","href":"https:\/\/api.w.org\/{rel}","templated":true}]}}