{"id":2539,"date":"2021-12-25T12:02:48","date_gmt":"2021-12-25T15:02:48","guid":{"rendered":"https:\/\/1005.com.ar\/?p=2539"},"modified":"2021-12-25T12:02:49","modified_gmt":"2021-12-25T15:02:49","slug":"encabezo-el-oficio-en-la-basilica-de-san-pedro","status":"publish","type":"post","link":"https:\/\/1005.com.ar\/index.php\/2021\/12\/25\/encabezo-el-oficio-en-la-basilica-de-san-pedro\/","title":{"rendered":"Encabez\u00f3 el oficio en la Bas\u00edlica de San Pedro"},"content":{"rendered":"\n<h1 class=\"wp-block-heading\">En la Misa de Navidad el Papa pidi\u00f3 por la paz y la concordia en el mundo<\/h1>\n\n\n\n<p>El papa Francisco dese\u00f3 este 25 de diciembre en la tradicional Misa de Navidad \u00abpaz y concordia\u00bb para el mundo y reclam\u00f3 que haya \u00abdi\u00e1logo\u00bb para resolver los \u00abmuchos conflictos, crisis y contradicciones\u00bb abiertos a nivel global. En su mensaje navide\u00f1o tambi\u00e9n pidi\u00f3 \u00absolidaridad, reconciliaci\u00f3n y pac\u00edfica convivencia\u00bb en toda Am\u00e9rica. \u00abNi\u00f1o Jes\u00fas, concede paz y concordia a Oriente Medio y al mundo entero\u00bb, dijo desde la Bas\u00edlica de San Pedro al dar la bendici\u00f3n Urbi et Orbi (A Roma y al mundo).<\/p>\n\n\n\n<p><a href=\"https:\/\/www.pagina12.com.ar\/391573-en-la-misa-de-navidad-el-papa-pidio-por-la-paz-y-la-concordi\">https:\/\/www.pagina12.com.ar\/391573-en-la-misa-de-navidad-el-papa-pidio-por-la-paz-y-la-concordi<\/a><\/p>\n","protected":false},"excerpt":{"rendered":"<p>En la Misa de Navidad el Papa pidi\u00f3 por la paz y la concordia en el mundo El papa Francisco<\/p>\n","protected":false},"author":3,"featured_media":2540,"comment_status":"open","ping_status":"closed","sticky":false,"template":"","format":"standard","meta":{"jetpack_post_was_ever_published":false,"_jetpack_newsletter_access":"","_jetpack_dont_email_post_to_subs":false,"_jetpack_newsletter_tier_id":0,"_jetpack_memberships_contains_paywalled_content":false,"_jetpack_memberships_contains_paid_content":false,"footnotes":"","jetpack_publicize_message":"","jetpack_publicize_feature_enabled":true,"jetpack_social_post_already_shared":true,"jetpack_social_options":{"image_generator_settings":{"template":"highway","default_image_id":0,"font":"","enabled":false},"version":2}},"categories":[1],"tags":[],"class_list":["post-2539","post","type-post","status-publish","format-standard","has-post-thumbnail","hentry","category-sin-categoria"],"jetpack_publicize_connections":[],"jetpack_featured_media_url":"https:\/\/1005.com.ar\/wp-content\/uploads\/2021\/12\/300114-000-9v88n8.jpg","jetpack-related-posts":[{"id":5869,"url":"https:\/\/1005.com.ar\/index.php\/2025\/03\/30\/a-una-semana-de-recibir-el-alta-el-papa-francisco-pidio-vivir-la-cuaresma-como-un-tiempo-de-curacion\/","url_meta":{"origin":2539,"position":0},"title":"A una semana de recibir el alta, el papa Francisco pidi\u00f3 vivir la cuaresma como \u201cun tiempo de curaci\u00f3n\u201d","author":"Julieta Di Rocco","date":"marzo 30, 2025","format":false,"excerpt":"https:\/\/www.clarin.com\/mundo\/semana-recibir-alta-papa-francisco-pidio-vivir-cuaresma-tiempo-curacion_0_cFClxVotPj.html","rel":"","context":"En \u00abSin categor\u00eda\u00bb","block_context":{"text":"Sin categor\u00eda","link":"https:\/\/1005.com.ar\/index.php\/category\/sin-categoria\/"},"img":{"alt_text":"","src":"https:\/\/i0.wp.com\/1005.com.ar\/wp-content\/uploads\/2025\/03\/VO2mdUcud_1256x620__1.jpg?resize=350%2C200&ssl=1","width":350,"height":200,"srcset":"https:\/\/i0.wp.com\/1005.com.ar\/wp-content\/uploads\/2025\/03\/VO2mdUcud_1256x620__1.jpg?resize=350%2C200&ssl=1 1x, https:\/\/i0.wp.com\/1005.com.ar\/wp-content\/uploads\/2025\/03\/VO2mdUcud_1256x620__1.jpg?resize=525%2C300&ssl=1 1.5x, https:\/\/i0.wp.com\/1005.com.ar\/wp-content\/uploads\/2025\/03\/VO2mdUcud_1256x620__1.jpg?resize=700%2C400&ssl=1 2x, https:\/\/i0.wp.com\/1005.com.ar\/wp-content\/uploads\/2025\/03\/VO2mdUcud_1256x620__1.jpg?resize=1050%2C600&ssl=1 3x"},"classes":[]},{"id":6035,"url":"https:\/\/1005.com.ar\/index.php\/2025\/05\/16\/leon-xiv-pidio-a-los-diplomaticos-paz-justicia-y-verdad\/","url_meta":{"origin":2539,"position":1},"title":"Le\u00f3n XIV pidi\u00f3 a los diplom\u00e1ticos paz, justicia y verdad\u00a0","author":"Julieta Di Rocco","date":"mayo 16, 2025","format":false,"excerpt":"Primer encuentro con embajadores del nuevo pont\u00edfice de la Iglesia Cat\u00f3lica\u00a0 https:\/\/www.pagina12.com.ar\/826190-leon-xiv-pidio-a-los-diplomaticos-paz-justicia-y-verdad","rel":"","context":"En \u00abSin categor\u00eda\u00bb","block_context":{"text":"Sin categor\u00eda","link":"https:\/\/1005.com.ar\/index.php\/category\/sin-categoria\/"},"img":{"alt_text":"","src":"https:\/\/i0.wp.com\/1005.com.ar\/wp-content\/uploads\/2025\/05\/937767-18-a-afp.jpg?resize=350%2C200&ssl=1","width":350,"height":200,"srcset":"https:\/\/i0.wp.com\/1005.com.ar\/wp-content\/uploads\/2025\/05\/937767-18-a-afp.jpg?resize=350%2C200&ssl=1 1x, https:\/\/i0.wp.com\/1005.com.ar\/wp-content\/uploads\/2025\/05\/937767-18-a-afp.jpg?resize=525%2C300&ssl=1 1.5x, https:\/\/i0.wp.com\/1005.com.ar\/wp-content\/uploads\/2025\/05\/937767-18-a-afp.jpg?resize=700%2C400&ssl=1 2x"},"classes":[]},{"id":5956,"url":"https:\/\/1005.com.ar\/index.php\/2025\/04\/21\/la-ultima-aparicion-publica-de-francisco-y-su-mensaje-de-pascua\/","url_meta":{"origin":2539,"position":2},"title":"La \u00faltima aparici\u00f3n p\u00fablica de Francisco y su mensaje de Pascua","author":"Julieta Di Rocco","date":"abril 21, 2025","format":false,"excerpt":"https:\/\/www.pagina12.com.ar\/819478-el-papa-pidio-por-la-paz-mundial-en-su-mensaje-de-pascuas","rel":"","context":"En \u00abSin categor\u00eda\u00bb","block_context":{"text":"Sin categor\u00eda","link":"https:\/\/1005.com.ar\/index.php\/category\/sin-categoria\/"},"img":{"alt_text":"","src":"https:\/\/i0.wp.com\/1005.com.ar\/wp-content\/uploads\/2025\/04\/930461-papa-20hoy.jpg?resize=350%2C200&ssl=1","width":350,"height":200,"srcset":"https:\/\/i0.wp.com\/1005.com.ar\/wp-content\/uploads\/2025\/04\/930461-papa-20hoy.jpg?resize=350%2C200&ssl=1 1x, https:\/\/i0.wp.com\/1005.com.ar\/wp-content\/uploads\/2025\/04\/930461-papa-20hoy.jpg?resize=525%2C300&ssl=1 1.5x, https:\/\/i0.wp.com\/1005.com.ar\/wp-content\/uploads\/2025\/04\/930461-papa-20hoy.jpg?resize=700%2C400&ssl=1 2x"},"classes":[]},{"id":6467,"url":"https:\/\/1005.com.ar\/index.php\/2025\/10\/10\/maria-corina-machado-gano-el-premio-nobel-de-la-paz-2025\/","url_meta":{"origin":2539,"position":3},"title":"Mar\u00eda Corina Machado gan\u00f3 el premio Nobel de la Paz 2025","author":"Julieta Di Rocco","date":"octubre 10, 2025","format":false,"excerpt":"https:\/\/www.infobae.com\/america\/mundo\/2025\/10\/10\/en-vivo-anuncian-el-premio-nobel-de-la-paz-2025","rel":"","context":"En \u00abSin categor\u00eda\u00bb","block_context":{"text":"Sin categor\u00eda","link":"https:\/\/1005.com.ar\/index.php\/category\/sin-categoria\/"},"img":{"alt_text":"","src":"","width":0,"height":0},"classes":[]},{"id":6845,"url":"https:\/\/1005.com.ar\/index.php\/2026\/04\/20\/el-legado-del-papa-que-llego-del-fin-del-mundo-para-abrazar-al-mundo-entero\/","url_meta":{"origin":2539,"position":4},"title":"El legado del Papa que lleg\u00f3 del fin del mundo para abrazar al mundo entero","author":"Julieta Di Rocco","date":"abril 20, 2026","format":false,"excerpt":"https:\/\/www.pagina12.com.ar\/2026\/04\/20\/el-legado-del-papa-que-llego-del-fin-del-mundo-para-abrazar-al-mundo-entero","rel":"","context":"En \u00abSin categor\u00eda\u00bb","block_context":{"text":"Sin categor\u00eda","link":"https:\/\/1005.com.ar\/index.php\/category\/sin-categoria\/"},"img":{"alt_text":"","src":"https:\/\/1005.com.ar\/wp-content\/uploads\/2026\/04\/GUYDKNBRGM4DMOJXHE4DQNRZMU.avif","width":350,"height":200,"srcset":"https:\/\/1005.com.ar\/wp-content\/uploads\/2026\/04\/GUYDKNBRGM4DMOJXHE4DQNRZMU.avif 1x, https:\/\/1005.com.ar\/wp-content\/uploads\/2026\/04\/GUYDKNBRGM4DMOJXHE4DQNRZMU.avif 1.5x, https:\/\/1005.com.ar\/wp-content\/uploads\/2026\/04\/GUYDKNBRGM4DMOJXHE4DQNRZMU.avif 2x"},"classes":[]},{"id":6261,"url":"https:\/\/1005.com.ar\/index.php\/2025\/08\/10\/no-mas-guerra\/","url_meta":{"origin":2539,"position":5},"title":"\u00abNo m\u00e1s guerra\u00bb","author":"Julieta Di Rocco","date":"agosto 10, 2025","format":false,"excerpt":"Fuerte llamado del papa Le\u00f3n XIV por la paz mundial\u00a0 https:\/\/www.pagina12.com.ar\/848609-no-mas-guerra","rel":"","context":"En \u00abSin categor\u00eda\u00bb","block_context":{"text":"Sin categor\u00eda","link":"https:\/\/1005.com.ar\/index.php\/category\/sin-categoria\/"},"img":{"alt_text":"","src":"https:\/\/i0.wp.com\/1005.com.ar\/wp-content\/uploads\/2025\/08\/962034-937363-papa-20afp-20prevost_0.jpg?resize=350%2C200&ssl=1","width":350,"height":200,"srcset":"https:\/\/i0.wp.com\/1005.com.ar\/wp-content\/uploads\/2025\/08\/962034-937363-papa-20afp-20prevost_0.jpg?resize=350%2C200&ssl=1 1x, https:\/\/i0.wp.com\/1005.com.ar\/wp-content\/uploads\/2025\/08\/962034-937363-papa-20afp-20prevost_0.jpg?resize=525%2C300&ssl=1 1.5x, https:\/\/i0.wp.com\/1005.com.ar\/wp-content\/uploads\/2025\/08\/962034-937363-papa-20afp-20prevost_0.jpg?resize=700%2C400&ssl=1 2x"},"classes":[]}],"jetpack_likes_enabled":true,"jetpack_sharing_enabled":true,"_links":{"self":[{"href":"https:\/\/1005.com.ar\/index.php\/wp-json\/wp\/v2\/posts\/2539","targetHints":{"allow":["GET"]}}],"collection":[{"href":"https:\/\/1005.com.ar\/index.php\/wp-json\/wp\/v2\/posts"}],"about":[{"href":"https:\/\/1005.com.ar\/index.php\/wp-json\/wp\/v2\/types\/post"}],"author":[{"embeddable":true,"href":"https:\/\/1005.com.ar\/index.php\/wp-json\/wp\/v2\/users\/3"}],"replies":[{"embeddable":true,"href":"https:\/\/1005.com.ar\/index.php\/wp-json\/wp\/v2\/comments?post=2539"}],"version-history":[{"count":0,"href":"https:\/\/1005.com.ar\/index.php\/wp-json\/wp\/v2\/posts\/2539\/revisions"}],"wp:featuredmedia":[{"embeddable":true,"href":"https:\/\/1005.com.ar\/index.php\/wp-json\/wp\/v2\/media\/2540"}],"wp:attachment":[{"href":"https:\/\/1005.com.ar\/index.php\/wp-json\/wp\/v2\/media?parent=2539"}],"wp:term":[{"taxonomy":"category","embeddable":true,"href":"https:\/\/1005.com.ar\/index.php\/wp-json\/wp\/v2\/categories?post=2539"},{"taxonomy":"post_tag","embeddable":true,"href":"https:\/\/1005.com.ar\/index.php\/wp-json\/wp\/v2\/tags?post=2539"}],"curies":[{"name":"wp","href":"https:\/\/api.w.org\/{rel}","templated":true}]}}