{"id":2518,"date":"2021-12-23T10:30:06","date_gmt":"2021-12-23T13:30:06","guid":{"rendered":"https:\/\/1005.com.ar\/?p=2518"},"modified":"2021-12-23T10:30:07","modified_gmt":"2021-12-23T13:30:07","slug":"el-fmi-presento-un-critico-informe-sobre-el-prestamo-fallido-al-gobierno-de-mauricio-macri","status":"publish","type":"post","link":"https:\/\/1005.com.ar\/index.php\/2021\/12\/23\/el-fmi-presento-un-critico-informe-sobre-el-prestamo-fallido-al-gobierno-de-mauricio-macri\/","title":{"rendered":"El FMI present\u00f3 un cr\u00edtico informe sobre el pr\u00e9stamo fallido al gobierno de Mauricio Macri"},"content":{"rendered":"\n<h2 class=\"wp-block-heading\">Las criticas propias sobre el cr\u00e9dito. Se subraya que se deber\u00eda haber implementado un control de capitales y renegociado deuda con los bonistas para que el cr\u00e9dito tuviera \u00e9xito en 2018; el Gobierno elogi\u00f3 el reporte pero admiti\u00f3 que no tiene conexi\u00f3n con la negociaci\u00f3n actual<\/h2>\n\n\n\n<p><a href=\"https:\/\/www.infobae.com\/economia\/2021\/12\/22\/el-fmi-presento-su-informe-sobre-el-prestamo-fallido-al-gobierno-de-cambiemos\/\">https:\/\/www.infobae.com\/economia\/2021\/12\/22\/el-fmi-presento-su-informe-sobre-el-prestamo-fallido-al-gobierno-de-cambiemos\/<\/a><\/p>\n","protected":false},"excerpt":{"rendered":"<p>Las criticas propias sobre el cr\u00e9dito. Se subraya que se deber\u00eda haber implementado un control de capitales y renegociado deuda<\/p>\n","protected":false},"author":3,"featured_media":2519,"comment_status":"open","ping_status":"closed","sticky":false,"template":"","format":"standard","meta":{"jetpack_post_was_ever_published":false,"_jetpack_newsletter_access":"","_jetpack_dont_email_post_to_subs":false,"_jetpack_newsletter_tier_id":0,"_jetpack_memberships_contains_paywalled_content":false,"_jetpack_memberships_contains_paid_content":false,"footnotes":"","jetpack_publicize_message":"","jetpack_publicize_feature_enabled":true,"jetpack_social_post_already_shared":true,"jetpack_social_options":{"image_generator_settings":{"template":"highway","default_image_id":0,"font":"","enabled":false},"version":2}},"categories":[1],"tags":[],"class_list":["post-2518","post","type-post","status-publish","format-standard","has-post-thumbnail","hentry","category-sin-categoria"],"jetpack_publicize_connections":[],"jetpack_featured_media_url":"https:\/\/1005.com.ar\/wp-content\/uploads\/2021\/12\/images-43.jpg","jetpack-related-posts":[{"id":1674,"url":"https:\/\/1005.com.ar\/index.php\/2021\/02\/28\/el-fmigate-y-los-dolares-vip\/","url_meta":{"origin":2518,"position":0},"title":"El FMIgate y los d\u00f3lares VIP","author":"Radio Music","date":"febrero 28, 2021","format":false,"excerpt":"La complejidad de la negociaci\u00f3n con el Fondo Monetario Internacional de un cr\u00e9dito pol\u00edtico opaco e irregular","rel":"","context":"En \u00abSin categor\u00eda\u00bb","block_context":{"text":"Sin categor\u00eda","link":"https:\/\/1005.com.ar\/index.php\/category\/sin-categoria\/"},"img":{"alt_text":"","src":"https:\/\/i0.wp.com\/1005.com.ar\/wp-content\/uploads\/2021\/02\/el-expresidente-mauricio-macri-junto-la-exdirectora-gerente-del-fmi-christine-lagarde-un-evento-organizado-el-atlantic-council-imagen-archivo.jpg?resize=350%2C200&ssl=1","width":350,"height":200,"srcset":"https:\/\/i0.wp.com\/1005.com.ar\/wp-content\/uploads\/2021\/02\/el-expresidente-mauricio-macri-junto-la-exdirectora-gerente-del-fmi-christine-lagarde-un-evento-organizado-el-atlantic-council-imagen-archivo.jpg?resize=350%2C200&ssl=1 1x, https:\/\/i0.wp.com\/1005.com.ar\/wp-content\/uploads\/2021\/02\/el-expresidente-mauricio-macri-junto-la-exdirectora-gerente-del-fmi-christine-lagarde-un-evento-organizado-el-atlantic-council-imagen-archivo.jpg?resize=525%2C300&ssl=1 1.5x, https:\/\/i0.wp.com\/1005.com.ar\/wp-content\/uploads\/2021\/02\/el-expresidente-mauricio-macri-junto-la-exdirectora-gerente-del-fmi-christine-lagarde-un-evento-organizado-el-atlantic-council-imagen-archivo.jpg?resize=700%2C400&ssl=1 2x, https:\/\/i0.wp.com\/1005.com.ar\/wp-content\/uploads\/2021\/02\/el-expresidente-mauricio-macri-junto-la-exdirectora-gerente-del-fmi-christine-lagarde-un-evento-organizado-el-atlantic-council-imagen-archivo.jpg?resize=1050%2C600&ssl=1 3x"},"classes":[]},{"id":5910,"url":"https:\/\/1005.com.ar\/index.php\/2025\/04\/04\/por-que-el-fmi-deberia-rescatar-a-un-moroso-serial-la-editorial-de-the-economist-sobre-la-argentina-de-milei\/","url_meta":{"origin":2518,"position":1},"title":"\u201cPor qu\u00e9 el FMI deber\u00eda rescatar a un moroso serial\u201d, la editorial de The Economist sobre la Argentina de Milei","author":"Julieta Di Rocco","date":"abril 4, 2025","format":false,"excerpt":"https:\/\/www.clarin.com\/economia\/fmi-deberia-rescatar-moroso-recurrente-editorial-the-economist-argentina-milei_0_ebeN9Qbfd9.html","rel":"","context":"En \u00abSin categor\u00eda\u00bb","block_context":{"text":"Sin categor\u00eda","link":"https:\/\/1005.com.ar\/index.php\/category\/sin-categoria\/"},"img":{"alt_text":"","src":"","width":0,"height":0},"classes":[]},{"id":1826,"url":"https:\/\/1005.com.ar\/index.php\/2021\/03\/13\/el-fmigate-ya-es-una-causa-judicial-por-fraude\/","url_meta":{"origin":2518,"position":2},"title":"El FMIgate ya es una causa judicial por fraude","author":"Radio Music","date":"marzo 13, 2021","format":false,"excerpt":"Como hab\u00eda instruido el presidente\u00a0Alberto Fern\u00e1ndez\u00a0en el discurso inaugural de la Asamblea Legislativa del 1\u00b0 de marzo pasado,\u00a0la Oficina Anticorrupci\u00f3n realiz\u00f3 la denuncia penal contra Mauricio Macri y su equipo econ\u00f3mico\u00a0por el denominado\u00a0FMIgate, caso que fue detallado el domingo pasado en\u00a0P\u00e1gina\/12. Fern\u00e1ndez hab\u00eda dicho, textual, lo siguiente: *\u00a0\"Pongamos fin a\u2026","rel":"","context":"En \u00abSin categor\u00eda\u00bb","block_context":{"text":"Sin categor\u00eda","link":"https:\/\/1005.com.ar\/index.php\/category\/sin-categoria\/"},"img":{"alt_text":"","src":"https:\/\/i0.wp.com\/1005.com.ar\/wp-content\/uploads\/2021\/03\/foto0_1_112286_1-1.jpg?resize=350%2C200&ssl=1","width":350,"height":200,"srcset":"https:\/\/i0.wp.com\/1005.com.ar\/wp-content\/uploads\/2021\/03\/foto0_1_112286_1-1.jpg?resize=350%2C200&ssl=1 1x, https:\/\/i0.wp.com\/1005.com.ar\/wp-content\/uploads\/2021\/03\/foto0_1_112286_1-1.jpg?resize=525%2C300&ssl=1 1.5x"},"classes":[]},{"id":2397,"url":"https:\/\/1005.com.ar\/index.php\/2021\/11\/28\/texto-completo-de-la-nueva-carta-de-cristina-kirchner-sobre-la-negociacion-con-el-fmi\/","url_meta":{"origin":2518,"position":3},"title":"Texto completo de la nueva carta de Cristina Kirchner sobre la negociaci\u00f3n con el FMI","author":"Radio Music","date":"noviembre 28, 2021","format":false,"excerpt":"\"De silencios y curiosidades. De leyes y responsabilidades\" https:\/\/www.pagina12.com.ar\/385608-texto-completo-de-la-nueva-carta-de-cristina-kirchner-sobre-","rel":"","context":"En \u00abSin categor\u00eda\u00bb","block_context":{"text":"Sin categor\u00eda","link":"https:\/\/1005.com.ar\/index.php\/category\/sin-categoria\/"},"img":{"alt_text":"","src":"https:\/\/i0.wp.com\/1005.com.ar\/wp-content\/uploads\/2021\/11\/292990-cristina_0.jpg?resize=350%2C200&ssl=1","width":350,"height":200,"srcset":"https:\/\/i0.wp.com\/1005.com.ar\/wp-content\/uploads\/2021\/11\/292990-cristina_0.jpg?resize=350%2C200&ssl=1 1x, https:\/\/i0.wp.com\/1005.com.ar\/wp-content\/uploads\/2021\/11\/292990-cristina_0.jpg?resize=525%2C300&ssl=1 1.5x, https:\/\/i0.wp.com\/1005.com.ar\/wp-content\/uploads\/2021\/11\/292990-cristina_0.jpg?resize=700%2C400&ssl=1 2x"},"classes":[]},{"id":2475,"url":"https:\/\/1005.com.ar\/index.php\/2021\/12\/12\/dialogo-sobre-el-presente-de-latinoamerica-en-un-mundo-nuevo\/","url_meta":{"origin":2518,"position":4},"title":"Di\u00e1logo sobre el presente de Latinoam\u00e9rica en un mundo nuevo","author":"Radio Music","date":"diciembre 12, 2021","format":false,"excerpt":"Pepe Mujica: \u201cEl FMI debe tomar conciencia de que meti\u00f3 la pata hasta el cuadril\" Tras participar del acto por el D\u00eda de la Democracia, el expresidente uruguayo habl\u00f3 sobre el v\u00ednculo actual de su pa\u00eds con la Argentina, y las expectativas geopol\u00edticas que abre una posible nueva presidencia de\u2026","rel":"","context":"En \u00abSin categor\u00eda\u00bb","block_context":{"text":"Sin categor\u00eda","link":"https:\/\/1005.com.ar\/index.php\/category\/sin-categoria\/"},"img":{"alt_text":"","src":"https:\/\/i0.wp.com\/1005.com.ar\/wp-content\/uploads\/2021\/12\/296793-3a-20bernardino-20avila.jpg?resize=350%2C200&ssl=1","width":350,"height":200,"srcset":"https:\/\/i0.wp.com\/1005.com.ar\/wp-content\/uploads\/2021\/12\/296793-3a-20bernardino-20avila.jpg?resize=350%2C200&ssl=1 1x, https:\/\/i0.wp.com\/1005.com.ar\/wp-content\/uploads\/2021\/12\/296793-3a-20bernardino-20avila.jpg?resize=525%2C300&ssl=1 1.5x, https:\/\/i0.wp.com\/1005.com.ar\/wp-content\/uploads\/2021\/12\/296793-3a-20bernardino-20avila.jpg?resize=700%2C400&ssl=1 2x"},"classes":[]},{"id":2446,"url":"https:\/\/1005.com.ar\/index.php\/2021\/12\/08\/deuda-con-el-fmi-alberto-fernandez-agradecio-el-apoyo-de-cristina-kirchner-y-ratifico-el-rumbo-de-las-negociaciones\/","url_meta":{"origin":2518,"position":5},"title":"Deuda con el FMI: Alberto Fern\u00e1ndez agradeci\u00f3 el apoyo de Cristina Kirchner y ratific\u00f3 el rumbo de las negociaciones","author":"Radio Music","date":"diciembre 8, 2021","format":false,"excerpt":"\"Ajustando dejamos afuera a millones de argentinos\", resalt\u00f3 El presidente\u00a0Alberto Fern\u00e1ndez se refiri\u00f3 este mi\u00e9rcoles a las negociaciones con el Fondo Monetario Internacional (FMI) al afirmar que est\u00e1 \"muy seguro\" respecto del rumbo que deben tomar, al tiempo que asegur\u00f3 tener la certeza de que\u00a0es \"el mismo que quiere\" la\u2026","rel":"","context":"En \u00abSin categor\u00eda\u00bb","block_context":{"text":"Sin categor\u00eda","link":"https:\/\/1005.com.ar\/index.php\/category\/sin-categoria\/"},"img":{"alt_text":"","src":"https:\/\/i0.wp.com\/1005.com.ar\/wp-content\/uploads\/2021\/12\/295939-alberto-20fern-c3-a1ndez-20-284-29.jpeg?resize=350%2C200&ssl=1","width":350,"height":200,"srcset":"https:\/\/i0.wp.com\/1005.com.ar\/wp-content\/uploads\/2021\/12\/295939-alberto-20fern-c3-a1ndez-20-284-29.jpeg?resize=350%2C200&ssl=1 1x, https:\/\/i0.wp.com\/1005.com.ar\/wp-content\/uploads\/2021\/12\/295939-alberto-20fern-c3-a1ndez-20-284-29.jpeg?resize=525%2C300&ssl=1 1.5x, https:\/\/i0.wp.com\/1005.com.ar\/wp-content\/uploads\/2021\/12\/295939-alberto-20fern-c3-a1ndez-20-284-29.jpeg?resize=700%2C400&ssl=1 2x"},"classes":[]}],"jetpack_likes_enabled":true,"jetpack_sharing_enabled":true,"_links":{"self":[{"href":"https:\/\/1005.com.ar\/index.php\/wp-json\/wp\/v2\/posts\/2518","targetHints":{"allow":["GET"]}}],"collection":[{"href":"https:\/\/1005.com.ar\/index.php\/wp-json\/wp\/v2\/posts"}],"about":[{"href":"https:\/\/1005.com.ar\/index.php\/wp-json\/wp\/v2\/types\/post"}],"author":[{"embeddable":true,"href":"https:\/\/1005.com.ar\/index.php\/wp-json\/wp\/v2\/users\/3"}],"replies":[{"embeddable":true,"href":"https:\/\/1005.com.ar\/index.php\/wp-json\/wp\/v2\/comments?post=2518"}],"version-history":[{"count":0,"href":"https:\/\/1005.com.ar\/index.php\/wp-json\/wp\/v2\/posts\/2518\/revisions"}],"wp:featuredmedia":[{"embeddable":true,"href":"https:\/\/1005.com.ar\/index.php\/wp-json\/wp\/v2\/media\/2519"}],"wp:attachment":[{"href":"https:\/\/1005.com.ar\/index.php\/wp-json\/wp\/v2\/media?parent=2518"}],"wp:term":[{"taxonomy":"category","embeddable":true,"href":"https:\/\/1005.com.ar\/index.php\/wp-json\/wp\/v2\/categories?post=2518"},{"taxonomy":"post_tag","embeddable":true,"href":"https:\/\/1005.com.ar\/index.php\/wp-json\/wp\/v2\/tags?post=2518"}],"curies":[{"name":"wp","href":"https:\/\/api.w.org\/{rel}","templated":true}]}}