{"id":2509,"date":"2021-12-23T10:18:35","date_gmt":"2021-12-23T13:18:35","guid":{"rendered":"https:\/\/1005.com.ar\/?p=2509"},"modified":"2021-12-23T10:18:37","modified_gmt":"2021-12-23T13:18:37","slug":"una-reunion-para-evaluar-y-planificar","status":"publish","type":"post","link":"https:\/\/1005.com.ar\/index.php\/2021\/12\/23\/una-reunion-para-evaluar-y-planificar\/","title":{"rendered":"Una reuni\u00f3n&nbsp;para evaluar y planificar"},"content":{"rendered":"\n<h1 class=\"wp-block-heading\">C\u00f3mo fue el di\u00e1logo entre Alberto Fern\u00e1ndez y Cristina Kirchner en Olivos&nbsp;<\/h1>\n\n\n\n<h3 class=\"wp-block-heading\">El Presidente charl\u00f3 con la vicepresidenta sobre la negociaci\u00f3n con el FMI. Los planes para 2022. La tarea parlamentaria y las medidas para paliar la inexistencia de presupuesto.<\/h3>\n\n\n\n<p><a href=\"https:\/\/www.pagina12.com.ar\/391183-como-fue-el-dialogo-entre-alberto-fernandez-y-cristina-kirch\">https:\/\/www.pagina12.com.ar\/391183-como-fue-el-dialogo-entre-alberto-fernandez-y-cristina-kirch<\/a><\/p>\n","protected":false},"excerpt":{"rendered":"<p>C\u00f3mo fue el di\u00e1logo entre Alberto Fern\u00e1ndez y Cristina Kirchner en Olivos&nbsp; El Presidente charl\u00f3 con la vicepresidenta sobre la<\/p>\n","protected":false},"author":3,"featured_media":2510,"comment_status":"open","ping_status":"closed","sticky":false,"template":"","format":"standard","meta":{"jetpack_post_was_ever_published":false,"_jetpack_newsletter_access":"","_jetpack_dont_email_post_to_subs":false,"_jetpack_newsletter_tier_id":0,"_jetpack_memberships_contains_paywalled_content":false,"_jetpack_memberships_contains_paid_content":false,"footnotes":"","jetpack_publicize_message":"","jetpack_publicize_feature_enabled":true,"jetpack_social_post_already_shared":true,"jetpack_social_options":{"image_generator_settings":{"template":"highway","default_image_id":0,"font":"","enabled":false},"version":2}},"categories":[1],"tags":[],"class_list":["post-2509","post","type-post","status-publish","format-standard","has-post-thumbnail","hentry","category-sin-categoria"],"jetpack_publicize_connections":[],"jetpack_featured_media_url":"https:\/\/1005.com.ar\/wp-content\/uploads\/2021\/12\/299583-7-a-presidencia-20-2814-29.jpg","jetpack-related-posts":[{"id":2833,"url":"https:\/\/1005.com.ar\/index.php\/2022\/04\/11\/alberto-fernandez-dio-detalles-del-nacimiento-de-su-hijo\/","url_meta":{"origin":2509,"position":0},"title":"Alberto Fern\u00e1ndez dio detalles del nacimiento de su hijo","author":"Julieta Di Rocco","date":"abril 11, 2022","format":false,"excerpt":"Tambi\u00e9n habl\u00f3 del mensaje de Cristina Kirchner y la relaci\u00f3n entre ambos https:\/\/www.pagina12.com.ar\/414574-alberto-fernandez-dio-detalles-del-nacimiento-de-su-hijo","rel":"","context":"En \u00abSin categor\u00eda\u00bb","block_context":{"text":"Sin categor\u00eda","link":"https:\/\/1005.com.ar\/index.php\/category\/sin-categoria\/"},"img":{"alt_text":"","src":"https:\/\/i0.wp.com\/1005.com.ar\/wp-content\/uploads\/2022\/04\/461674-g0068539.jpg?resize=350%2C200&ssl=1","width":350,"height":200,"srcset":"https:\/\/i0.wp.com\/1005.com.ar\/wp-content\/uploads\/2022\/04\/461674-g0068539.jpg?resize=350%2C200&ssl=1 1x, https:\/\/i0.wp.com\/1005.com.ar\/wp-content\/uploads\/2022\/04\/461674-g0068539.jpg?resize=525%2C300&ssl=1 1.5x, https:\/\/i0.wp.com\/1005.com.ar\/wp-content\/uploads\/2022\/04\/461674-g0068539.jpg?resize=700%2C400&ssl=1 2x"},"classes":[]},{"id":3043,"url":"https:\/\/1005.com.ar\/index.php\/2022\/07\/05\/luego-de-la-jura-de-batakis-alberto-fernandez-y-cristina-kirchner-se-reunieron-en-olivos\/","url_meta":{"origin":2509,"position":1},"title":"Luego de la jura de Batakis, Alberto Fern\u00e1ndez y Cristina Kirchner se reunieron en Olivos","author":"Julieta Di Rocco","date":"julio 5, 2022","format":false,"excerpt":"Los gobernadores hab\u00edan pedido la presencia de la Vice en la jura de la nueva ministra para tener una foto de unidad. El encuentro se posterg\u00f3 todo el d\u00eda. En la Rosada no descartan nuevos cambios. https:\/\/www.pagina12.com.ar\/434484-luego-de-la-jura-de-batakis-alberto-fernandez-y-cristina-kir","rel":"","context":"En \u00abSin categor\u00eda\u00bb","block_context":{"text":"Sin categor\u00eda","link":"https:\/\/1005.com.ar\/index.php\/category\/sin-categoria\/"},"img":{"alt_text":"","src":"https:\/\/i0.wp.com\/1005.com.ar\/wp-content\/uploads\/2022\/07\/570149-whatsapp-20image-202022-07-05-20at-2012-18-28-20am-0.jpeg?resize=350%2C200&ssl=1","width":350,"height":200,"srcset":"https:\/\/i0.wp.com\/1005.com.ar\/wp-content\/uploads\/2022\/07\/570149-whatsapp-20image-202022-07-05-20at-2012-18-28-20am-0.jpeg?resize=350%2C200&ssl=1 1x, https:\/\/i0.wp.com\/1005.com.ar\/wp-content\/uploads\/2022\/07\/570149-whatsapp-20image-202022-07-05-20at-2012-18-28-20am-0.jpeg?resize=525%2C300&ssl=1 1.5x, https:\/\/i0.wp.com\/1005.com.ar\/wp-content\/uploads\/2022\/07\/570149-whatsapp-20image-202022-07-05-20at-2012-18-28-20am-0.jpeg?resize=700%2C400&ssl=1 2x"},"classes":[]},{"id":1579,"url":"https:\/\/1005.com.ar\/index.php\/2021\/02\/14\/alberto-fernandez-cristina-kirchner-mauricio-macri-y-todo-el-arco-politico-despidieron-al-ex-presidente-carlos-menem\/","url_meta":{"origin":2509,"position":2},"title":"Alberto Fern\u00e1ndez, Cristina Kirchner, Mauricio Macri y todo el arco pol\u00edtico despidieron al ex presidente Carlos Menem","author":"Radio Music","date":"febrero 14, 2021","format":false,"excerpt":"Dirigentes del oficialismo y la oposici\u00f3n manifestaron su pesar por el fallecimiento del ex presidente. \u201cVaya todo mi cari\u00f1o a Zulema, a Zulemita y a todos los que hoy lo lloran\u201d, expres\u00f3 el actual mandatario","rel":"","context":"En \u00abSin categor\u00eda\u00bb","block_context":{"text":"Sin categor\u00eda","link":"https:\/\/1005.com.ar\/index.php\/category\/sin-categoria\/"},"img":{"alt_text":"","src":"","width":0,"height":0},"classes":[]},{"id":2446,"url":"https:\/\/1005.com.ar\/index.php\/2021\/12\/08\/deuda-con-el-fmi-alberto-fernandez-agradecio-el-apoyo-de-cristina-kirchner-y-ratifico-el-rumbo-de-las-negociaciones\/","url_meta":{"origin":2509,"position":3},"title":"Deuda con el FMI: Alberto Fern\u00e1ndez agradeci\u00f3 el apoyo de Cristina Kirchner y ratific\u00f3 el rumbo de las negociaciones","author":"Radio Music","date":"diciembre 8, 2021","format":false,"excerpt":"\"Ajustando dejamos afuera a millones de argentinos\", resalt\u00f3 El presidente\u00a0Alberto Fern\u00e1ndez se refiri\u00f3 este mi\u00e9rcoles a las negociaciones con el Fondo Monetario Internacional (FMI) al afirmar que est\u00e1 \"muy seguro\" respecto del rumbo que deben tomar, al tiempo que asegur\u00f3 tener la certeza de que\u00a0es \"el mismo que quiere\" la\u2026","rel":"","context":"En \u00abSin categor\u00eda\u00bb","block_context":{"text":"Sin categor\u00eda","link":"https:\/\/1005.com.ar\/index.php\/category\/sin-categoria\/"},"img":{"alt_text":"","src":"https:\/\/i0.wp.com\/1005.com.ar\/wp-content\/uploads\/2021\/12\/295939-alberto-20fern-c3-a1ndez-20-284-29.jpeg?resize=350%2C200&ssl=1","width":350,"height":200,"srcset":"https:\/\/i0.wp.com\/1005.com.ar\/wp-content\/uploads\/2021\/12\/295939-alberto-20fern-c3-a1ndez-20-284-29.jpeg?resize=350%2C200&ssl=1 1x, https:\/\/i0.wp.com\/1005.com.ar\/wp-content\/uploads\/2021\/12\/295939-alberto-20fern-c3-a1ndez-20-284-29.jpeg?resize=525%2C300&ssl=1 1.5x, https:\/\/i0.wp.com\/1005.com.ar\/wp-content\/uploads\/2021\/12\/295939-alberto-20fern-c3-a1ndez-20-284-29.jpeg?resize=700%2C400&ssl=1 2x"},"classes":[]},{"id":2076,"url":"https:\/\/1005.com.ar\/index.php\/2021\/06\/16\/alberto-fernandez-recordo-el-bombardeo-a-plaza-de-mayo\/","url_meta":{"origin":2509,"position":4},"title":"Alberto Fern\u00e1ndez record\u00f3 el bombardeo a Plaza de Mayo","author":"Radio Music","date":"junio 16, 2021","format":false,"excerpt":"El presidente\u00a0Alberto Fern\u00e1ndez\u00a0conmemor\u00f3 este mi\u00e9rcoles los 66 a\u00f1os del bombardeo a Plaza de Mayo, que tuvo como objetivo asesinar al entonces presidente Juan Domingo Per\u00f3n, y\u00a0consider\u00f3 que fue \u201cuno de los hechos m\u00e1s violentos y tr\u00e1gicos de nuestra historia\u201d En su cuenta de Twitter, el mandatario escribi\u00f3: \u201cEl 16 de\u2026","rel":"","context":"En \u00abSin categor\u00eda\u00bb","block_context":{"text":"Sin categor\u00eda","link":"https:\/\/1005.com.ar\/index.php\/category\/sin-categoria\/"},"img":{"alt_text":"","src":"","width":0,"height":0},"classes":[]},{"id":3363,"url":"https:\/\/1005.com.ar\/index.php\/2022\/08\/24\/fernandez-en-esta-causa-cristina-no-tiene-nada-que-ver-no-tengo-ninguna-duda\/","url_meta":{"origin":2509,"position":5},"title":"Fern\u00e1ndez: \u00abEn esta causa Cristina no tiene nada que ver, no tengo ninguna duda\u00bb","author":"Julieta Di Rocco","date":"agosto 24, 2022","format":false,"excerpt":"https:\/\/www.telam.com.ar\/notas\/202208\/602720-alberto-fernandez-entrevista.html","rel":"","context":"En \u00abSin categor\u00eda\u00bb","block_context":{"text":"Sin categor\u00eda","link":"https:\/\/1005.com.ar\/index.php\/category\/sin-categoria\/"},"img":{"alt_text":"","src":"https:\/\/i0.wp.com\/1005.com.ar\/wp-content\/uploads\/2022\/08\/6306d6f22e1db_900.jpg?resize=350%2C200&ssl=1","width":350,"height":200,"srcset":"https:\/\/i0.wp.com\/1005.com.ar\/wp-content\/uploads\/2022\/08\/6306d6f22e1db_900.jpg?resize=350%2C200&ssl=1 1x, https:\/\/i0.wp.com\/1005.com.ar\/wp-content\/uploads\/2022\/08\/6306d6f22e1db_900.jpg?resize=525%2C300&ssl=1 1.5x, https:\/\/i0.wp.com\/1005.com.ar\/wp-content\/uploads\/2022\/08\/6306d6f22e1db_900.jpg?resize=700%2C400&ssl=1 2x"},"classes":[]}],"jetpack_likes_enabled":true,"jetpack_sharing_enabled":true,"_links":{"self":[{"href":"https:\/\/1005.com.ar\/index.php\/wp-json\/wp\/v2\/posts\/2509","targetHints":{"allow":["GET"]}}],"collection":[{"href":"https:\/\/1005.com.ar\/index.php\/wp-json\/wp\/v2\/posts"}],"about":[{"href":"https:\/\/1005.com.ar\/index.php\/wp-json\/wp\/v2\/types\/post"}],"author":[{"embeddable":true,"href":"https:\/\/1005.com.ar\/index.php\/wp-json\/wp\/v2\/users\/3"}],"replies":[{"embeddable":true,"href":"https:\/\/1005.com.ar\/index.php\/wp-json\/wp\/v2\/comments?post=2509"}],"version-history":[{"count":0,"href":"https:\/\/1005.com.ar\/index.php\/wp-json\/wp\/v2\/posts\/2509\/revisions"}],"wp:featuredmedia":[{"embeddable":true,"href":"https:\/\/1005.com.ar\/index.php\/wp-json\/wp\/v2\/media\/2510"}],"wp:attachment":[{"href":"https:\/\/1005.com.ar\/index.php\/wp-json\/wp\/v2\/media?parent=2509"}],"wp:term":[{"taxonomy":"category","embeddable":true,"href":"https:\/\/1005.com.ar\/index.php\/wp-json\/wp\/v2\/categories?post=2509"},{"taxonomy":"post_tag","embeddable":true,"href":"https:\/\/1005.com.ar\/index.php\/wp-json\/wp\/v2\/tags?post=2509"}],"curies":[{"name":"wp","href":"https:\/\/api.w.org\/{rel}","templated":true}]}}