{"id":2500,"date":"2021-12-18T12:33:53","date_gmt":"2021-12-18T15:33:53","guid":{"rendered":"https:\/\/1005.com.ar\/?p=2500"},"modified":"2021-12-18T12:33:54","modified_gmt":"2021-12-18T15:33:54","slug":"la-sede-del-local-jazzero-ahora-se-traslado-a-palermo","status":"publish","type":"post","link":"https:\/\/1005.com.ar\/index.php\/2021\/12\/18\/la-sede-del-local-jazzero-ahora-se-traslado-a-palermo\/","title":{"rendered":"La sede del local jazzero ahora se traslad\u00f3 a Palermo"},"content":{"rendered":"\n<h1 class=\"wp-block-heading\">La Big Orchestra inaugur\u00f3 la programaci\u00f3n del nuevo Bebop Club<\/h1>\n\n\n\n<h3 class=\"wp-block-heading\">La numerosa formaci\u00f3n es una banda s\u00f3lida, con buenas dosis de swing, que bien conoce los caminos por los que transita.<\/h3>\n\n\n\n<p><a href=\"https:\/\/www.pagina12.com.ar\/390072-la-big-orchestra-inauguro-la-programacion-del-nuevo-bebop-cl\">https:\/\/www.pagina12.com.ar\/390072-la-big-orchestra-inauguro-la-programacion-del-nuevo-bebop-cl<\/a><\/p>\n","protected":false},"excerpt":{"rendered":"<p>La Big Orchestra inaugur\u00f3 la programaci\u00f3n del nuevo Bebop Club La numerosa formaci\u00f3n es una banda s\u00f3lida, con buenas dosis<\/p>\n","protected":false},"author":3,"featured_media":2501,"comment_status":"open","ping_status":"closed","sticky":false,"template":"","format":"standard","meta":{"jetpack_post_was_ever_published":false,"_jetpack_newsletter_access":"","_jetpack_dont_email_post_to_subs":false,"_jetpack_newsletter_tier_id":0,"_jetpack_memberships_contains_paywalled_content":false,"_jetpack_memberships_contains_paid_content":false,"footnotes":"","jetpack_publicize_message":"","jetpack_publicize_feature_enabled":true,"jetpack_social_post_already_shared":true,"jetpack_social_options":{"image_generator_settings":{"template":"highway","default_image_id":0,"font":"","enabled":false},"version":2}},"categories":[1],"tags":[],"class_list":["post-2500","post","type-post","status-publish","format-standard","has-post-thumbnail","hentry","category-sin-categoria"],"jetpack_publicize_connections":[],"jetpack_featured_media_url":"https:\/\/1005.com.ar\/wp-content\/uploads\/2021\/12\/298327-whatsapp-20image-202021-12-17-20at-2016-49-39.jpeg","jetpack-related-posts":[{"id":3156,"url":"https:\/\/1005.com.ar\/index.php\/2022\/07\/18\/para-divertirse-en-familia-la-programacion-de-tecnopolis-del-20-al-24-de-julio\/","url_meta":{"origin":2500,"position":0},"title":"Para divertirse en familia: la programaci\u00f3n de Tecn\u00f3polis del 20 al 24 de julio","author":"Julieta Di Rocco","date":"julio 18, 2022","format":false,"excerpt":"Tras la reapertura de este domingo, el predio volver\u00e1 a abrir sus puertas el mi\u00e9rcoles 20 de julio con una variada oferta de actividades para toda la familia.\u00a0\u00a0 https:\/\/www.telam.com.ar\/notas\/202207\/598863-tecnopolis-agenda-vacaciones-invierno.html","rel":"","context":"En \u00abSin categor\u00eda\u00bb","block_context":{"text":"Sin categor\u00eda","link":"https:\/\/1005.com.ar\/index.php\/category\/sin-categoria\/"},"img":{"alt_text":"","src":"https:\/\/i0.wp.com\/1005.com.ar\/wp-content\/uploads\/2022\/07\/62d47a8426f26_900.jpg?resize=350%2C200&ssl=1","width":350,"height":200,"srcset":"https:\/\/i0.wp.com\/1005.com.ar\/wp-content\/uploads\/2022\/07\/62d47a8426f26_900.jpg?resize=350%2C200&ssl=1 1x, https:\/\/i0.wp.com\/1005.com.ar\/wp-content\/uploads\/2022\/07\/62d47a8426f26_900.jpg?resize=525%2C300&ssl=1 1.5x, https:\/\/i0.wp.com\/1005.com.ar\/wp-content\/uploads\/2022\/07\/62d47a8426f26_900.jpg?resize=700%2C400&ssl=1 2x"},"classes":[]},{"id":2213,"url":"https:\/\/1005.com.ar\/index.php\/2021\/08\/08\/adrian-suar-yo-tambien-fui-a-olivos-es-una-locura-lo-que-le-hicieron-a-florencia-pena\/","url_meta":{"origin":2500,"position":1},"title":"Adri\u00e1n Suar: \u201cYo tambi\u00e9n fui a Olivos; es una locura lo que le hicieron a Florencia Pe\u00f1a\u201d","author":"Radio Music","date":"agosto 8, 2021","format":false,"excerpt":"El gerente de programaci\u00f3n de eltrece sali\u00f3 en defensa de la conductora de Flor de equipo y cont\u00f3 qu\u00e9 fue lo que habl\u00f3 en la reuni\u00f3n que mantuvo con el presidente, Alberto Fern\u00e1ndez, al comienzo de la cuarentena 130 \u201cYo tambi\u00e9n fui a reunirme con el presidente en la Residencia\u2026","rel":"","context":"En \u00abSin categor\u00eda\u00bb","block_context":{"text":"Sin categor\u00eda","link":"https:\/\/1005.com.ar\/index.php\/category\/sin-categoria\/"},"img":{"alt_text":"","src":"https:\/\/i0.wp.com\/1005.com.ar\/wp-content\/uploads\/2021\/08\/MNDTT5W7KJFRZHAGDUKRILUJPQ.jpg?resize=350%2C200&ssl=1","width":350,"height":200,"srcset":"https:\/\/i0.wp.com\/1005.com.ar\/wp-content\/uploads\/2021\/08\/MNDTT5W7KJFRZHAGDUKRILUJPQ.jpg?resize=350%2C200&ssl=1 1x, https:\/\/i0.wp.com\/1005.com.ar\/wp-content\/uploads\/2021\/08\/MNDTT5W7KJFRZHAGDUKRILUJPQ.jpg?resize=525%2C300&ssl=1 1.5x, https:\/\/i0.wp.com\/1005.com.ar\/wp-content\/uploads\/2021\/08\/MNDTT5W7KJFRZHAGDUKRILUJPQ.jpg?resize=700%2C400&ssl=1 2x"},"classes":[]},{"id":6349,"url":"https:\/\/1005.com.ar\/index.php\/2025\/08\/30\/combustibles-nuevo-incremento-en-septiembre\/","url_meta":{"origin":2500,"position":2},"title":"Combustibles: nuevo incremento en septiembre","author":"Julieta Di Rocco","date":"agosto 30, 2025","format":false,"excerpt":"Otro golpe para los bolsillos comprimidos y la actividad estancada https:\/\/www.pagina12.com.ar\/853552-combustibles-nuevo-incremento-en-septiembre","rel":"","context":"En \u00abSin categor\u00eda\u00bb","block_context":{"text":"Sin categor\u00eda","link":"https:\/\/1005.com.ar\/index.php\/category\/sin-categoria\/"},"img":{"alt_text":"","src":"https:\/\/i0.wp.com\/1005.com.ar\/wp-content\/uploads\/2025\/08\/967380-1722371407240730008_0.jpg?resize=350%2C200&ssl=1","width":350,"height":200,"srcset":"https:\/\/i0.wp.com\/1005.com.ar\/wp-content\/uploads\/2025\/08\/967380-1722371407240730008_0.jpg?resize=350%2C200&ssl=1 1x, https:\/\/i0.wp.com\/1005.com.ar\/wp-content\/uploads\/2025\/08\/967380-1722371407240730008_0.jpg?resize=525%2C300&ssl=1 1.5x, https:\/\/i0.wp.com\/1005.com.ar\/wp-content\/uploads\/2025\/08\/967380-1722371407240730008_0.jpg?resize=700%2C400&ssl=1 2x"},"classes":[]},{"id":5484,"url":"https:\/\/1005.com.ar\/index.php\/2024\/12\/01\/nuevo-impulso-para-el-desarrollo-de-las-cooperativas\/","url_meta":{"origin":2500,"position":3},"title":"Nuevo impulso para el desarrollo de las cooperativas","author":"Julieta Di Rocco","date":"diciembre 1, 2024","format":false,"excerpt":"https:\/\/www.pagina12.com.ar\/786880-nuevo-impulso-para-el-desarrrollo-de-las-cooperativas","rel":"","context":"En \u00abSin categor\u00eda\u00bb","block_context":{"text":"Sin categor\u00eda","link":"https:\/\/1005.com.ar\/index.php\/category\/sin-categoria\/"},"img":{"alt_text":"","src":"https:\/\/i0.wp.com\/1005.com.ar\/wp-content\/uploads\/2024\/12\/894601-2b.jpeg?resize=350%2C200&ssl=1","width":350,"height":200,"srcset":"https:\/\/i0.wp.com\/1005.com.ar\/wp-content\/uploads\/2024\/12\/894601-2b.jpeg?resize=350%2C200&ssl=1 1x, https:\/\/i0.wp.com\/1005.com.ar\/wp-content\/uploads\/2024\/12\/894601-2b.jpeg?resize=525%2C300&ssl=1 1.5x, https:\/\/i0.wp.com\/1005.com.ar\/wp-content\/uploads\/2024\/12\/894601-2b.jpeg?resize=700%2C400&ssl=1 2x"},"classes":[]},{"id":5077,"url":"https:\/\/1005.com.ar\/index.php\/2024\/05\/07\/ya-comenzo-a-circular-el-nuevo-billete-de-10-000-pesos\/","url_meta":{"origin":2500,"position":4},"title":"Ya comenz\u00f3 a circular el nuevo billete de 10.000 pesos","author":"Julieta Di Rocco","date":"mayo 7, 2024","format":false,"excerpt":"https:\/\/www.pagina12.com.ar\/734684-ya-comenzo-a-circular-el-nuevo-billete-de-10-000-pesos","rel":"","context":"En \u00abSin categor\u00eda\u00bb","block_context":{"text":"Sin categor\u00eda","link":"https:\/\/1005.com.ar\/index.php\/category\/sin-categoria\/"},"img":{"alt_text":"","src":"https:\/\/i0.wp.com\/1005.com.ar\/wp-content\/uploads\/2024\/05\/837196-billete-20.jpg?resize=350%2C200&ssl=1","width":350,"height":200,"srcset":"https:\/\/i0.wp.com\/1005.com.ar\/wp-content\/uploads\/2024\/05\/837196-billete-20.jpg?resize=350%2C200&ssl=1 1x, https:\/\/i0.wp.com\/1005.com.ar\/wp-content\/uploads\/2024\/05\/837196-billete-20.jpg?resize=525%2C300&ssl=1 1.5x, https:\/\/i0.wp.com\/1005.com.ar\/wp-content\/uploads\/2024\/05\/837196-billete-20.jpg?resize=700%2C400&ssl=1 2x"},"classes":[]},{"id":5105,"url":"https:\/\/1005.com.ar\/index.php\/2024\/05\/16\/las-universidades-publicas-convocaron-a-un-nuevo-paro-no-termino-la-lucha\/","url_meta":{"origin":2500,"position":5},"title":"Las universidades p\u00fablicas convocaron a un nuevo paro: \u00abNo termin\u00f3 la lucha\u00bb","author":"Julieta Di Rocco","date":"mayo 16, 2024","format":false,"excerpt":"https:\/\/www.pagina12.com.ar\/737304-las-universidades-publicas-convocaron-a-un-nuevo-paro-no-ter","rel":"","context":"En \u00abSin categor\u00eda\u00bb","block_context":{"text":"Sin categor\u00eda","link":"https:\/\/1005.com.ar\/index.php\/category\/sin-categoria\/"},"img":{"alt_text":"","src":"https:\/\/i0.wp.com\/1005.com.ar\/wp-content\/uploads\/2024\/05\/839768-832272-whatsapp-image-2024-04-04-at-2-58-35-pm-800x445_0.jpeg?resize=350%2C200&ssl=1","width":350,"height":200,"srcset":"https:\/\/i0.wp.com\/1005.com.ar\/wp-content\/uploads\/2024\/05\/839768-832272-whatsapp-image-2024-04-04-at-2-58-35-pm-800x445_0.jpeg?resize=350%2C200&ssl=1 1x, https:\/\/i0.wp.com\/1005.com.ar\/wp-content\/uploads\/2024\/05\/839768-832272-whatsapp-image-2024-04-04-at-2-58-35-pm-800x445_0.jpeg?resize=525%2C300&ssl=1 1.5x, https:\/\/i0.wp.com\/1005.com.ar\/wp-content\/uploads\/2024\/05\/839768-832272-whatsapp-image-2024-04-04-at-2-58-35-pm-800x445_0.jpeg?resize=700%2C400&ssl=1 2x"},"classes":[]}],"jetpack_likes_enabled":true,"jetpack_sharing_enabled":true,"_links":{"self":[{"href":"https:\/\/1005.com.ar\/index.php\/wp-json\/wp\/v2\/posts\/2500","targetHints":{"allow":["GET"]}}],"collection":[{"href":"https:\/\/1005.com.ar\/index.php\/wp-json\/wp\/v2\/posts"}],"about":[{"href":"https:\/\/1005.com.ar\/index.php\/wp-json\/wp\/v2\/types\/post"}],"author":[{"embeddable":true,"href":"https:\/\/1005.com.ar\/index.php\/wp-json\/wp\/v2\/users\/3"}],"replies":[{"embeddable":true,"href":"https:\/\/1005.com.ar\/index.php\/wp-json\/wp\/v2\/comments?post=2500"}],"version-history":[{"count":0,"href":"https:\/\/1005.com.ar\/index.php\/wp-json\/wp\/v2\/posts\/2500\/revisions"}],"wp:featuredmedia":[{"embeddable":true,"href":"https:\/\/1005.com.ar\/index.php\/wp-json\/wp\/v2\/media\/2501"}],"wp:attachment":[{"href":"https:\/\/1005.com.ar\/index.php\/wp-json\/wp\/v2\/media?parent=2500"}],"wp:term":[{"taxonomy":"category","embeddable":true,"href":"https:\/\/1005.com.ar\/index.php\/wp-json\/wp\/v2\/categories?post=2500"},{"taxonomy":"post_tag","embeddable":true,"href":"https:\/\/1005.com.ar\/index.php\/wp-json\/wp\/v2\/tags?post=2500"}],"curies":[{"name":"wp","href":"https:\/\/api.w.org\/{rel}","templated":true}]}}