{"id":2424,"date":"2021-11-30T13:17:31","date_gmt":"2021-11-30T16:17:31","guid":{"rendered":"https:\/\/1005.com.ar\/?p=2424"},"modified":"2021-11-30T13:17:33","modified_gmt":"2021-11-30T16:17:33","slug":"la-conduccion-de-jxc-y-las-diferencias-internas-en-el-interbloque","status":"publish","type":"post","link":"https:\/\/1005.com.ar\/index.php\/2021\/11\/30\/la-conduccion-de-jxc-y-las-diferencias-internas-en-el-interbloque\/","title":{"rendered":"La conducci\u00f3n de JxC y las diferencias internas en el interbloque"},"content":{"rendered":"\n<h1 class=\"wp-block-heading\">Un nuevo nombre para evitar la fuga&#8230; de legisladores\u00a0<\/h1>\n\n\n\n<p><strong>La tarea por estas horas es evitar que haya fugas en el interbloque de diputados de Juntos por el Cambio<\/strong>. Por ahora la idea que predomina y que pretenden que act\u00fae como un dique de contenci\u00f3n es la posibilidad de cambiar la denominaci\u00f3n del bloque en la C\u00e1mara de Diputados. La propuesta busca contener a los diputados electos por JxC pero que no se sienten identificados con el macrismo,&nbsp;<a href=\"https:\/\/www.pagina12.com.ar\/298966-la-reaparicion-de-mauricio-macri-el-abrazo-del-oso-para-junt\">mantienen discrepancias con dirigentes como Mauricio Macri<\/a>&nbsp;y hasta Patricia Bullrich. En esa n\u00f3mina se inscribe el sector de Emilio Monz\u00f3.<\/p>\n\n\n\n<p>Seg\u00fan se\u00f1ala la agencia T\u00e9lam, esta posibilidad se viene debatiendo hacia el interior del PRO donde el jefe de gobierno porte\u00f1o, Horacio Rodr\u00edguez Larreta y Bullrich, en su condici\u00f3n de presidenta del partido, habr\u00edan dado el ok para avanzar en estos cambios.<br>La movida promueve que el bloque del PRO en Diputados cambie de nombre, para representar la realidad que arroj\u00f3 las urnas, donde en las listas de Juntos por el Cambio convivieron distintas expresiones, no necesariamente macristas.<\/p>\n\n\n\n<p><a href=\"https:\/\/www.pagina12.com.ar\/386047-un-nuevo-nombre-para-evitar-la-fuga-de-legisladores\">https:\/\/www.pagina12.com.ar\/386047-un-nuevo-nombre-para-evitar-la-fuga-de-legisladores<\/a><\/p>\n","protected":false},"excerpt":{"rendered":"<p>Un nuevo nombre para evitar la fuga&#8230; de legisladores\u00a0 La tarea por estas horas es evitar que haya fugas en<\/p>\n","protected":false},"author":3,"featured_media":2425,"comment_status":"open","ping_status":"closed","sticky":false,"template":"","format":"standard","meta":{"jetpack_post_was_ever_published":false,"_jetpack_newsletter_access":"","_jetpack_dont_email_post_to_subs":false,"_jetpack_newsletter_tier_id":0,"_jetpack_memberships_contains_paywalled_content":false,"_jetpack_memberships_contains_paid_content":false,"footnotes":"","jetpack_publicize_message":"","jetpack_publicize_feature_enabled":true,"jetpack_social_post_already_shared":true,"jetpack_social_options":{"image_generator_settings":{"template":"highway","default_image_id":0,"font":"","enabled":false},"version":2}},"categories":[1],"tags":[],"class_list":["post-2424","post","type-post","status-publish","format-standard","has-post-thumbnail","hentry","category-sin-categoria"],"jetpack_publicize_connections":[],"jetpack_featured_media_url":"https:\/\/1005.com.ar\/wp-content\/uploads\/2021\/11\/293445-whatsapp-20image-202021-11-29-20at-209-22-50-20pm.jpeg","jetpack-related-posts":[{"id":2456,"url":"https:\/\/1005.com.ar\/index.php\/2021\/12\/08\/la-pelea-en-el-radicalismo-llega-al-senado-lousteau-perdera-un-cargo-lo-reemplazara-carolina-losada-y-cornejo-presidira-el-interbloque-de-jxc\/","url_meta":{"origin":2424,"position":0},"title":"La pelea en el radicalismo llega al Senado: Lousteau perder\u00e1 un cargo, lo reemplazar\u00e1 Carolina Losada y Cornejo presidir\u00e1 el interbloque de JxC","author":"Radio Music","date":"diciembre 8, 2021","format":false,"excerpt":"Tras la ruptura en Diputados, el l\u00edder de Evoluci\u00f3n le dejar\u00e1 a la senadora por Santa Fe la vicepresidencia tercera de la C\u00e1mara alta. El jefe de la UCR logr\u00f3 el consenso interno para ese cargo y Luis Naidenoff seguir\u00e1 al frente de la bancada https:\/\/www.infobae.com\/politica\/2021\/12\/08\/la-pelea-en-el-radicalismo-llega-al-senado-lousteau-perdera-un-cargo-y-cornejo-presidira-el-interbloque-de-juntos-por-el-cambio\/","rel":"","context":"En \u00abSin categor\u00eda\u00bb","block_context":{"text":"Sin categor\u00eda","link":"https:\/\/1005.com.ar\/index.php\/category\/sin-categoria\/"},"img":{"alt_text":"","src":"","width":0,"height":0},"classes":[]},{"id":4250,"url":"https:\/\/1005.com.ar\/index.php\/2023\/08\/07\/las-8-preguntas-clave-que-las-encuestas-no-responden-sobre-las-elecciones\/","url_meta":{"origin":2424,"position":1},"title":"Las 8 preguntas clave que las encuestas no responden sobre las elecciones","author":"Julieta Di Rocco","date":"agosto 7, 2023","format":false,"excerpt":"En un escenario abierto, los analistas ponen el foco en el fantasma del ausentismo, los votos estrat\u00e9gicos, el peso de los aparatos partidarios y la transferencia de sufragios postPASO. A una semana de las PASO, hay inc\u00f3gnitas a despejar que van m\u00e1s all\u00e1 de los n\u00fameros que exhiben las encuestas.\u2026","rel":"","context":"En \u00abSin categor\u00eda\u00bb","block_context":{"text":"Sin categor\u00eda","link":"https:\/\/1005.com.ar\/index.php\/category\/sin-categoria\/"},"img":{"alt_text":"","src":"https:\/\/i0.wp.com\/1005.com.ar\/wp-content\/uploads\/2023\/08\/754738-725502-50775-elecciones-1.jpg?resize=350%2C200&ssl=1","width":350,"height":200,"srcset":"https:\/\/i0.wp.com\/1005.com.ar\/wp-content\/uploads\/2023\/08\/754738-725502-50775-elecciones-1.jpg?resize=350%2C200&ssl=1 1x, https:\/\/i0.wp.com\/1005.com.ar\/wp-content\/uploads\/2023\/08\/754738-725502-50775-elecciones-1.jpg?resize=525%2C300&ssl=1 1.5x, https:\/\/i0.wp.com\/1005.com.ar\/wp-content\/uploads\/2023\/08\/754738-725502-50775-elecciones-1.jpg?resize=700%2C400&ssl=1 2x"},"classes":[]},{"id":3324,"url":"https:\/\/1005.com.ar\/index.php\/2022\/08\/11\/elisa-carrio-termino-la-tregua-en-juntos-por-el-cambio-con-acusaciones-de-corrupcion-y-negociados\/","url_meta":{"origin":2424,"position":2},"title":"Elisa Carri\u00f3 termin\u00f3 la tregua en Juntos por el Cambio con acusaciones de corrupci\u00f3n y negociados","author":"Julieta Di Rocco","date":"agosto 11, 2022","format":false,"excerpt":"Con denuncias de corrupci\u00f3n y negociados contra miembros de JxC, la l\u00edder de la Coalici\u00f3n C\u00edvica se sum\u00f3 al discurso que ven\u00eda ensayando Mauricio Macri y cuestion\u00f3 a los dirigentes que, desde su perspectiva, podr\u00edan alcanzar acuerdos con Sergio Massa o el peronismo. En duros t\u00e9rminos le respondieron desde Horacio\u2026","rel":"","context":"En \u00abSin categor\u00eda\u00bb","block_context":{"text":"Sin categor\u00eda","link":"https:\/\/1005.com.ar\/index.php\/category\/sin-categoria\/"},"img":{"alt_text":"","src":"https:\/\/i0.wp.com\/1005.com.ar\/wp-content\/uploads\/2022\/08\/603494-3a-0.jpeg?resize=350%2C200&ssl=1","width":350,"height":200,"srcset":"https:\/\/i0.wp.com\/1005.com.ar\/wp-content\/uploads\/2022\/08\/603494-3a-0.jpeg?resize=350%2C200&ssl=1 1x, https:\/\/i0.wp.com\/1005.com.ar\/wp-content\/uploads\/2022\/08\/603494-3a-0.jpeg?resize=525%2C300&ssl=1 1.5x, https:\/\/i0.wp.com\/1005.com.ar\/wp-content\/uploads\/2022\/08\/603494-3a-0.jpeg?resize=700%2C400&ssl=1 2x"},"classes":[]},{"id":1633,"url":"https:\/\/1005.com.ar\/index.php\/2021\/02\/23\/pidieron-la-suspension-de-un-diputado-del-pro-que-esta-procesado-por-violencia-de-genero\/","url_meta":{"origin":2424,"position":3},"title":"Pidieron la suspensi\u00f3n de un diputado del PRO que est\u00e1 procesado por violencia de g\u00e9nero","author":"Radio Music","date":"febrero 23, 2021","format":false,"excerpt":"El legislador de Juntos por el Cambio Eduardo C\u00e1ceres hab\u00eda sido acusado en diciembre por agredir a la dirigente del partido que fund\u00f3 Mauricio Macri, Gimena Martinazzo","rel":"","context":"En \u00abSin categor\u00eda\u00bb","block_context":{"text":"Sin categor\u00eda","link":"https:\/\/1005.com.ar\/index.php\/category\/sin-categoria\/"},"img":{"alt_text":"","src":"https:\/\/i0.wp.com\/1005.com.ar\/wp-content\/uploads\/2021\/02\/IURX37CTTZAG7LLLF6Q6J2SYKE.jpg?resize=350%2C200&ssl=1","width":350,"height":200,"srcset":"https:\/\/i0.wp.com\/1005.com.ar\/wp-content\/uploads\/2021\/02\/IURX37CTTZAG7LLLF6Q6J2SYKE.jpg?resize=350%2C200&ssl=1 1x, https:\/\/i0.wp.com\/1005.com.ar\/wp-content\/uploads\/2021\/02\/IURX37CTTZAG7LLLF6Q6J2SYKE.jpg?resize=525%2C300&ssl=1 1.5x, https:\/\/i0.wp.com\/1005.com.ar\/wp-content\/uploads\/2021\/02\/IURX37CTTZAG7LLLF6Q6J2SYKE.jpg?resize=700%2C400&ssl=1 2x"},"classes":[]},{"id":1909,"url":"https:\/\/1005.com.ar\/index.php\/2021\/04\/01\/seran-1042-los-y-las-saladillenses-que-dejen-de-pagar-el-impuesto\/","url_meta":{"origin":2424,"position":4},"title":"Ser\u00e1n 1042 los y las saladillenses que dejen de pagar el impuesto","author":"Radio Music","date":"abril 1, 2021","format":false,"excerpt":"Con un amplio respaldo pol\u00edtico, la c\u00e1mara de Diputados de la naci\u00f3n le dio media sanci\u00f3n a la reforma del pol\u00e9mico impuesto a las ganancias. El proyecto impulsado por Sergio Massa y que tendr\u00e1 un impacto positivo inmediato en nuestra ciudad, se aprob\u00f3 por 241 votos portados por el Frente\u2026","rel":"","context":"En \u00abSin categor\u00eda\u00bb","block_context":{"text":"Sin categor\u00eda","link":"https:\/\/1005.com.ar\/index.php\/category\/sin-categoria\/"},"img":{"alt_text":"","src":"https:\/\/i0.wp.com\/1005.com.ar\/wp-content\/uploads\/2021\/04\/1617224205.jpeg?resize=350%2C200&ssl=1","width":350,"height":200,"srcset":"https:\/\/i0.wp.com\/1005.com.ar\/wp-content\/uploads\/2021\/04\/1617224205.jpeg?resize=350%2C200&ssl=1 1x, https:\/\/i0.wp.com\/1005.com.ar\/wp-content\/uploads\/2021\/04\/1617224205.jpeg?resize=525%2C300&ssl=1 1.5x, https:\/\/i0.wp.com\/1005.com.ar\/wp-content\/uploads\/2021\/04\/1617224205.jpeg?resize=700%2C400&ssl=1 2x"},"classes":[]},{"id":4515,"url":"https:\/\/1005.com.ar\/index.php\/2023\/11\/11\/se-rompe-jxc-en-buenos-aires-un-grupo-de-dirigentes-llama-a-votar-por-massa-en-el-balotaje\/","url_meta":{"origin":2424,"position":5},"title":"Se rompe JxC en Buenos Aires: un grupo de dirigentes llama a votar por Massa en el balotaje","author":"Julieta Di Rocco","date":"noviembre 11, 2023","format":false,"excerpt":"https:\/\/www.pagina12.com.ar\/615581-se-rompe-jxc-en-buenos-aires-un-grupo-de-dirigentes-llama-a-","rel":"","context":"En \u00abSin categor\u00eda\u00bb","block_context":{"text":"Sin categor\u00eda","link":"https:\/\/1005.com.ar\/index.php\/category\/sin-categoria\/"},"img":{"alt_text":"","src":"https:\/\/i0.wp.com\/1005.com.ar\/wp-content\/uploads\/2023\/11\/788235-jxc_0.jpg?resize=350%2C200&ssl=1","width":350,"height":200,"srcset":"https:\/\/i0.wp.com\/1005.com.ar\/wp-content\/uploads\/2023\/11\/788235-jxc_0.jpg?resize=350%2C200&ssl=1 1x, https:\/\/i0.wp.com\/1005.com.ar\/wp-content\/uploads\/2023\/11\/788235-jxc_0.jpg?resize=525%2C300&ssl=1 1.5x, https:\/\/i0.wp.com\/1005.com.ar\/wp-content\/uploads\/2023\/11\/788235-jxc_0.jpg?resize=700%2C400&ssl=1 2x"},"classes":[]}],"jetpack_likes_enabled":true,"jetpack_sharing_enabled":true,"_links":{"self":[{"href":"https:\/\/1005.com.ar\/index.php\/wp-json\/wp\/v2\/posts\/2424","targetHints":{"allow":["GET"]}}],"collection":[{"href":"https:\/\/1005.com.ar\/index.php\/wp-json\/wp\/v2\/posts"}],"about":[{"href":"https:\/\/1005.com.ar\/index.php\/wp-json\/wp\/v2\/types\/post"}],"author":[{"embeddable":true,"href":"https:\/\/1005.com.ar\/index.php\/wp-json\/wp\/v2\/users\/3"}],"replies":[{"embeddable":true,"href":"https:\/\/1005.com.ar\/index.php\/wp-json\/wp\/v2\/comments?post=2424"}],"version-history":[{"count":0,"href":"https:\/\/1005.com.ar\/index.php\/wp-json\/wp\/v2\/posts\/2424\/revisions"}],"wp:featuredmedia":[{"embeddable":true,"href":"https:\/\/1005.com.ar\/index.php\/wp-json\/wp\/v2\/media\/2425"}],"wp:attachment":[{"href":"https:\/\/1005.com.ar\/index.php\/wp-json\/wp\/v2\/media?parent=2424"}],"wp:term":[{"taxonomy":"category","embeddable":true,"href":"https:\/\/1005.com.ar\/index.php\/wp-json\/wp\/v2\/categories?post=2424"},{"taxonomy":"post_tag","embeddable":true,"href":"https:\/\/1005.com.ar\/index.php\/wp-json\/wp\/v2\/tags?post=2424"}],"curies":[{"name":"wp","href":"https:\/\/api.w.org\/{rel}","templated":true}]}}