{"id":2279,"date":"2021-09-20T23:38:11","date_gmt":"2021-09-21T02:38:11","guid":{"rendered":"https:\/\/1005.com.ar\/?p=2279"},"modified":"2021-09-20T23:38:12","modified_gmt":"2021-09-21T02:38:12","slug":"con-persecuciones-y-la-union-de-las-mujeres-del-barrio-para-frenar-a-un-narcotraficante-comenzo-la-1-5-18-la-nueva-tira-de-polka","status":"publish","type":"post","link":"https:\/\/1005.com.ar\/index.php\/2021\/09\/20\/con-persecuciones-y-la-union-de-las-mujeres-del-barrio-para-frenar-a-un-narcotraficante-comenzo-la-1-5-18-la-nueva-tira-de-polka\/","title":{"rendered":"Con persecuciones y la uni\u00f3n de las mujeres del barrio para frenar a un narcotraficante, comenz\u00f3 La 1-5\/18, la nueva tira de Polka"},"content":{"rendered":"\n<h2 class=\"wp-block-heading\">Protagonizada por Gonzalo Heredia, Agustina Cherri, Esteban Lamothe y Leticia Br\u00e9dice, la nueva ficci\u00f3n de El Trece plante\u00f3 los caminos y las tensiones de sus personajes<\/h2>\n\n\n\n<p>20 de Septiembre de 2021<\/p>\n\n\n\n<p><a href=\"https:\/\/www.infobae.com\/teleshow\/2021\/09\/21\/con-persecuciones-y-la-union-de-las-mujeres-del-barrio-para-frenar-a-un-narcotraficante-comenzo-la-1-518-la-nueva-tira-de-polka\/\">https:\/\/www.infobae.com\/teleshow\/2021\/09\/21\/con-persecuciones-y-la-union-de-las-mujeres-del-barrio-para-frenar-a-un-narcotraficante-comenzo-la-1-518-la-nueva-tira-de-polka\/<\/a><\/p>\n","protected":false},"excerpt":{"rendered":"<p>Protagonizada por Gonzalo Heredia, Agustina Cherri, Esteban Lamothe y Leticia Br\u00e9dice, la nueva ficci\u00f3n de El Trece plante\u00f3 los caminos<\/p>\n","protected":false},"author":3,"featured_media":2280,"comment_status":"open","ping_status":"closed","sticky":false,"template":"","format":"standard","meta":{"jetpack_post_was_ever_published":false,"_jetpack_newsletter_access":"","_jetpack_dont_email_post_to_subs":false,"_jetpack_newsletter_tier_id":0,"_jetpack_memberships_contains_paywalled_content":false,"_jetpack_memberships_contains_paid_content":false,"footnotes":"","jetpack_publicize_message":"","jetpack_publicize_feature_enabled":true,"jetpack_social_post_already_shared":true,"jetpack_social_options":{"image_generator_settings":{"template":"highway","default_image_id":0,"font":"","enabled":false},"version":2}},"categories":[1],"tags":[],"class_list":["post-2279","post","type-post","status-publish","format-standard","has-post-thumbnail","hentry","category-sin-categoria"],"jetpack_publicize_connections":[],"jetpack_featured_media_url":"https:\/\/1005.com.ar\/wp-content\/uploads\/2021\/09\/launo-int.jpg","jetpack-related-posts":[{"id":6025,"url":"https:\/\/1005.com.ar\/index.php\/2025\/05\/10\/cientificos-del-conicet-descubrieron-una-nueva-forma-de-frenar-el-crecimiento-de-tumores-intracraneales\/","url_meta":{"origin":2279,"position":0},"title":"Cient\u00edficos\u00a0del Conicet descubrieron una nueva forma de frenar el crecimiento de tumores intracraneales","author":"Julieta Di Rocco","date":"mayo 10, 2025","format":false,"excerpt":"https:\/\/www.pagina12.com.ar\/824421-cientificos-del-conicet-descubrieron-una-nueva-forma-de-fren","rel":"","context":"En \u00abSin categor\u00eda\u00bb","block_context":{"text":"Sin categor\u00eda","link":"https:\/\/1005.com.ar\/index.php\/category\/sin-categoria\/"},"img":{"alt_text":"","src":"https:\/\/i0.wp.com\/1005.com.ar\/wp-content\/uploads\/2025\/05\/935771-foto-1-26.jpg?resize=350%2C200&ssl=1","width":350,"height":200,"srcset":"https:\/\/i0.wp.com\/1005.com.ar\/wp-content\/uploads\/2025\/05\/935771-foto-1-26.jpg?resize=350%2C200&ssl=1 1x, https:\/\/i0.wp.com\/1005.com.ar\/wp-content\/uploads\/2025\/05\/935771-foto-1-26.jpg?resize=525%2C300&ssl=1 1.5x, https:\/\/i0.wp.com\/1005.com.ar\/wp-content\/uploads\/2025\/05\/935771-foto-1-26.jpg?resize=700%2C400&ssl=1 2x"},"classes":[]},{"id":1231,"url":"https:\/\/1005.com.ar\/index.php\/2021\/01\/24\/comenzo-la-nueva-temporada-de-los-econochantas-y-de-las-presiones-del-poder-economico\/","url_meta":{"origin":2279,"position":1},"title":"Comenz\u00f3 la nueva temporada de los econochantas y de las presiones del poder econ\u00f3mico","author":"Radio Music","date":"enero 24, 2021","format":false,"excerpt":"El comunicado de la UIA en contra de la prohibici\u00f3n de despidos y la doble indemnizaci\u00f3n, la cadena nacional de economistas medi\u00e1ticos convocando fantasmas de desbordes y la oposici\u00f3n militante del establishment y su red de medios de derecha conforman el marco econ\u00f3mico-pol\u00edtico para condicionar al gobierno del Frente de\u2026","rel":"","context":"En \u00abSin categor\u00eda\u00bb","block_context":{"text":"Sin categor\u00eda","link":"https:\/\/1005.com.ar\/index.php\/category\/sin-categoria\/"},"img":{"alt_text":"","src":"https:\/\/i0.wp.com\/1005.com.ar\/wp-content\/uploads\/2021\/01\/dolar-blue.jpg?resize=350%2C200&ssl=1","width":350,"height":200,"srcset":"https:\/\/i0.wp.com\/1005.com.ar\/wp-content\/uploads\/2021\/01\/dolar-blue.jpg?resize=350%2C200&ssl=1 1x, https:\/\/i0.wp.com\/1005.com.ar\/wp-content\/uploads\/2021\/01\/dolar-blue.jpg?resize=525%2C300&ssl=1 1.5x, https:\/\/i0.wp.com\/1005.com.ar\/wp-content\/uploads\/2021\/01\/dolar-blue.jpg?resize=700%2C400&ssl=1 2x, https:\/\/i0.wp.com\/1005.com.ar\/wp-content\/uploads\/2021\/01\/dolar-blue.jpg?resize=1050%2C600&ssl=1 3x"},"classes":[]},{"id":6762,"url":"https:\/\/1005.com.ar\/index.php\/2026\/03\/08\/8m-nada-que-celebrar\/","url_meta":{"origin":2279,"position":2},"title":"8M: Nada que celebrar\u00a0","author":"Julieta Di Rocco","date":"marzo 8, 2026","format":false,"excerpt":"En un mundo que naturaliza el abuso y la violencia contra las mujeres, hagamos de esta fecha un d\u00eda clave para crear una nueva consciencia colectiva. POR\u00a0Equipo Sophia https:\/\/www.sophiaonline.com.ar\/8m-nada-que-celebrar","rel":"","context":"En \u00abSin categor\u00eda\u00bb","block_context":{"text":"Sin categor\u00eda","link":"https:\/\/1005.com.ar\/index.php\/category\/sin-categoria\/"},"img":{"alt_text":"","src":"https:\/\/i0.wp.com\/1005.com.ar\/wp-content\/uploads\/2026\/03\/8M-1170x659-1.png?resize=350%2C200&ssl=1","width":350,"height":200,"srcset":"https:\/\/i0.wp.com\/1005.com.ar\/wp-content\/uploads\/2026\/03\/8M-1170x659-1.png?resize=350%2C200&ssl=1 1x, https:\/\/i0.wp.com\/1005.com.ar\/wp-content\/uploads\/2026\/03\/8M-1170x659-1.png?resize=525%2C300&ssl=1 1.5x, https:\/\/i0.wp.com\/1005.com.ar\/wp-content\/uploads\/2026\/03\/8M-1170x659-1.png?resize=700%2C400&ssl=1 2x, https:\/\/i0.wp.com\/1005.com.ar\/wp-content\/uploads\/2026\/03\/8M-1170x659-1.png?resize=1050%2C600&ssl=1 3x"},"classes":[]},{"id":1379,"url":"https:\/\/1005.com.ar\/index.php\/2021\/01\/30\/covid-19-en-europa-ya-se-usan-los-barbijos-medicos-en-la-calle-que-dicen-los-expertos-argentinos\/","url_meta":{"origin":2279,"position":3},"title":"Covid-19. En Europa ya se usan los barbijos m\u00e9dicos en la calle, \u00bfqu\u00e9 dicen los expertos argentinos?","author":"Radio Music","date":"enero 30, 2021","format":false,"excerpt":"Por la nueva ola de infectados y las cepas m\u00e1s potentes, el modelo N95 aparece como el m\u00e1s indicado para prevenir el coronavirus","rel":"","context":"En \u00abSin categor\u00eda\u00bb","block_context":{"text":"Sin categor\u00eda","link":"https:\/\/1005.com.ar\/index.php\/category\/sin-categoria\/"},"img":{"alt_text":"","src":"https:\/\/i0.wp.com\/1005.com.ar\/wp-content\/uploads\/2021\/01\/G7A6GZERZNEB7EHRP5HZHWZFKQ.jpg?resize=350%2C200&ssl=1","width":350,"height":200,"srcset":"https:\/\/i0.wp.com\/1005.com.ar\/wp-content\/uploads\/2021\/01\/G7A6GZERZNEB7EHRP5HZHWZFKQ.jpg?resize=350%2C200&ssl=1 1x, https:\/\/i0.wp.com\/1005.com.ar\/wp-content\/uploads\/2021\/01\/G7A6GZERZNEB7EHRP5HZHWZFKQ.jpg?resize=525%2C300&ssl=1 1.5x, https:\/\/i0.wp.com\/1005.com.ar\/wp-content\/uploads\/2021\/01\/G7A6GZERZNEB7EHRP5HZHWZFKQ.jpg?resize=700%2C400&ssl=1 2x"},"classes":[]},{"id":3178,"url":"https:\/\/1005.com.ar\/index.php\/2022\/07\/21\/la-feria-de-editores-multiplica-su-experiencia-con-nueva-sede-mas-sellos-y-nuevas-propuestas\/","url_meta":{"origin":2279,"position":4},"title":"La Feria de Editores multiplica su experiencia con nueva sede, m\u00e1s sellos y nuevas propuestas","author":"Julieta Di Rocco","date":"julio 21, 2022","format":false,"excerpt":"El pr\u00f3ximo 5,6 y 7 de agosto llega una nueva edici\u00f3n de la Feria de Editores, esta vez en el C Complejo Art Media en el porte\u00f1o barrio de Chacarita de la Ciudad de Buenos Aires. https:\/\/www.telam.com.ar\/notas\/202207\/599251-feria-de-editores.html","rel":"","context":"En \u00abSin categor\u00eda\u00bb","block_context":{"text":"Sin categor\u00eda","link":"https:\/\/1005.com.ar\/index.php\/category\/sin-categoria\/"},"img":{"alt_text":"","src":"https:\/\/i0.wp.com\/1005.com.ar\/wp-content\/uploads\/2022\/07\/62d9b1ce4c955_900.jpg?resize=350%2C200&ssl=1","width":350,"height":200,"srcset":"https:\/\/i0.wp.com\/1005.com.ar\/wp-content\/uploads\/2022\/07\/62d9b1ce4c955_900.jpg?resize=350%2C200&ssl=1 1x, https:\/\/i0.wp.com\/1005.com.ar\/wp-content\/uploads\/2022\/07\/62d9b1ce4c955_900.jpg?resize=525%2C300&ssl=1 1.5x, https:\/\/i0.wp.com\/1005.com.ar\/wp-content\/uploads\/2022\/07\/62d9b1ce4c955_900.jpg?resize=700%2C400&ssl=1 2x"},"classes":[]},{"id":2379,"url":"https:\/\/1005.com.ar\/index.php\/2021\/11\/26\/el-mundo-en-alerta-por-la-nueva-variante-de-covid-19-paises-toman-nuevas-medidas\/","url_meta":{"origin":2279,"position":5},"title":"El mundo en alerta por la nueva variante de Covid-19: pa\u00edses toman nuevas medidas","author":"Radio Music","date":"noviembre 26, 2021","format":false,"excerpt":"La nueva oleada y el descubrimiento de la nueva variante llega en un momento en que tanto Europa como Estados Unidos se preparan para el invierno boreal. Las autoridades globales se ponen en alarma ante la\u00a0nueva variante de\u00a0coronavirus\u00a0detectada en Sud\u00e1frica, con la Uni\u00f3n Europea, Reino Unido e India entre los\u2026","rel":"","context":"En \u00abSin categor\u00eda\u00bb","block_context":{"text":"Sin categor\u00eda","link":"https:\/\/1005.com.ar\/index.php\/category\/sin-categoria\/"},"img":{"alt_text":"","src":"https:\/\/i0.wp.com\/1005.com.ar\/wp-content\/uploads\/2021\/11\/covidjpg.jpg?resize=350%2C200&ssl=1","width":350,"height":200,"srcset":"https:\/\/i0.wp.com\/1005.com.ar\/wp-content\/uploads\/2021\/11\/covidjpg.jpg?resize=350%2C200&ssl=1 1x, https:\/\/i0.wp.com\/1005.com.ar\/wp-content\/uploads\/2021\/11\/covidjpg.jpg?resize=525%2C300&ssl=1 1.5x, https:\/\/i0.wp.com\/1005.com.ar\/wp-content\/uploads\/2021\/11\/covidjpg.jpg?resize=700%2C400&ssl=1 2x"},"classes":[]}],"jetpack_likes_enabled":true,"jetpack_sharing_enabled":true,"_links":{"self":[{"href":"https:\/\/1005.com.ar\/index.php\/wp-json\/wp\/v2\/posts\/2279","targetHints":{"allow":["GET"]}}],"collection":[{"href":"https:\/\/1005.com.ar\/index.php\/wp-json\/wp\/v2\/posts"}],"about":[{"href":"https:\/\/1005.com.ar\/index.php\/wp-json\/wp\/v2\/types\/post"}],"author":[{"embeddable":true,"href":"https:\/\/1005.com.ar\/index.php\/wp-json\/wp\/v2\/users\/3"}],"replies":[{"embeddable":true,"href":"https:\/\/1005.com.ar\/index.php\/wp-json\/wp\/v2\/comments?post=2279"}],"version-history":[{"count":0,"href":"https:\/\/1005.com.ar\/index.php\/wp-json\/wp\/v2\/posts\/2279\/revisions"}],"wp:featuredmedia":[{"embeddable":true,"href":"https:\/\/1005.com.ar\/index.php\/wp-json\/wp\/v2\/media\/2280"}],"wp:attachment":[{"href":"https:\/\/1005.com.ar\/index.php\/wp-json\/wp\/v2\/media?parent=2279"}],"wp:term":[{"taxonomy":"category","embeddable":true,"href":"https:\/\/1005.com.ar\/index.php\/wp-json\/wp\/v2\/categories?post=2279"},{"taxonomy":"post_tag","embeddable":true,"href":"https:\/\/1005.com.ar\/index.php\/wp-json\/wp\/v2\/tags?post=2279"}],"curies":[{"name":"wp","href":"https:\/\/api.w.org\/{rel}","templated":true}]}}