{"id":2273,"date":"2021-09-20T23:32:46","date_gmt":"2021-09-21T02:32:46","guid":{"rendered":"https:\/\/1005.com.ar\/?p=2273"},"modified":"2021-09-20T23:32:47","modified_gmt":"2021-09-21T02:32:47","slug":"canticos-tucumanos-la-ausencia-de-cristina-kirchner-y-mensajes-de-unidad-el-detras-de-escena-de-la-jura-de-los-nuevos-ministros","status":"publish","type":"post","link":"https:\/\/1005.com.ar\/index.php\/2021\/09\/20\/canticos-tucumanos-la-ausencia-de-cristina-kirchner-y-mensajes-de-unidad-el-detras-de-escena-de-la-jura-de-los-nuevos-ministros\/","title":{"rendered":"C\u00e1nticos tucumanos, la ausencia de Cristina Kirchner y mensajes de unidad: el detr\u00e1s de escena de la jura de los nuevos ministros"},"content":{"rendered":"\n<p>El nuevo jefe de Gabinete, Juan Manzur, tuvo alto protagonismo en el acto en el Museo del Bicentenario. Y An\u00edbal Fern\u00e1ndez se mostr\u00f3 de muy buen humor en conferencia de prensa. En la intimidad de los despachos se busc\u00f3 suturar las heridas abiertas por la batalla interna del Frente de Todos post-PASO<\/p>\n\n\n\n<p><a href=\"https:\/\/www.infobae.com\/politica\/2021\/09\/20\/canticos-tucumanos-la-ausencia-de-cristina-kirchner-y-mensajes-de-unidad-el-detras-de-escena-de-la-jura-de-los-nuevos-ministros\/\">https:\/\/www.infobae.com\/politica\/2021\/09\/20\/canticos-tucumanos-la-ausencia-de-cristina-kirchner-y-mensajes-de-unidad-el-detras-de-escena-de-la-jura-de-los-nuevos-ministros\/<\/a><\/p>\n","protected":false},"excerpt":{"rendered":"<p>El nuevo jefe de Gabinete, Juan Manzur, tuvo alto protagonismo en el acto en el Museo del Bicentenario. Y An\u00edbal<\/p>\n","protected":false},"author":3,"featured_media":2274,"comment_status":"open","ping_status":"closed","sticky":false,"template":"","format":"standard","meta":{"jetpack_post_was_ever_published":false,"_jetpack_newsletter_access":"","_jetpack_dont_email_post_to_subs":false,"_jetpack_newsletter_tier_id":0,"_jetpack_memberships_contains_paywalled_content":false,"_jetpack_memberships_contains_paid_content":false,"footnotes":"","jetpack_publicize_message":"","jetpack_publicize_feature_enabled":true,"jetpack_social_post_already_shared":true,"jetpack_social_options":{"image_generator_settings":{"template":"highway","default_image_id":0,"font":"","enabled":false},"version":2}},"categories":[1],"tags":[],"class_list":["post-2273","post","type-post","status-publish","format-standard","has-post-thumbnail","hentry","category-sin-categoria"],"jetpack_publicize_connections":[],"jetpack_featured_media_url":"https:\/\/1005.com.ar\/wp-content\/uploads\/2021\/09\/DRBGE5INXBCDBCQBQTZCMH227E.jpg","jetpack-related-posts":[{"id":3043,"url":"https:\/\/1005.com.ar\/index.php\/2022\/07\/05\/luego-de-la-jura-de-batakis-alberto-fernandez-y-cristina-kirchner-se-reunieron-en-olivos\/","url_meta":{"origin":2273,"position":0},"title":"Luego de la jura de Batakis, Alberto Fern\u00e1ndez y Cristina Kirchner se reunieron en Olivos","author":"Julieta Di Rocco","date":"julio 5, 2022","format":false,"excerpt":"Los gobernadores hab\u00edan pedido la presencia de la Vice en la jura de la nueva ministra para tener una foto de unidad. El encuentro se posterg\u00f3 todo el d\u00eda. En la Rosada no descartan nuevos cambios. https:\/\/www.pagina12.com.ar\/434484-luego-de-la-jura-de-batakis-alberto-fernandez-y-cristina-kir","rel":"","context":"En \u00abSin categor\u00eda\u00bb","block_context":{"text":"Sin categor\u00eda","link":"https:\/\/1005.com.ar\/index.php\/category\/sin-categoria\/"},"img":{"alt_text":"","src":"https:\/\/i0.wp.com\/1005.com.ar\/wp-content\/uploads\/2022\/07\/570149-whatsapp-20image-202022-07-05-20at-2012-18-28-20am-0.jpeg?resize=350%2C200&ssl=1","width":350,"height":200,"srcset":"https:\/\/i0.wp.com\/1005.com.ar\/wp-content\/uploads\/2022\/07\/570149-whatsapp-20image-202022-07-05-20at-2012-18-28-20am-0.jpeg?resize=350%2C200&ssl=1 1x, https:\/\/i0.wp.com\/1005.com.ar\/wp-content\/uploads\/2022\/07\/570149-whatsapp-20image-202022-07-05-20at-2012-18-28-20am-0.jpeg?resize=525%2C300&ssl=1 1.5x, https:\/\/i0.wp.com\/1005.com.ar\/wp-content\/uploads\/2022\/07\/570149-whatsapp-20image-202022-07-05-20at-2012-18-28-20am-0.jpeg?resize=700%2C400&ssl=1 2x"},"classes":[]},{"id":2437,"url":"https:\/\/1005.com.ar\/index.php\/2021\/12\/08\/el-senado-sesiona-este-jueves-tras-la-jura-de-los-nuevos-legisladores\/","url_meta":{"origin":2273,"position":1},"title":"El Senado sesiona este jueves tras la jura de los nuevos legisladores","author":"Radio Music","date":"diciembre 8, 2021","format":false,"excerpt":"Despu\u00e9s de la ceremonia, los senadores\u00a0debatir\u00e1n un paquete de proyectos de ley y la validez de algunos Decretos de Necesidad y Urgencia (DNU)\u00a0emitidos por el Poder Ejecutivo durante el \u00faltimo a\u00f1o. https:\/\/www.telam.com.ar\/notas\/202112\/577255-senado-jura-legisladores-kirchner-congreso.html","rel":"","context":"En \u00abSin categor\u00eda\u00bb","block_context":{"text":"Sin categor\u00eda","link":"https:\/\/1005.com.ar\/index.php\/category\/sin-categoria\/"},"img":{"alt_text":"","src":"https:\/\/i0.wp.com\/1005.com.ar\/wp-content\/uploads\/2021\/12\/5dde53b35c954_900.jpg?resize=350%2C200&ssl=1","width":350,"height":200,"srcset":"https:\/\/i0.wp.com\/1005.com.ar\/wp-content\/uploads\/2021\/12\/5dde53b35c954_900.jpg?resize=350%2C200&ssl=1 1x, https:\/\/i0.wp.com\/1005.com.ar\/wp-content\/uploads\/2021\/12\/5dde53b35c954_900.jpg?resize=525%2C300&ssl=1 1.5x, https:\/\/i0.wp.com\/1005.com.ar\/wp-content\/uploads\/2021\/12\/5dde53b35c954_900.jpg?resize=700%2C400&ssl=1 2x"},"classes":[]},{"id":3916,"url":"https:\/\/1005.com.ar\/index.php\/2023\/02\/18\/unidad-para-romper-la-proscripcion\/","url_meta":{"origin":2273,"position":2},"title":"UNIDAD PARA ROMPER LA PROSCRIPCI\u00d3N","author":"Julieta Di Rocco","date":"febrero 18, 2023","format":false,"excerpt":"Desde el Frente de Todxs de la S\u00e9ptima secci\u00f3n ratificamos nuestro compromiso para trabajar contra la proscripci\u00f3n a Cristina Fernandez de Kirchner. Ning\u00fan poder econ\u00f3mico, medi\u00e1tico ni mafia judicial puede interponerse entre Cristina y la voluntad popular. Junto a intendentes, legisladores, presidentes de PJ y m\u00e1s de 600 compa\u00f1erxs de\u2026","rel":"","context":"En \u00abSin categor\u00eda\u00bb","block_context":{"text":"Sin categor\u00eda","link":"https:\/\/1005.com.ar\/index.php\/category\/sin-categoria\/"},"img":{"alt_text":"","src":"https:\/\/i0.wp.com\/1005.com.ar\/wp-content\/uploads\/2023\/02\/329510232_6004693656273336_4933964607921523903_n.jpg?resize=350%2C200&ssl=1","width":350,"height":200,"srcset":"https:\/\/i0.wp.com\/1005.com.ar\/wp-content\/uploads\/2023\/02\/329510232_6004693656273336_4933964607921523903_n.jpg?resize=350%2C200&ssl=1 1x, https:\/\/i0.wp.com\/1005.com.ar\/wp-content\/uploads\/2023\/02\/329510232_6004693656273336_4933964607921523903_n.jpg?resize=525%2C300&ssl=1 1.5x, https:\/\/i0.wp.com\/1005.com.ar\/wp-content\/uploads\/2023\/02\/329510232_6004693656273336_4933964607921523903_n.jpg?resize=700%2C400&ssl=1 2x"},"classes":[]},{"id":3399,"url":"https:\/\/1005.com.ar\/index.php\/2022\/08\/29\/gioja-sobre-cristina-kirchner-lo-que-esta-pasando-con-la-vicepresidenta-es-arbitrario\/","url_meta":{"origin":2273,"position":3},"title":"Gioja sobre Cristina Kirchner: \u00abLo que est\u00e1 pasando con la vicepresidenta es arbitrario\u00bb","author":"Julieta Di Rocco","date":"agosto 29, 2022","format":false,"excerpt":"https:\/\/www.telam.com.ar\/notas\/202208\/603135-jose-luis-gioja-cristina-kirchner-vicepresidenta-arbitrariedad.html","rel":"","context":"En \u00abSin categor\u00eda\u00bb","block_context":{"text":"Sin categor\u00eda","link":"https:\/\/1005.com.ar\/index.php\/category\/sin-categoria\/"},"img":{"alt_text":"","src":"https:\/\/i0.wp.com\/1005.com.ar\/wp-content\/uploads\/2022\/08\/603bdb945a297_900.jpg?resize=350%2C200&ssl=1","width":350,"height":200,"srcset":"https:\/\/i0.wp.com\/1005.com.ar\/wp-content\/uploads\/2022\/08\/603bdb945a297_900.jpg?resize=350%2C200&ssl=1 1x, https:\/\/i0.wp.com\/1005.com.ar\/wp-content\/uploads\/2022\/08\/603bdb945a297_900.jpg?resize=525%2C300&ssl=1 1.5x, https:\/\/i0.wp.com\/1005.com.ar\/wp-content\/uploads\/2022\/08\/603bdb945a297_900.jpg?resize=700%2C400&ssl=1 2x"},"classes":[]},{"id":3259,"url":"https:\/\/1005.com.ar\/index.php\/2022\/08\/01\/juicio-a-cristina-kirchner-en-vivo-el-fiscal-aseguro-que-nestor-y-cristina-instalaron-una-de-las-matrices-mas-extraordinarias-de-corrupcion\/","url_meta":{"origin":2273,"position":4},"title":"Juicio a Cristina Kirchner, EN VIVO: el fiscal asegur\u00f3 que \u201cN\u00e9stor y Cristina instalaron una de las matrices m\u00e1s extraordinarias de corrupci\u00f3n\u201d","author":"Julieta Di Rocco","date":"agosto 1, 2022","format":false,"excerpt":"La ex presidenta est\u00e1 conectada desde su despacho en el Senado. https:\/\/www.clarin.com\/politica\/juicio-cristina-kirchner-vivo-fiscal-aseguro-nestor-cristina-instalaron-matrices-extraordinarias-corrupcion-_0_89kgnjl6fi.html","rel":"","context":"En \u00abSin categor\u00eda\u00bb","block_context":{"text":"Sin categor\u00eda","link":"https:\/\/1005.com.ar\/index.php\/category\/sin-categoria\/"},"img":{"alt_text":"","src":"https:\/\/i0.wp.com\/1005.com.ar\/wp-content\/uploads\/2022\/08\/RRKLJCZ6NRG63DMDLRLKAVPPLQ.webp?resize=350%2C200&ssl=1","width":350,"height":200},"classes":[]},{"id":5798,"url":"https:\/\/1005.com.ar\/index.php\/2025\/03\/09\/cristina-kirchner-cruzo-a-milei-por-el-acuerdo-con-el-fmi-deja-de-mentirle-a-la-gente\/","url_meta":{"origin":2273,"position":5},"title":"Cristina Kirchner cruz\u00f3 a Milei por el acuerdo con el FMI: \u00abDej\u00e1 de mentirle a la gente\u00bb","author":"Julieta Di Rocco","date":"marzo 9, 2025","format":false,"excerpt":"https:\/\/www.pagina12.com.ar\/809441-cristina-kirchner-cruzo-a-milei-por-el-acuerdo-con-el-fmi-de","rel":"","context":"En \u00abSin categor\u00eda\u00bb","block_context":{"text":"Sin categor\u00eda","link":"https:\/\/1005.com.ar\/index.php\/category\/sin-categoria\/"},"img":{"alt_text":"","src":"https:\/\/i0.wp.com\/1005.com.ar\/wp-content\/uploads\/2025\/03\/919595-8-b.jpg?resize=350%2C200&ssl=1","width":350,"height":200,"srcset":"https:\/\/i0.wp.com\/1005.com.ar\/wp-content\/uploads\/2025\/03\/919595-8-b.jpg?resize=350%2C200&ssl=1 1x, https:\/\/i0.wp.com\/1005.com.ar\/wp-content\/uploads\/2025\/03\/919595-8-b.jpg?resize=525%2C300&ssl=1 1.5x, https:\/\/i0.wp.com\/1005.com.ar\/wp-content\/uploads\/2025\/03\/919595-8-b.jpg?resize=700%2C400&ssl=1 2x"},"classes":[]}],"jetpack_likes_enabled":true,"jetpack_sharing_enabled":true,"_links":{"self":[{"href":"https:\/\/1005.com.ar\/index.php\/wp-json\/wp\/v2\/posts\/2273","targetHints":{"allow":["GET"]}}],"collection":[{"href":"https:\/\/1005.com.ar\/index.php\/wp-json\/wp\/v2\/posts"}],"about":[{"href":"https:\/\/1005.com.ar\/index.php\/wp-json\/wp\/v2\/types\/post"}],"author":[{"embeddable":true,"href":"https:\/\/1005.com.ar\/index.php\/wp-json\/wp\/v2\/users\/3"}],"replies":[{"embeddable":true,"href":"https:\/\/1005.com.ar\/index.php\/wp-json\/wp\/v2\/comments?post=2273"}],"version-history":[{"count":0,"href":"https:\/\/1005.com.ar\/index.php\/wp-json\/wp\/v2\/posts\/2273\/revisions"}],"wp:featuredmedia":[{"embeddable":true,"href":"https:\/\/1005.com.ar\/index.php\/wp-json\/wp\/v2\/media\/2274"}],"wp:attachment":[{"href":"https:\/\/1005.com.ar\/index.php\/wp-json\/wp\/v2\/media?parent=2273"}],"wp:term":[{"taxonomy":"category","embeddable":true,"href":"https:\/\/1005.com.ar\/index.php\/wp-json\/wp\/v2\/categories?post=2273"},{"taxonomy":"post_tag","embeddable":true,"href":"https:\/\/1005.com.ar\/index.php\/wp-json\/wp\/v2\/tags?post=2273"}],"curies":[{"name":"wp","href":"https:\/\/api.w.org\/{rel}","templated":true}]}}