{"id":2266,"date":"2021-09-02T13:11:37","date_gmt":"2021-09-02T16:11:37","guid":{"rendered":"https:\/\/1005.com.ar\/?p=2266"},"modified":"2021-09-02T13:11:39","modified_gmt":"2021-09-02T16:11:39","slug":"juegos-paralimpicos-si-habia-cinco-metros-mas-hubiese-ganado","status":"publish","type":"post","link":"https:\/\/1005.com.ar\/index.php\/2021\/09\/02\/juegos-paralimpicos-si-habia-cinco-metros-mas-hubiese-ganado\/","title":{"rendered":"Juegos Paral\u00edmpicos: \u00abSi hab\u00eda cinco metros m\u00e1s, hubiese ganado\u00bb"},"content":{"rendered":"\n<p>El nadador rosarino, inconformista como pocos, dej\u00f3 sus sensaciones tras la conquista y repas\u00f3 sus or\u00edgenes en el deporte. La jornada argentina y la presentaci\u00f3n de Los Murci\u00e9lagos.<\/p>\n\n\n\n<p><a href=\"https:\/\/www.pagina12.com.ar\/365314-juegos-paralimpicos-si-habia-cinco-metros-mas-hubiese-ganado\">https:\/\/www.pagina12.com.ar\/365314-juegos-paralimpicos-si-habia-cinco-metros-mas-hubiese-ganado<\/a><\/p>\n","protected":false},"excerpt":{"rendered":"<p>El nadador rosarino, inconformista como pocos, dej\u00f3 sus sensaciones tras la conquista y repas\u00f3 sus or\u00edgenes en el deporte. La<\/p>\n","protected":false},"author":3,"featured_media":2267,"comment_status":"open","ping_status":"closed","sticky":false,"template":"","format":"standard","meta":{"jetpack_post_was_ever_published":false,"_jetpack_newsletter_access":"","_jetpack_dont_email_post_to_subs":false,"_jetpack_newsletter_tier_id":0,"_jetpack_memberships_contains_paywalled_content":false,"_jetpack_memberships_contains_paid_content":false,"footnotes":"","jetpack_publicize_message":"","jetpack_publicize_feature_enabled":true,"jetpack_social_post_already_shared":true,"jetpack_social_options":{"image_generator_settings":{"template":"highway","default_image_id":0,"font":"","enabled":false},"version":2}},"categories":[1],"tags":[],"class_list":["post-2266","post","type-post","status-publish","format-standard","has-post-thumbnail","hentry","category-sin-categoria"],"jetpack_publicize_connections":[],"jetpack_featured_media_url":"https:\/\/1005.com.ar\/wp-content\/uploads\/2021\/09\/descarga-3.jpg","jetpack-related-posts":[{"id":2101,"url":"https:\/\/1005.com.ar\/index.php\/2021\/06\/20\/los-juegos-de-tokio-ya-tienen-su-villa-olimpica\/","url_meta":{"origin":2266,"position":0},"title":"Los Juegos de Tokio ya tienen su Villa Ol\u00edmpica","author":"Radio Music","date":"junio 20, 2021","format":false,"excerpt":"Mientras las cr\u00edticas de propios y extra\u00f1os no cesan, los\u00a0Juegos Ol\u00edmpicos y Paral\u00edmpicos de Tokio\u00a0avanzan contra viento y pandemia y ya cuentan con la siempre infaltable\u00a0Villa Ol\u00edmpica, inaugurada este domingo\u00a0en un evento con presencia de la prensa. A poco m\u00e1s de un mes para el inicio de la competencia (se\u2026","rel":"","context":"En \u00abSin categor\u00eda\u00bb","block_context":{"text":"Sin categor\u00eda","link":"https:\/\/1005.com.ar\/index.php\/category\/sin-categoria\/"},"img":{"alt_text":"","src":"","width":0,"height":0},"classes":[]},{"id":1301,"url":"https:\/\/1005.com.ar\/index.php\/2021\/01\/27\/tokio-2021-entre-el-negocio-y-la-esperanza\/","url_meta":{"origin":2266,"position":1},"title":"Tokio 2021, entre el negocio y la esperanza","author":"Radio Music","date":"enero 27, 2021","format":false,"excerpt":"Los Juegos Ol\u00edmpicos, lejos de las prioridades entre los habitantes de Tokio","rel":"","context":"En \u00abSin categor\u00eda\u00bb","block_context":{"text":"Sin categor\u00eda","link":"https:\/\/1005.com.ar\/index.php\/category\/sin-categoria\/"},"img":{"alt_text":"","src":"https:\/\/i0.wp.com\/1005.com.ar\/wp-content\/uploads\/2021\/01\/3587974w1033.jpg?resize=350%2C200&ssl=1","width":350,"height":200,"srcset":"https:\/\/i0.wp.com\/1005.com.ar\/wp-content\/uploads\/2021\/01\/3587974w1033.jpg?resize=350%2C200&ssl=1 1x, https:\/\/i0.wp.com\/1005.com.ar\/wp-content\/uploads\/2021\/01\/3587974w1033.jpg?resize=525%2C300&ssl=1 1.5x, https:\/\/i0.wp.com\/1005.com.ar\/wp-content\/uploads\/2021\/01\/3587974w1033.jpg?resize=700%2C400&ssl=1 2x"},"classes":[]},{"id":1689,"url":"https:\/\/1005.com.ar\/index.php\/2021\/02\/28\/barcelona-no-sabe-cuidar-a-sus-idolos\/","url_meta":{"origin":2266,"position":2},"title":"\u00abBarcelona no sabe cuidar a sus \u00eddolos\u00bb","author":"Radio Music","date":"febrero 28, 2021","format":false,"excerpt":"Di\u00e1logo con el catal\u00e1n Ram\u00f3n Besa, autor de Maradona, historia de un desencuentro","rel":"","context":"En \u00abSin categor\u00eda\u00bb","block_context":{"text":"Sin categor\u00eda","link":"https:\/\/1005.com.ar\/index.php\/category\/sin-categoria\/"},"img":{"alt_text":"","src":"https:\/\/i0.wp.com\/1005.com.ar\/wp-content\/uploads\/2021\/02\/descarga-1-7.jpg?resize=350%2C200&ssl=1","width":350,"height":200},"classes":[]},{"id":1962,"url":"https:\/\/1005.com.ar\/index.php\/2021\/04\/24\/juegos-olimpicos-japon-decreto-el-estadio-de-emergencia-por-el-coronavirus\/","url_meta":{"origin":2266,"position":3},"title":"Juegos Ol\u00edmpicos: Jap\u00f3n decret\u00f3 el estadio de emergencia por el coronavirus","author":"Radio Music","date":"abril 24, 2021","format":false,"excerpt":"El\u00a0Gobierno japon\u00e9s declar\u00f3 este viernes un nuevo estado de emergencia en Tokio y en otras tres regiones por un aumento de los contagios por coronavirus\u00a0y a tres meses del inicio de los Juegos Ol\u00edmpicos. \"Hemos decidido declarar un\u00a0estado de emergencia en los departamentos de Tokio, Kioto, Osaka y Hyogo\", anunci\u00f3\u00a0el\u2026","rel":"","context":"En \u00abSin categor\u00eda\u00bb","block_context":{"text":"Sin categor\u00eda","link":"https:\/\/1005.com.ar\/index.php\/category\/sin-categoria\/"},"img":{"alt_text":"","src":"","width":0,"height":0},"classes":[]},{"id":2210,"url":"https:\/\/1005.com.ar\/index.php\/2021\/08\/08\/con-la-ceremonia-de-clausura-tokio-2020-bajo-la-persiana-y-paris-2024-abrio-la-puerta-de-sus-juegos-olimpicos\/","url_meta":{"origin":2266,"position":4},"title":"Con la ceremonia de clausura, Tokio 2020 baj\u00f3 la persiana y Par\u00eds 2024 abri\u00f3 la puerta de sus Juegos Ol\u00edmpicos","author":"Radio Music","date":"agosto 8, 2021","format":false,"excerpt":"Los Juegos Ol\u00edmpicos de Tokio 2020 tuvieron su cierre en esta noche del domingo japon\u00e9s con una ceremonia de clausura que, con sencillez, luci\u00f3 la riqueza cultural japonesa y envi\u00f3 un mensaje de agradecimiento al pa\u00eds por albergar el mayor espect\u00e1culo del deporte bajo condiciones de emergencia. Y la posta\u2026","rel":"","context":"En \u00abSin categor\u00eda\u00bb","block_context":{"text":"Sin categor\u00eda","link":"https:\/\/1005.com.ar\/index.php\/category\/sin-categoria\/"},"img":{"alt_text":"","src":"","width":0,"height":0},"classes":[]},{"id":1592,"url":"https:\/\/1005.com.ar\/index.php\/2021\/02\/15\/el-legado-de-la-convertibilidad\/","url_meta":{"origin":2266,"position":5},"title":"El legado de la convertibilidad","author":"Radio Music","date":"febrero 15, 2021","format":false,"excerpt":"Sin ninguna duda, la figura de Domingo Cavallo qued\u00f3 atada a la imagen del gobierno de Carlos Menem en su faz econ\u00f3mica en forma indeleble, aunque s\u00f3lo fue ministro durante cinco a\u00f1os. Pero dej\u00f3 marcada una l\u00ednea imborrable en la econom\u00eda argentina con su Plan de Convertibilidad. El \"uno a\u2026","rel":"","context":"En \u00abSin categor\u00eda\u00bb","block_context":{"text":"Sin categor\u00eda","link":"https:\/\/1005.com.ar\/index.php\/category\/sin-categoria\/"},"img":{"alt_text":"","src":"https:\/\/i0.wp.com\/1005.com.ar\/wp-content\/uploads\/2021\/02\/menem_1553739367.jpg?resize=350%2C200&ssl=1","width":350,"height":200,"srcset":"https:\/\/i0.wp.com\/1005.com.ar\/wp-content\/uploads\/2021\/02\/menem_1553739367.jpg?resize=350%2C200&ssl=1 1x, https:\/\/i0.wp.com\/1005.com.ar\/wp-content\/uploads\/2021\/02\/menem_1553739367.jpg?resize=525%2C300&ssl=1 1.5x, https:\/\/i0.wp.com\/1005.com.ar\/wp-content\/uploads\/2021\/02\/menem_1553739367.jpg?resize=700%2C400&ssl=1 2x, https:\/\/i0.wp.com\/1005.com.ar\/wp-content\/uploads\/2021\/02\/menem_1553739367.jpg?resize=1050%2C600&ssl=1 3x"},"classes":[]}],"jetpack_likes_enabled":true,"jetpack_sharing_enabled":true,"_links":{"self":[{"href":"https:\/\/1005.com.ar\/index.php\/wp-json\/wp\/v2\/posts\/2266","targetHints":{"allow":["GET"]}}],"collection":[{"href":"https:\/\/1005.com.ar\/index.php\/wp-json\/wp\/v2\/posts"}],"about":[{"href":"https:\/\/1005.com.ar\/index.php\/wp-json\/wp\/v2\/types\/post"}],"author":[{"embeddable":true,"href":"https:\/\/1005.com.ar\/index.php\/wp-json\/wp\/v2\/users\/3"}],"replies":[{"embeddable":true,"href":"https:\/\/1005.com.ar\/index.php\/wp-json\/wp\/v2\/comments?post=2266"}],"version-history":[{"count":0,"href":"https:\/\/1005.com.ar\/index.php\/wp-json\/wp\/v2\/posts\/2266\/revisions"}],"wp:featuredmedia":[{"embeddable":true,"href":"https:\/\/1005.com.ar\/index.php\/wp-json\/wp\/v2\/media\/2267"}],"wp:attachment":[{"href":"https:\/\/1005.com.ar\/index.php\/wp-json\/wp\/v2\/media?parent=2266"}],"wp:term":[{"taxonomy":"category","embeddable":true,"href":"https:\/\/1005.com.ar\/index.php\/wp-json\/wp\/v2\/categories?post=2266"},{"taxonomy":"post_tag","embeddable":true,"href":"https:\/\/1005.com.ar\/index.php\/wp-json\/wp\/v2\/tags?post=2266"}],"curies":[{"name":"wp","href":"https:\/\/api.w.org\/{rel}","templated":true}]}}