{"id":2263,"date":"2021-09-02T13:06:50","date_gmt":"2021-09-02T16:06:50","guid":{"rendered":"https:\/\/1005.com.ar\/?p=2263"},"modified":"2021-09-02T13:06:51","modified_gmt":"2021-09-02T16:06:51","slug":"murio-el-compositor-mikis-theodorakis-creador-de-la-musica-de-zorba-el-griego","status":"publish","type":"post","link":"https:\/\/1005.com.ar\/index.php\/2021\/09\/02\/murio-el-compositor-mikis-theodorakis-creador-de-la-musica-de-zorba-el-griego\/","title":{"rendered":"Muri\u00f3 el compositor Mikis Theodorakis, creador de la m\u00fasica de \u00abZorba, el griego\u00bb"},"content":{"rendered":"\n<p>El reconocido\u00a0<strong>compositor griego Mikis Theodorakis,<\/strong>\u00a0uno de los nombres m\u00e1s relevantes de la m\u00fasica en Grecia del siglo XX, falleci\u00f3 este jueves a los 96 a\u00f1os.<\/p>\n\n\n\n<p><a href=\"https:\/\/www.pagina12.com.ar\/365525-murio-el-compositor-mikis-theodorakis-creador-de-la-musica-d\">https:\/\/www.pagina12.com.ar\/365525-murio-el-compositor-mikis-theodorakis-creador-de-la-musica-d<\/a><\/p>\n","protected":false},"excerpt":{"rendered":"<p>El reconocido\u00a0compositor griego Mikis Theodorakis,\u00a0uno de los nombres m\u00e1s relevantes de la m\u00fasica en Grecia del siglo XX, falleci\u00f3 este<\/p>\n","protected":false},"author":3,"featured_media":2264,"comment_status":"open","ping_status":"closed","sticky":false,"template":"","format":"standard","meta":{"jetpack_post_was_ever_published":false,"_jetpack_newsletter_access":"","_jetpack_dont_email_post_to_subs":false,"_jetpack_newsletter_tier_id":0,"_jetpack_memberships_contains_paywalled_content":false,"_jetpack_memberships_contains_paid_content":false,"footnotes":"","jetpack_publicize_message":"","jetpack_publicize_feature_enabled":true,"jetpack_social_post_already_shared":true,"jetpack_social_options":{"image_generator_settings":{"template":"highway","default_image_id":0,"font":"","enabled":false},"version":2}},"categories":[1],"tags":[],"class_list":["post-2263","post","type-post","status-publish","format-standard","has-post-thumbnail","hentry","category-sin-categoria"],"jetpack_publicize_connections":[],"jetpack_featured_media_url":"https:\/\/1005.com.ar\/wp-content\/uploads\/2021\/09\/descarga-2.jpg","jetpack-related-posts":[{"id":1806,"url":"https:\/\/1005.com.ar\/index.php\/2021\/03\/10\/murio-lou-ottens-el-creador-del-cassette\/","url_meta":{"origin":2263,"position":0},"title":"Muri\u00f3 Lou Ottens, el creador del cassette","author":"Radio Music","date":"marzo 10, 2021","format":false,"excerpt":"Una de las creaciones que marc\u00f3 una generaci\u00f3n:\u00a0el\u00a0cassette. Su creador Lou Ottens muri\u00f3 a los 94 a\u00f1os siendo un gran inventor.\u00a0El cassette permiti\u00f3 avanzar tecnol\u00f3gicamente y por ejemplo escuchar m\u00fasica en un auto, siendo f\u00e1cil transportarlo o a trav\u00e9s de un walkman. Este objeto tan avanzado para la \u00e9poca conquist\u00f3\u2026","rel":"","context":"En \u00abSin categor\u00eda\u00bb","block_context":{"text":"Sin categor\u00eda","link":"https:\/\/1005.com.ar\/index.php\/category\/sin-categoria\/"},"img":{"alt_text":"","src":"https:\/\/i0.wp.com\/1005.com.ar\/wp-content\/uploads\/2021\/03\/murio-lou-ottens-el-creador-del-cassette.jpg?resize=350%2C200&ssl=1","width":350,"height":200,"srcset":"https:\/\/i0.wp.com\/1005.com.ar\/wp-content\/uploads\/2021\/03\/murio-lou-ottens-el-creador-del-cassette.jpg?resize=350%2C200&ssl=1 1x, https:\/\/i0.wp.com\/1005.com.ar\/wp-content\/uploads\/2021\/03\/murio-lou-ottens-el-creador-del-cassette.jpg?resize=525%2C300&ssl=1 1.5x, https:\/\/i0.wp.com\/1005.com.ar\/wp-content\/uploads\/2021\/03\/murio-lou-ottens-el-creador-del-cassette.jpg?resize=700%2C400&ssl=1 2x, https:\/\/i0.wp.com\/1005.com.ar\/wp-content\/uploads\/2021\/03\/murio-lou-ottens-el-creador-del-cassette.jpg?resize=1050%2C600&ssl=1 3x"},"classes":[]},{"id":1390,"url":"https:\/\/1005.com.ar\/index.php\/2021\/01\/30\/emilio-solla-el-musico-argentino-que-le-gano-a-chick-corea\/","url_meta":{"origin":2263,"position":1},"title":"Emilio Solla, el m\u00fasico argentino que le gan\u00f3 a Chick Corea","author":"Radio Music","date":"enero 30, 2021","format":false,"excerpt":"Cuando compiti\u00f3 con el notable m\u00fasico estadounidense por un Grammy, el pianista y compositor mendocino radicado en Nueva York se llev\u00f3 el premio","rel":"","context":"En \u00abSin categor\u00eda\u00bb","block_context":{"text":"Sin categor\u00eda","link":"https:\/\/1005.com.ar\/index.php\/category\/sin-categoria\/"},"img":{"alt_text":"","src":"","width":0,"height":0},"classes":[]},{"id":2127,"url":"https:\/\/1005.com.ar\/index.php\/2021\/07\/04\/astor-piazzolla-momentos-el-libro-de-maria-seoane-y-victor-hugo-morales\/","url_meta":{"origin":2263,"position":2},"title":"\u00abAstor Piazzolla. Momentos\u00bb: el libro de Mar\u00eda Seoane y V\u00edctor Hugo Morales","author":"Radio Music","date":"julio 4, 2021","format":false,"excerpt":"Dos lanzamientos de Editorial Octubre celebran al gran bandoneonista y compositor en el centenario de su nacimiento: \"Astor Piazzolla. Momentos\", el libro de Mar\u00eda Seoane y V\u00edctor Hugo Morales, con encuadernaci\u00f3n de lujo y gran despliegue fotogr\u00e1fico, y la reedici\u00f3n en vinilo de \"Piazzolla y su Quinteto en el Teatro\u2026","rel":"","context":"En \u00abSin categor\u00eda\u00bb","block_context":{"text":"Sin categor\u00eda","link":"https:\/\/1005.com.ar\/index.php\/category\/sin-categoria\/"},"img":{"alt_text":"","src":"","width":0,"height":0},"classes":[]},{"id":2820,"url":"https:\/\/1005.com.ar\/index.php\/2022\/04\/07\/murio-en-francia-el-gran-pianista-argentino-miguel-angel-estrella-exembajador-en-la-unesco\/","url_meta":{"origin":2263,"position":3},"title":"Muri\u00f3 en Francia el gran pianista argentino Miguel \u00c1ngel Estrella, exembajador en la Unesco","author":"Julieta Di Rocco","date":"abril 7, 2022","format":false,"excerpt":"Nacido en Tucum\u00e1n, el notable artista ten\u00eda 81 a\u00f1os y resid\u00eda en Francia https:\/\/www.lanacion.com.ar\/espectaculos\/musica\/murio-en-francia-el-gran-pianista-argentino-miguel-angel-estrella-exembajador-en-la-unesco-nid07042022\/","rel":"","context":"En \u00abSin categor\u00eda\u00bb","block_context":{"text":"Sin categor\u00eda","link":"https:\/\/1005.com.ar\/index.php\/category\/sin-categoria\/"},"img":{"alt_text":"","src":"https:\/\/i0.wp.com\/1005.com.ar\/wp-content\/uploads\/2022\/04\/DSBE4WHCPZHNJKBP5IYIARVPJE.webp?resize=350%2C200&ssl=1","width":350,"height":200,"srcset":"https:\/\/i0.wp.com\/1005.com.ar\/wp-content\/uploads\/2022\/04\/DSBE4WHCPZHNJKBP5IYIARVPJE.webp?resize=350%2C200&ssl=1 1x, https:\/\/i0.wp.com\/1005.com.ar\/wp-content\/uploads\/2022\/04\/DSBE4WHCPZHNJKBP5IYIARVPJE.webp?resize=525%2C300&ssl=1 1.5x, https:\/\/i0.wp.com\/1005.com.ar\/wp-content\/uploads\/2022\/04\/DSBE4WHCPZHNJKBP5IYIARVPJE.webp?resize=700%2C400&ssl=1 2x, https:\/\/i0.wp.com\/1005.com.ar\/wp-content\/uploads\/2022\/04\/DSBE4WHCPZHNJKBP5IYIARVPJE.webp?resize=1050%2C600&ssl=1 3x"},"classes":[]},{"id":3557,"url":"https:\/\/1005.com.ar\/index.php\/2022\/10\/28\/murio-jerry-lee-lewis-el-escandalo-del-casamiento-con-una-prima-que-sepulto-su-carrera\/","url_meta":{"origin":2263,"position":4},"title":"Muri\u00f3 Jerry Lee Lewis: el esc\u00e1ndalo del casamiento con una prima, que sepult\u00f3 su carrera","author":"Julieta Di Rocco","date":"octubre 28, 2022","format":false,"excerpt":"A fines de los a\u00f1os '50, el m\u00fasico se perfilaba como uno de los mejores del mundo, pero en una gira por Inglaterra se descubri\u00f3 que estaba casado con una familiar de apenas 13 a\u00f1os. https:\/\/www.clarin.com\/espectaculos\/musica\/murio-jerry-lee-lewis-escandalo-casamiento-prima-sepulto-carrera_0_ucFIGqNiz8.html","rel":"","context":"En \u00abSin categor\u00eda\u00bb","block_context":{"text":"Sin categor\u00eda","link":"https:\/\/1005.com.ar\/index.php\/category\/sin-categoria\/"},"img":{"alt_text":"","src":"https:\/\/i0.wp.com\/1005.com.ar\/wp-content\/uploads\/2022\/10\/doe0VHjgV_1256x620__1.webp?resize=350%2C200&ssl=1","width":350,"height":200,"srcset":"https:\/\/i0.wp.com\/1005.com.ar\/wp-content\/uploads\/2022\/10\/doe0VHjgV_1256x620__1.webp?resize=350%2C200&ssl=1 1x, https:\/\/i0.wp.com\/1005.com.ar\/wp-content\/uploads\/2022\/10\/doe0VHjgV_1256x620__1.webp?resize=525%2C300&ssl=1 1.5x, https:\/\/i0.wp.com\/1005.com.ar\/wp-content\/uploads\/2022\/10\/doe0VHjgV_1256x620__1.webp?resize=700%2C400&ssl=1 2x, https:\/\/i0.wp.com\/1005.com.ar\/wp-content\/uploads\/2022\/10\/doe0VHjgV_1256x620__1.webp?resize=1050%2C600&ssl=1 3x"},"classes":[]},{"id":2524,"url":"https:\/\/1005.com.ar\/index.php\/2021\/12\/23\/ed-sheeran-primer-artista-en-alcanzar-los-3-000-millones-de-reproducciones-en-spotify\/","url_meta":{"origin":2263,"position":5},"title":"Ed Sheeran, primer artista en alcanzar los 3.000 millones de reproducciones en Spotify","author":"Radio Music","date":"diciembre 23, 2021","format":false,"excerpt":"As\u00ed lo comunic\u00f3 el propio compositor e int\u00e9rprete brit\u00e1nico, a trav\u00e9s de un video en sus redes sociales en el que agradece y muestra su sorpresa por haber alcanzado esa cifra, con su \u00e9xito de 2017 \"Shape of You\". https:\/\/www.telam.com.ar\/notas\/202112\/578831-ed-sheeran-3000-millones-reproducciones-spotify.html","rel":"","context":"En \u00abSin categor\u00eda\u00bb","block_context":{"text":"Sin categor\u00eda","link":"https:\/\/1005.com.ar\/index.php\/category\/sin-categoria\/"},"img":{"alt_text":"","src":"https:\/\/i0.wp.com\/1005.com.ar\/wp-content\/uploads\/2021\/12\/619255c7217c4_900.jpg?resize=350%2C200&ssl=1","width":350,"height":200,"srcset":"https:\/\/i0.wp.com\/1005.com.ar\/wp-content\/uploads\/2021\/12\/619255c7217c4_900.jpg?resize=350%2C200&ssl=1 1x, https:\/\/i0.wp.com\/1005.com.ar\/wp-content\/uploads\/2021\/12\/619255c7217c4_900.jpg?resize=525%2C300&ssl=1 1.5x, https:\/\/i0.wp.com\/1005.com.ar\/wp-content\/uploads\/2021\/12\/619255c7217c4_900.jpg?resize=700%2C400&ssl=1 2x"},"classes":[]}],"jetpack_likes_enabled":true,"jetpack_sharing_enabled":true,"_links":{"self":[{"href":"https:\/\/1005.com.ar\/index.php\/wp-json\/wp\/v2\/posts\/2263","targetHints":{"allow":["GET"]}}],"collection":[{"href":"https:\/\/1005.com.ar\/index.php\/wp-json\/wp\/v2\/posts"}],"about":[{"href":"https:\/\/1005.com.ar\/index.php\/wp-json\/wp\/v2\/types\/post"}],"author":[{"embeddable":true,"href":"https:\/\/1005.com.ar\/index.php\/wp-json\/wp\/v2\/users\/3"}],"replies":[{"embeddable":true,"href":"https:\/\/1005.com.ar\/index.php\/wp-json\/wp\/v2\/comments?post=2263"}],"version-history":[{"count":0,"href":"https:\/\/1005.com.ar\/index.php\/wp-json\/wp\/v2\/posts\/2263\/revisions"}],"wp:featuredmedia":[{"embeddable":true,"href":"https:\/\/1005.com.ar\/index.php\/wp-json\/wp\/v2\/media\/2264"}],"wp:attachment":[{"href":"https:\/\/1005.com.ar\/index.php\/wp-json\/wp\/v2\/media?parent=2263"}],"wp:term":[{"taxonomy":"category","embeddable":true,"href":"https:\/\/1005.com.ar\/index.php\/wp-json\/wp\/v2\/categories?post=2263"},{"taxonomy":"post_tag","embeddable":true,"href":"https:\/\/1005.com.ar\/index.php\/wp-json\/wp\/v2\/tags?post=2263"}],"curies":[{"name":"wp","href":"https:\/\/api.w.org\/{rel}","templated":true}]}}