{"id":2204,"date":"2021-08-08T12:03:40","date_gmt":"2021-08-08T15:03:40","guid":{"rendered":"https:\/\/1005.com.ar\/?p=2204"},"modified":"2021-08-08T12:03:41","modified_gmt":"2021-08-08T15:03:41","slug":"la-virologa-argentina-que-mas-sabe-sobre-coronavirus-publico-23-estudios-y-hallo-dos-anticuerpos-para-desarrollar-una-terapia","status":"publish","type":"post","link":"https:\/\/1005.com.ar\/index.php\/2021\/08\/08\/la-virologa-argentina-que-mas-sabe-sobre-coronavirus-publico-23-estudios-y-hallo-dos-anticuerpos-para-desarrollar-una-terapia\/","title":{"rendered":"La vir\u00f3loga argentina que m\u00e1s sabe sobre coronavirus: public\u00f3 23 estudios y hall\u00f3 dos anticuerpos para desarrollar una terapia"},"content":{"rendered":"\n<p>Alejandra Tortorici es investigadora en el Instituto Pasteur de Francia y en la Universidad de Washington en los Estados Unidos. Entrevistada por Infobae, cont\u00f3 por qu\u00e9 empez\u00f3 a estudiar los coronavirus en 2013, y explic\u00f3 qu\u00e9 deber\u00eda hacerse en pa\u00edses como Argentina para controlar mejor la pandemia<\/p>\n\n\n\n<p><\/p>\n","protected":false},"excerpt":{"rendered":"<p>Alejandra Tortorici es investigadora en el Instituto Pasteur de Francia y en la Universidad de Washington en los Estados Unidos.<\/p>\n","protected":false},"author":3,"featured_media":2205,"comment_status":"open","ping_status":"closed","sticky":false,"template":"","format":"standard","meta":{"jetpack_post_was_ever_published":false,"_jetpack_newsletter_access":"","_jetpack_dont_email_post_to_subs":false,"_jetpack_newsletter_tier_id":0,"_jetpack_memberships_contains_paywalled_content":false,"_jetpack_memberships_contains_paid_content":false,"footnotes":"","jetpack_publicize_message":"","jetpack_publicize_feature_enabled":true,"jetpack_social_post_already_shared":true,"jetpack_social_options":{"image_generator_settings":{"template":"highway","default_image_id":0,"font":"","enabled":false},"version":2}},"categories":[1],"tags":[],"class_list":["post-2204","post","type-post","status-publish","format-standard","has-post-thumbnail","hentry","category-sin-categoria"],"jetpack_publicize_connections":[],"jetpack_featured_media_url":"https:\/\/1005.com.ar\/wp-content\/uploads\/2021\/08\/descarga-1.jpg","jetpack-related-posts":[{"id":3619,"url":"https:\/\/1005.com.ar\/index.php\/2022\/12\/11\/coronavirus-en-argentina-el-brote-no-cesa-y-se-duplicaron-los-casos-en-una-semana\/","url_meta":{"origin":2204,"position":0},"title":"Coronavirus en Argentina: el brote no cesa y se duplicaron los casos en una semana","author":"Julieta Di Rocco","date":"diciembre 11, 2022","format":false,"excerpt":"https:\/\/www.pagina12.com.ar\/506858-coronavirus-en-argentina-el-brote-no-cesa-y-se-duplicaron-lo","rel":"","context":"En \u00abSin categor\u00eda\u00bb","block_context":{"text":"Sin categor\u00eda","link":"https:\/\/1005.com.ar\/index.php\/category\/sin-categoria\/"},"img":{"alt_text":"","src":"https:\/\/i0.wp.com\/1005.com.ar\/wp-content\/uploads\/2022\/12\/678704-591467-468412-reporte-na-0.jpeg?resize=350%2C200&ssl=1","width":350,"height":200,"srcset":"https:\/\/i0.wp.com\/1005.com.ar\/wp-content\/uploads\/2022\/12\/678704-591467-468412-reporte-na-0.jpeg?resize=350%2C200&ssl=1 1x, https:\/\/i0.wp.com\/1005.com.ar\/wp-content\/uploads\/2022\/12\/678704-591467-468412-reporte-na-0.jpeg?resize=525%2C300&ssl=1 1.5x, https:\/\/i0.wp.com\/1005.com.ar\/wp-content\/uploads\/2022\/12\/678704-591467-468412-reporte-na-0.jpeg?resize=700%2C400&ssl=1 2x"},"classes":[]},{"id":2702,"url":"https:\/\/1005.com.ar\/index.php\/2022\/03\/20\/coronavirus-en-argentina-se-registraron-otros-1227-casos-y-11-muertes\/","url_meta":{"origin":2204,"position":1},"title":"Coronavirus en Argentina: se registraron otros 1227 casos y 11 muertes&nbsp;&nbsp;","author":"Julieta Di Rocco","date":"marzo 20, 2022","format":false,"excerpt":"El Ministerio de Salud de la Naci\u00f3n confirm\u00f3 que con los casos de las \u00faltimas 24 horas el n\u00famero total de contagios desde el comienzo de la pandemia ascendi\u00f3 a 9.007.753, en tanto que los muertos ya suman 127.494. https:\/\/www.pagina12.com.ar\/409435-coronavirus-en-argentina-se-registraron-otros-1227-casos-y-1","rel":"","context":"En \u00abSin categor\u00eda\u00bb","block_context":{"text":"Sin categor\u00eda","link":"https:\/\/1005.com.ar\/index.php\/category\/sin-categoria\/"},"img":{"alt_text":"","src":"https:\/\/i0.wp.com\/1005.com.ar\/wp-content\/uploads\/2022\/03\/416719-352555-whatsapp-20image-202022-02-15-20at-2015-11-39_0.jpeg?resize=350%2C200&ssl=1","width":350,"height":200,"srcset":"https:\/\/i0.wp.com\/1005.com.ar\/wp-content\/uploads\/2022\/03\/416719-352555-whatsapp-20image-202022-02-15-20at-2015-11-39_0.jpeg?resize=350%2C200&ssl=1 1x, https:\/\/i0.wp.com\/1005.com.ar\/wp-content\/uploads\/2022\/03\/416719-352555-whatsapp-20image-202022-02-15-20at-2015-11-39_0.jpeg?resize=525%2C300&ssl=1 1.5x, https:\/\/i0.wp.com\/1005.com.ar\/wp-content\/uploads\/2022\/03\/416719-352555-whatsapp-20image-202022-02-15-20at-2015-11-39_0.jpeg?resize=700%2C400&ssl=1 2x"},"classes":[]},{"id":2739,"url":"https:\/\/1005.com.ar\/index.php\/2022\/03\/30\/coronavirus-en-argentina-se-registraron-otros-2965-casos-y-27-muertes\/","url_meta":{"origin":2204,"position":2},"title":"Coronavirus en Argentina: se registraron otros 2965 casos y 27 muertes&nbsp;&nbsp;","author":"Julieta Di Rocco","date":"marzo 30, 2022","format":false,"excerpt":"El Ministerio de Salud de la Naci\u00f3n confirm\u00f3 que con los casos de las \u00faltimas 24 horas el n\u00famero total de contagios desde el comienzo de la pandemia ascendi\u00f3 a 9.035.127, en tanto que los muertos ya suman 127.997. https:\/\/www.pagina12.com.ar\/411936-coronavirus-en-argentina-se-registraron-otros-2965-casos-y-2","rel":"","context":"En \u00abSin categor\u00eda\u00bb","block_context":{"text":"Sin categor\u00eda","link":"https:\/\/1005.com.ar\/index.php\/category\/sin-categoria\/"},"img":{"alt_text":"","src":"https:\/\/i0.wp.com\/1005.com.ar\/wp-content\/uploads\/2022\/03\/437413-g0086127.jpg?resize=350%2C200&ssl=1","width":350,"height":200,"srcset":"https:\/\/i0.wp.com\/1005.com.ar\/wp-content\/uploads\/2022\/03\/437413-g0086127.jpg?resize=350%2C200&ssl=1 1x, https:\/\/i0.wp.com\/1005.com.ar\/wp-content\/uploads\/2022\/03\/437413-g0086127.jpg?resize=525%2C300&ssl=1 1.5x, https:\/\/i0.wp.com\/1005.com.ar\/wp-content\/uploads\/2022\/03\/437413-g0086127.jpg?resize=700%2C400&ssl=1 2x"},"classes":[]},{"id":2282,"url":"https:\/\/1005.com.ar\/index.php\/2021\/09\/20\/coronavirus-en-argentina-confirmaron-90-muertes-y-2-162-contagios-en-las-ultimas-24-horas\/","url_meta":{"origin":2204,"position":3},"title":"Coronavirus en Argentina: confirmaron 90 muertes y 2.162 contagios en las \u00faltimas 24 horas","author":"Radio Music","date":"septiembre 20, 2021","format":false,"excerpt":"Con estos datos, el pa\u00eds acumula un total de 5.241.394 casos positivos desde el comienzo de la pandemia, mientras que los fallecimientos son 114.518. Por segundo d\u00eda consecutivo, se registr\u00f3 la cifra m\u00e1s baja de ocupaci\u00f3n de camas de Terapia Intensiva desde de agosto de 2020 https:\/\/www.infobae.com\/sociedad\/2021\/09\/20\/coronavirus-en-argentina-confirmaron-90-muertes-y-2162-contagios-en-las-ultimas-24-horas\/","rel":"","context":"En \u00abSin categor\u00eda\u00bb","block_context":{"text":"Sin categor\u00eda","link":"https:\/\/1005.com.ar\/index.php\/category\/sin-categoria\/"},"img":{"alt_text":"","src":"","width":0,"height":0},"classes":[]},{"id":2742,"url":"https:\/\/1005.com.ar\/index.php\/2022\/03\/30\/comienza-otra-fase-de-estudio-de-la-vacuna-argentina-contra-el-coronavirus-arvac-cecilia-grierson\/","url_meta":{"origin":2204,"position":4},"title":"Comienza otra fase de estudio de la vacuna argentina contra el coronavirus&nbsp;ARVAC Cecilia Grierson","author":"Julieta Di Rocco","date":"marzo 30, 2022","format":false,"excerpt":"En el estudio participar\u00e1n voluntarios que tengan el esquema de vacunaci\u00f3n contra la covid-19 completo. El anuncio fue realizado por Carla Vizzotti y Daniel Filmus. El inmunizante desarrollado por cient\u00edficos del Conicet y del laboratorio Cassar\u00e1 ya demostr\u00f3 ser seguro en animales. https:\/\/www.pagina12.com.ar\/411890-comienza-otra-fase-de-estudio-de-la-vacuna-argentina-contra-","rel":"","context":"En \u00abSin categor\u00eda\u00bb","block_context":{"text":"Sin categor\u00eda","link":"https:\/\/1005.com.ar\/index.php\/category\/sin-categoria\/"},"img":{"alt_text":"","src":"https:\/\/i0.wp.com\/1005.com.ar\/wp-content\/uploads\/2022\/03\/436968-arvac.jpg?resize=350%2C200&ssl=1","width":350,"height":200,"srcset":"https:\/\/i0.wp.com\/1005.com.ar\/wp-content\/uploads\/2022\/03\/436968-arvac.jpg?resize=350%2C200&ssl=1 1x, https:\/\/i0.wp.com\/1005.com.ar\/wp-content\/uploads\/2022\/03\/436968-arvac.jpg?resize=525%2C300&ssl=1 1.5x, https:\/\/i0.wp.com\/1005.com.ar\/wp-content\/uploads\/2022\/03\/436968-arvac.jpg?resize=700%2C400&ssl=1 2x"},"classes":[]},{"id":2542,"url":"https:\/\/1005.com.ar\/index.php\/2021\/12\/25\/coronavirus-que-diferencias-hay-entre-la-sexta-ola-que-vive-europa-y-la-tercera-que-comienza-en-argentina\/","url_meta":{"origin":2204,"position":5},"title":"Coronavirus: qu\u00e9 diferencias hay entre la sexta ola que vive Europa y la tercera que comienza en Argentina","author":"Radio Music","date":"diciembre 25, 2021","format":false,"excerpt":"Mientras Reino Unido report\u00f3 120.000 contagios en un d\u00eda y Alemania super\u00f3 los 400 muertos en 24 horas, en nuestro pa\u00eds reci\u00e9n comienzan a escalar los contagios. Recomendaciones de los expertos Ya pasaron dos a\u00f1os desde que China notific\u00f3 la aparici\u00f3n del\u00a0nuevo\u00a0coronavirus\u00a0SARS-CoV-2\u00a0y que la Organizaci\u00f3n Mundial de la Salud (OMS)\u2026","rel":"","context":"En \u00abSin categor\u00eda\u00bb","block_context":{"text":"Sin categor\u00eda","link":"https:\/\/1005.com.ar\/index.php\/category\/sin-categoria\/"},"img":{"alt_text":"","src":"","width":0,"height":0},"classes":[]}],"jetpack_likes_enabled":true,"jetpack_sharing_enabled":true,"_links":{"self":[{"href":"https:\/\/1005.com.ar\/index.php\/wp-json\/wp\/v2\/posts\/2204","targetHints":{"allow":["GET"]}}],"collection":[{"href":"https:\/\/1005.com.ar\/index.php\/wp-json\/wp\/v2\/posts"}],"about":[{"href":"https:\/\/1005.com.ar\/index.php\/wp-json\/wp\/v2\/types\/post"}],"author":[{"embeddable":true,"href":"https:\/\/1005.com.ar\/index.php\/wp-json\/wp\/v2\/users\/3"}],"replies":[{"embeddable":true,"href":"https:\/\/1005.com.ar\/index.php\/wp-json\/wp\/v2\/comments?post=2204"}],"version-history":[{"count":0,"href":"https:\/\/1005.com.ar\/index.php\/wp-json\/wp\/v2\/posts\/2204\/revisions"}],"wp:featuredmedia":[{"embeddable":true,"href":"https:\/\/1005.com.ar\/index.php\/wp-json\/wp\/v2\/media\/2205"}],"wp:attachment":[{"href":"https:\/\/1005.com.ar\/index.php\/wp-json\/wp\/v2\/media?parent=2204"}],"wp:term":[{"taxonomy":"category","embeddable":true,"href":"https:\/\/1005.com.ar\/index.php\/wp-json\/wp\/v2\/categories?post=2204"},{"taxonomy":"post_tag","embeddable":true,"href":"https:\/\/1005.com.ar\/index.php\/wp-json\/wp\/v2\/tags?post=2204"}],"curies":[{"name":"wp","href":"https:\/\/api.w.org\/{rel}","templated":true}]}}