{"id":2182,"date":"2021-07-22T11:59:50","date_gmt":"2021-07-22T14:59:50","guid":{"rendered":"https:\/\/1005.com.ar\/?p=2182"},"modified":"2021-07-22T11:59:51","modified_gmt":"2021-07-22T14:59:51","slug":"identidad-de-genero-habra-dni-para-personas-no-binarias","status":"publish","type":"post","link":"https:\/\/1005.com.ar\/index.php\/2021\/07\/22\/identidad-de-genero-habra-dni-para-personas-no-binarias\/","title":{"rendered":"Identidad de g\u00e9nero: habr\u00e1 DNI para personas no binarias"},"content":{"rendered":"\n<p>El cambio, establecido por el decreto\u00a0N\u00b0476\/21, se enmarca en la Ley de Identidad de g\u00e9nero. \u00abLa persona que no se sienta comprendida en el binomio masculino\/femenino\u00bb podr\u00e1 optar por \u00abla nomenclatura &#8216;X&#8217; en el campo &#8216;sexo'\u00bb del documento.<\/p>\n\n\n\n<p>\u201cEntre lo ideal y lo posible, vayamos por lo posible porque estamos cada d\u00eda m\u00e1s cerca de lo ideal. Y el ideal va a ser cuando todos y todas, seamos todes, y a nadie le importe el sexo de la gente\u201d, afirm\u00f3 el presidente Alberto Fern\u00e1ndez, en la presentaci\u00f3n de los&nbsp;<strong>nuevos DNI&nbsp;<\/strong>que reconocen las<strong>&nbsp;identidades no binaries<\/strong>. Durante el acto entreg\u00f3 los primeros a tres personas no binaries. Desde ahora, a las opciones de sexo masculino y femenino, se suma la posibilidad de elegir&nbsp;<strong>una X<\/strong>. De esta forma, Argentina se convierte en el&nbsp;<strong>primer pa\u00eds de la regi\u00f3n en la ampliaci\u00f3n y reconocimiento&nbsp;<\/strong>de este derecho. El cambio &#8211;que tambi\u00e9n alcanza al Pasaporte&#8211; fue establecido en el&nbsp;<a href=\"https:\/\/www.boletinoficial.gob.ar\/detalleAviso\/primera\/247092\/20210721\" target=\"_blank\" rel=\"noreferrer noopener\"><strong>Decreto presidencial N\u00b0476\/21<\/strong><\/a>, que se public\u00f3 este mi\u00e9rcoles en el Bolet\u00edn Oficial. \u201cA los fines del presente decreto, la&nbsp;<strong>nomenclatura \u201cX\u201d&nbsp;<\/strong>en el campo \u201csexo\u201d comprender\u00e1 las siguientes acepciones: no binaria, indeterminada, no especificada, indefinida, no informada, autopercibida, no consignada; u otra acepci\u00f3n con la que pudiera identificarse&nbsp;<strong>la persona que no se sienta comprendida en el binomio masculino\/femenino<\/strong>\u201d, dice el art\u00edculo 4\u00b0.<\/p>\n\n\n\n<p>La presentaci\u00f3n se hizo en el Museo del Bicentenario. El presidente estuvo acompa\u00f1ado por el ministro de Interior, Wado de Pedro, y la ministra de las Mujeres, G\u00e9neros y Diversidades, Elizabeth G\u00f3mez Alcorta. Entre les invitades, adem\u00e1s de la secretaria de Legal y T\u00e9cnica Vilma Ibarra, la titular del INADI Victoria Donda, y la presidenta de AYSA, Malena Galmarini, aplaudieron la medida militantes y activistas del colectivo LGBTTIQ+.<\/p>\n\n\n\n<p>\u201cTenemos que abrir la cabeza. Hay otras identidades adem\u00e1s de hombre y mujer que existieron siempre pero que antes se ocultaron. No hablando de eso le quitamos felicidad a millones de personas. Uno encuentra mil modos de amar y ser amado y hay que respetarlo\u201d, destac\u00f3 Alberto Fern\u00e1ndez.<\/p>\n\n\n\n<p>Una de las personas que recibi\u00f3 su nuevo DNI no binarie,&nbsp;<strong>Valentine Machado<\/strong>, de La Plata, plante\u00f3 frente al mandatario y lxs ministrxs sus reparos a la medida: se abri\u00f3 la camisa y mostr\u00f3 una remera con la leyenda \u201cNo somos X\u201d, al tiempo que expresaba \u2013en un grito&#8211; su postura. Forma parte de la Asamblea No Binarie de Buenos Aires y estudia Ingenier\u00eda en Sistemas en la Universidad Tecnol\u00f3gica Nacional.<\/p>\n\n\n\n<p>Luego, durante su discurso, Alberto Fern\u00e1ndez le respondi\u00f3:<\/p>\n\n\n\n<p>\u201cEscuch\u00e9 la queja de alguien. La x es una convenci\u00f3n internacional que nos permite ampliar derechos para reconocer una categor\u00eda no binaria. No deber\u00edamos renegar de esto\u201d.<\/p>\n\n\n\n<p>Tambi\u00e9n recibi\u00f3 su nuevo DNI le m\u00e9dique de Mendoza&nbsp;<a href=\"https:\/\/www.pagina12.com.ar\/153050-cambiar-el-mundo-desde-el-propio-cuerpo\"><strong>Ger\u00f3nimo Carolina Gonz\u00e1lez Devesa<\/strong><\/a>, de 35 a\u00f1os, que en noviembre de 2018 se convirti\u00f3 en la primera persona en el pa\u00eds en lograr &#8212; a trav\u00e9s de un tr\u00e1mite administrativo&#8211; que se expida su partida de nacimiento sin consignaci\u00f3n de sexo. \u201cEstoy muy emocinade\u201d, cont\u00f3 a&nbsp;<strong>P\u00e1gina\/12<\/strong>&nbsp;Caro Gero, como le dicen sus amigues, que lleg\u00f3 a Buenos Aires junto a su abogada Eleonora Lamm, doctora en Derecho y Bio\u00e9tica para participar del acto. \u201cLa lucha la empezamos con Ele hace tres a\u00f1os intentando lograr un DNI con mi identidad autopercibida, fuera del binomio de g\u00e9nero. Hicimos la rectificaci\u00f3n de la partida e iniciamos el tr\u00e1mite de DNI pero qued\u00f3 ah\u00ed. Estoy sin DNI hace tres a\u00f1os\u201d, se\u00f1al\u00f3 le m\u00e9dique que trabaja en el programa de Salud Sexual y Reproductiva en la ciudad de San Martin, en la provincia de Mendoza.<\/p>\n\n\n\n<p>La tercer persona a la que el presidente le entreg\u00f3 el nuevo DNI fue&nbsp;<strong>Shanik Luci\u00e1n Sosa Battisti<\/strong>, que vive en Tierra de Fuego, y tiene 27 a\u00f1os. En 2019 logr\u00f3 un fallo hist\u00f3rico en esa provincia: La justicia hizo lugar a su amparo por discriminaci\u00f3n y orden\u00f3 al Registro Civil de Tierra del Fuego que le confeccione un nuevo DNI donde, adem\u00e1s del cambio de nombre, deje constancia que el sexo es \u00abno binario\/igualitario\u00bb.<\/p>\n\n\n\n<p>El acto fue abierto por el ministro del Interior, Wado de Pedro, que destac\u00f3 \u201cel d\u00eda hist\u00f3rico\u201d y resalt\u00f3 \u201cla lucha de colectivos y personas\u201d que llevan muchos a\u00f1os \u201cpara que las minor\u00edas sean reconocidas\u201d. \u201cAlgunas ya no est\u00e1n m\u00e1s, algunas quedaron en el camino\u201d, record\u00f3 en alusi\u00f3n a activistas que murieron. \u201cCuando un Gobierno genera una ampliaci\u00f3n de derechos es porque antes existi\u00f3 una lucha colectiva, una sociedad que gener\u00f3 un consenso, que gener\u00f3 presi\u00f3n, que gener\u00f3 un reclamo, y esta medida que tomamos hoy tienen que ver con ustedes, son las art\u00edfices de que empecemos a ponerle fin a una l\u00f3gica binaria, que no contempla a una gran parte de la sociedad\u201d, se\u00f1al\u00f3 de Pedro y agreg\u00f3, en alusi\u00f3n a la grieta: \u201cAnte tanta militancia del odio y la exclusi\u00f3n, tenemos que agarrar estos valores y construir una sociedad igualitaria, diversa, que respete a los dem\u00e1s en todo sentido, en el sentido pol\u00edtico, en el social, en todo\u201d. Termin\u00f3 su intervenci\u00f3n hablando de \u201chermanas, hermanos, hermanes\u201d.<\/p>\n\n\n\n<p>La ministra de las Mujeres, G\u00e9neros y Diversidad hizo un recorrido por las distintas medidas que el Gobierno tom\u00f3 en su a\u00f1o y medio de gesti\u00f3n para ampliar derechos al colectivo LGBTTIQ+, entre ellas&nbsp;<a href=\"https:\/\/www.pagina12.com.ar\/289805-cupo-laboral-trans-en-el-estado-por-decreto-sera-del-1-por-c\">el decreto de cupo laboral trans<\/a>&nbsp;en la administraci\u00f3n p\u00fablica nacional, antes de&nbsp;<a href=\"https:\/\/www.pagina12.com.ar\/350441-el-cupo-laboral-travesti-trans-ya-es-ley\">la sanci\u00f3n de la ley en el Congreso<\/a>. \u201cAmpliar y reconocer derechos es parte de nuestra identidad como proyecto pol\u00edtico. Y no nos vamos cansar de decirlo y de hacerlo realidad\u201d, enfantiz\u00f3. Y precis\u00f3 que \u201cla implementaci\u00f3n del DNI no binario es una orientaci\u00f3n m\u00e1s hacia la construcci\u00f3n de una sociedad m\u00e1s igualitaria e inclusiva\u201d, que a va a permitir \u201cvisibilizar finalmente un conjunto de diversidades que nos hacen una sociedad orgullosamente diversa y plural\u201d. Y subray\u00f3 que \u201cla identidad es un derecho humano fundamental\u201d y que a\u00fan \u201clo saben m\u00e1s quienes todav\u00eda la est\u00e1n buscando\u201d.<\/p>\n\n\n\n<p>Tambi\u00e9n anunci\u00f3 que se est\u00e1 trabajando en la inclusi\u00f3n de \u201cnuevas categor\u00edas de registro\u201d para incluir otras categor\u00edas de g\u00e9nero, con el INDEC, el Ministerio de Educaci\u00f3n, las universidades, organismos e instituciones provinciales y nacionales.<\/p>\n\n\n\n<p>En el decreto, que se public\u00f3 hoy en el Bolet\u00edn Oficial, trabajaron los ministerios de Interior y Mujeres, untos al RENAPER, junto a organizaciones LGBTTIQ+.<\/p>\n\n\n\n<h2 class=\"wp-block-heading\">\u00bfQu\u00e9 dice el decreto?<\/h2>\n\n\n\n<p>El decreto presidencial N\u00b0476\/21 reconoce identidades por fuera del binomio masculino y femenino al incorporar la nomenclatura \u201cX\u201d en el Documento Nacional de Identidad (DNI) como opci\u00f3n, para todas las personas que no se identifiquen como var\u00f3n o como mujer. La decisi\u00f3n se enmarca en la&nbsp;<strong>Ley de Identidad de G\u00e9nero<\/strong>.<\/p>\n\n\n\n<p>En su art\u00edculo 10 instruye al&nbsp;<strong>Ministerio de las Mujeres, G\u00e9neros y Diversidad<\/strong>&nbsp;\u201ca&nbsp;<strong>dictar capacitaciones<\/strong>&nbsp;para las autoridades y personal de todos los organismos que integran la Administraci\u00f3n P\u00fablica Nacional con competencia en la materia, para que lo dispuesto en la presente medida se aplique en condiciones de respeto a la identidad y expresi\u00f3n de g\u00e9nero de las personas y&nbsp;<strong>en contextos libres de discriminaci\u00f3n por motivos de g\u00e9nero<\/strong>\u201d.<\/p>\n\n\n\n<p>Desde las organizaciones LGBTIQ+ celebraron la decisi\u00f3n. \u201cEl reconocimiento de la identidad de g\u00e9nero de las personas no binarias y de aquellas que se identifican por fuera de las normas binarias de g\u00e9nero es un gran&nbsp;<strong>avance para toda la sociedad<\/strong>, ya que termina con la imposici\u00f3n anticuada de las categor\u00edas masculino y femenino para todas las personas, como las \u00fanicas posibles.&nbsp;<strong>El decreto implementa los derechos reconocidos por la Ley de Identidad de G\u00e9nero<\/strong>, interpretando sus alcances m\u00e1s all\u00e1 del binarismo\u201d, se\u00f1al\u00f3 a P\u00e1gina 12 Ricardo Vallarino, director ejecutivo de 100% Identidad y Derechos.<\/p>\n\n\n\n<p>\u201cLos DNI no binaries me generan una gran felicidad y plenitud.&nbsp;<strong>Finalmente ser\u00e9 reconocido como quien soy<\/strong>. Como yo miles de hermanes que siempre sufrimos hostigamiento y discriminaci\u00f3n por simplemente ser quienes somos\u201d, dijo a este diario el activista Jos\u00e9 Mar\u00eda Di Bello, que aclar\u00f3 que usa el pronombre elle y tambi\u00e9n \u00e9l.<\/p>\n\n\n\n<p>Con este decreto el Gobierno adec\u00faa el sistema de registro e identificaci\u00f3n nacional en la \u00f3rbita del&nbsp;<strong>Registro Nacional de las Personas (RENAPER) a la Ley de Identidad de G\u00e9nero (N\u00b026.743)<\/strong>, que reconoce el derecho&nbsp;<strong>a la identidad de g\u00e9nero como una vivencia interna y subjetiva<\/strong>&nbsp;que no depende ni de las caracter\u00edsticas biol\u00f3gicas, ni de las categor\u00edas impuestas de var\u00f3n y mujer. La medida es una respuesta al reclamo del movimiento LGBTTIQ+.<\/p>\n\n\n\n<p>Alrededor de trescientas personas solo en la provincia de Buenos Aires obtuvieron por la v\u00eda administrativa o judicial la rectificaci\u00f3n de sus partidas de nacimiento para no consignar el g\u00e9nero o registrar otra identidad por fuera de la norma binaria de g\u00e9nero y est\u00e1n a la espera de poder contar con un nuevo DNI, informaron desde 100% Diversidad y Derechos.. \u201c<strong>Durante la gesti\u00f3n de gobierno anterior, el RENAPER, aun teniendo sentencias firmes y hasta un dictamen favorable del Procurador se negaron a emitir los nuevos DNI,<\/strong>&nbsp;lo que dejo sin documentaci\u00f3n a decenas de personas\u201d, indicaron desde la ONG.<\/p>\n\n\n\n<p>El antecedente nacional m\u00e1s reciente de esta medida es la Resoluci\u00f3n Conjunta de la&nbsp;<strong>ANSES y la AFIP<\/strong>&nbsp;que dispuso el car\u00e1cter gen\u00e9rico y no binario de los prefijos (20 y 27) a los n\u00fameros de CUIL y CUIT y su asignaci\u00f3n aleatoria.<\/p>\n\n\n\n<p>A nivel internacional, reconocen en documentos identidades de g\u00e9nero por fuera del binomio masculino y femenino,\u00a0<strong>Alemania, Canad\u00e1, India y Estados Unidos<\/strong>, entre otros.<\/p>\n\n\n\n<p><a href=\"https:\/\/www.pagina12.com.ar\/356212-identidad-de-genero-habra-dni-para-personas-no-binarias\">https:\/\/www.pagina12.com.ar\/356212-identidad-de-genero-habra-dni-para-personas-no-binarias<\/a><\/p>\n","protected":false},"excerpt":{"rendered":"<p>El cambio, establecido por el decreto\u00a0N\u00b0476\/21, se enmarca en la Ley de Identidad de g\u00e9nero. \u00abLa persona que no se<\/p>\n","protected":false},"author":3,"featured_media":2183,"comment_status":"open","ping_status":"closed","sticky":false,"template":"","format":"standard","meta":{"jetpack_post_was_ever_published":false,"_jetpack_newsletter_access":"","_jetpack_dont_email_post_to_subs":false,"_jetpack_newsletter_tier_id":0,"_jetpack_memberships_contains_paywalled_content":false,"_jetpack_memberships_contains_paid_content":false,"footnotes":"","jetpack_publicize_message":"","jetpack_publicize_feature_enabled":true,"jetpack_social_post_already_shared":true,"jetpack_social_options":{"image_generator_settings":{"template":"highway","default_image_id":0,"font":"","enabled":false},"version":2}},"categories":[1],"tags":[],"class_list":["post-2182","post","type-post","status-publish","format-standard","has-post-thumbnail","hentry","category-sin-categoria"],"jetpack_publicize_connections":[],"jetpack_featured_media_url":"https:\/\/1005.com.ar\/wp-content\/uploads\/2021\/07\/descarga-7.jpg","jetpack-related-posts":[{"id":4237,"url":"https:\/\/1005.com.ar\/index.php\/2023\/08\/04\/se-puede-votar-con-dni-digital-los-documentos-habilitados-para-las-elecciones-2023\/","url_meta":{"origin":2182,"position":0},"title":"\u00bfSe puede votar con DNI digital? Los documentos habilitados para las elecciones 2023","author":"Julieta Di Rocco","date":"agosto 4, 2023","format":false,"excerpt":"La C\u00e1mara Electoral Nacional especific\u00f3 cu\u00e1les son los documentos requeridos para emitir el sufragio el pr\u00f3ximo 13 de agosto Los ciudadanos argentinos se preparan para vivir una fecha crucial: las\u00a0Elecciones Primarias, Abiertas, Simult\u00e1neas y Obligatorias (PASO), las cuales tendr\u00e1n lugar el pr\u00f3ximo\u00a013 de agosto. En esta etapa, los votantes habilitados\u2026","rel":"","context":"En \u00abSin categor\u00eda\u00bb","block_context":{"text":"Sin categor\u00eda","link":"https:\/\/1005.com.ar\/index.php\/category\/sin-categoria\/"},"img":{"alt_text":"","src":"https:\/\/i0.wp.com\/1005.com.ar\/wp-content\/uploads\/2023\/08\/documentos-validos-para-votar-.jpg?resize=350%2C200&ssl=1","width":350,"height":200,"srcset":"https:\/\/i0.wp.com\/1005.com.ar\/wp-content\/uploads\/2023\/08\/documentos-validos-para-votar-.jpg?resize=350%2C200&ssl=1 1x, https:\/\/i0.wp.com\/1005.com.ar\/wp-content\/uploads\/2023\/08\/documentos-validos-para-votar-.jpg?resize=525%2C300&ssl=1 1.5x, https:\/\/i0.wp.com\/1005.com.ar\/wp-content\/uploads\/2023\/08\/documentos-validos-para-votar-.jpg?resize=700%2C400&ssl=1 2x"},"classes":[]},{"id":1160,"url":"https:\/\/1005.com.ar\/index.php\/2021\/01\/20\/fiesta-en-el-vestuario-de-boca-el-hit-del-7-0\/","url_meta":{"origin":2182,"position":1},"title":"Fiesta en el vestuario de Boca: el hit del 7-0","author":"Radio Music","date":"enero 20, 2021","format":false,"excerpt":"Despu\u00e9s de convertirse en las primeras campeonas profesionales del f\u00fatbol femenino, las Gladiadoras festejaron a lo grande y no se olvidaron de River en las celebraciones...","rel":"","context":"En \u00abSin categor\u00eda\u00bb","block_context":{"text":"Sin categor\u00eda","link":"https:\/\/1005.com.ar\/index.php\/category\/sin-categoria\/"},"img":{"alt_text":"","src":"https:\/\/i0.wp.com\/1005.com.ar\/wp-content\/uploads\/2021\/01\/Captura-de-pantalla-1107-6kqv39vq5n80.png?resize=350%2C200&ssl=1","width":350,"height":200,"srcset":"https:\/\/i0.wp.com\/1005.com.ar\/wp-content\/uploads\/2021\/01\/Captura-de-pantalla-1107-6kqv39vq5n80.png?resize=350%2C200&ssl=1 1x, https:\/\/i0.wp.com\/1005.com.ar\/wp-content\/uploads\/2021\/01\/Captura-de-pantalla-1107-6kqv39vq5n80.png?resize=525%2C300&ssl=1 1.5x, https:\/\/i0.wp.com\/1005.com.ar\/wp-content\/uploads\/2021\/01\/Captura-de-pantalla-1107-6kqv39vq5n80.png?resize=700%2C400&ssl=1 2x"},"classes":[]},{"id":3606,"url":"https:\/\/1005.com.ar\/index.php\/2022\/11\/20\/amor-sexo-y-tubos-de-ensayo-los-matrimonios-mas-famosos-de-la-ciencia\/","url_meta":{"origin":2182,"position":2},"title":"Amor, sexo y tubos de ensayo: los matrimonios m\u00e1s famosos de la ciencia","author":"Julieta Di Rocco","date":"noviembre 20, 2022","format":false,"excerpt":"https:\/\/www.pagina12.com.ar\/496541-amor-sexo-y-tubos-de-ensayo-los-matrimonios-mas-famosos-de-l","rel":"","context":"En \u00abSin categor\u00eda\u00bb","block_context":{"text":"Sin categor\u00eda","link":"https:\/\/1005.com.ar\/index.php\/category\/sin-categoria\/"},"img":{"alt_text":"","src":"https:\/\/i0.wp.com\/1005.com.ar\/wp-content\/uploads\/2022\/11\/667658-whatsapp-20image-202022-11-10-20at-201-10-38-20pm.jpeg?resize=350%2C200&ssl=1","width":350,"height":200,"srcset":"https:\/\/i0.wp.com\/1005.com.ar\/wp-content\/uploads\/2022\/11\/667658-whatsapp-20image-202022-11-10-20at-201-10-38-20pm.jpeg?resize=350%2C200&ssl=1 1x, https:\/\/i0.wp.com\/1005.com.ar\/wp-content\/uploads\/2022\/11\/667658-whatsapp-20image-202022-11-10-20at-201-10-38-20pm.jpeg?resize=525%2C300&ssl=1 1.5x, https:\/\/i0.wp.com\/1005.com.ar\/wp-content\/uploads\/2022\/11\/667658-whatsapp-20image-202022-11-10-20at-201-10-38-20pm.jpeg?resize=700%2C400&ssl=1 2x"},"classes":[]},{"id":3654,"url":"https:\/\/1005.com.ar\/index.php\/2022\/12\/25\/amor-sexo-y-tubos-de-ensayo-los-matrimonios-mas-famosos-de-la-ciencia-2\/","url_meta":{"origin":2182,"position":3},"title":"Amor, sexo y tubos de ensayo: los matrimonios m\u00e1s famosos de la ciencia","author":"Julieta Di Rocco","date":"diciembre 25, 2022","format":false,"excerpt":"https:\/\/www.pagina12.com.ar\/496541-amor-sexo-y-tubos-de-ensayo-los-matrimonios-mas-famosos-de-l","rel":"","context":"En \u00abSin categor\u00eda\u00bb","block_context":{"text":"Sin categor\u00eda","link":"https:\/\/1005.com.ar\/index.php\/category\/sin-categoria\/"},"img":{"alt_text":"","src":"https:\/\/i0.wp.com\/1005.com.ar\/wp-content\/uploads\/2022\/12\/667658-whatsapp-20image-202022-11-10-20at-201-10-38-20pm.jpeg?resize=350%2C200&ssl=1","width":350,"height":200,"srcset":"https:\/\/i0.wp.com\/1005.com.ar\/wp-content\/uploads\/2022\/12\/667658-whatsapp-20image-202022-11-10-20at-201-10-38-20pm.jpeg?resize=350%2C200&ssl=1 1x, https:\/\/i0.wp.com\/1005.com.ar\/wp-content\/uploads\/2022\/12\/667658-whatsapp-20image-202022-11-10-20at-201-10-38-20pm.jpeg?resize=525%2C300&ssl=1 1.5x, https:\/\/i0.wp.com\/1005.com.ar\/wp-content\/uploads\/2022\/12\/667658-whatsapp-20image-202022-11-10-20at-201-10-38-20pm.jpeg?resize=700%2C400&ssl=1 2x"},"classes":[]},{"id":3474,"url":"https:\/\/1005.com.ar\/index.php\/2022\/09\/12\/luana-la-primera-nina-trans-que-accedio-a-su-dni-festejo-sus-15-anos\/","url_meta":{"origin":2182,"position":4},"title":"Luana, la primera ni\u00f1a trans que accedi\u00f3 a su DNI, festej\u00f3 sus 15 a\u00f1os","author":"Julieta Di Rocco","date":"septiembre 12, 2022","format":false,"excerpt":"La adolescente que a sus 6 a\u00f1os se convirti\u00f3 en la primera ni\u00f1a trans del mundo en acceder a su identidad autopercibida,\u00a0y su hermano mellizo El\u00edas, celebraron sus cumplea\u00f1os en Am\u00e9rika, la disco emblem\u00e1tica para la comunidad LGBTIQ+.\u00a0\"Es una manera de celebrar a esta ni\u00f1a que ha llegado a esta\u2026","rel":"","context":"En \u00abSin categor\u00eda\u00bb","block_context":{"text":"Sin categor\u00eda","link":"https:\/\/1005.com.ar\/index.php\/category\/sin-categoria\/"},"img":{"alt_text":"","src":"https:\/\/i0.wp.com\/1005.com.ar\/wp-content\/uploads\/2022\/09\/631cf8f0901be_900.jpg?resize=350%2C200&ssl=1","width":350,"height":200,"srcset":"https:\/\/i0.wp.com\/1005.com.ar\/wp-content\/uploads\/2022\/09\/631cf8f0901be_900.jpg?resize=350%2C200&ssl=1 1x, https:\/\/i0.wp.com\/1005.com.ar\/wp-content\/uploads\/2022\/09\/631cf8f0901be_900.jpg?resize=525%2C300&ssl=1 1.5x, https:\/\/i0.wp.com\/1005.com.ar\/wp-content\/uploads\/2022\/09\/631cf8f0901be_900.jpg?resize=700%2C400&ssl=1 2x"},"classes":[]},{"id":1111,"url":"https:\/\/1005.com.ar\/index.php\/2021\/01\/18\/el-gobierno-presento-la-guia-de-implementacion-de-la-ive-para-profesionales-de-la-salud\/","url_meta":{"origin":2182,"position":5},"title":"El Gobierno present\u00f3 la Gu\u00eda de Implementaci\u00f3n de la IVE para profesionales de la salud","author":"Radio Music","date":"enero 18, 2021","format":false,"excerpt":"\"Todas las mujeres que a partir de hoy tengan la necesidad o sienten que tienen el derecho de tener un aborto dentro de los marcos que fija la ley de interrupci\u00f3n voluntaria del embarazo, lo van a poder hacer\", asegur\u00f3 el ministro de Salud, Daniel Gollan.","rel":"","context":"En \u00abSin categor\u00eda\u00bb","block_context":{"text":"Sin categor\u00eda","link":"https:\/\/1005.com.ar\/index.php\/category\/sin-categoria\/"},"img":{"alt_text":"","src":"https:\/\/i0.wp.com\/1005.com.ar\/wp-content\/uploads\/2021\/01\/6005d11667fc1_1004x565.jpg?resize=350%2C200&ssl=1","width":350,"height":200,"srcset":"https:\/\/i0.wp.com\/1005.com.ar\/wp-content\/uploads\/2021\/01\/6005d11667fc1_1004x565.jpg?resize=350%2C200&ssl=1 1x, https:\/\/i0.wp.com\/1005.com.ar\/wp-content\/uploads\/2021\/01\/6005d11667fc1_1004x565.jpg?resize=525%2C300&ssl=1 1.5x, https:\/\/i0.wp.com\/1005.com.ar\/wp-content\/uploads\/2021\/01\/6005d11667fc1_1004x565.jpg?resize=700%2C400&ssl=1 2x"},"classes":[]}],"jetpack_likes_enabled":true,"jetpack_sharing_enabled":true,"_links":{"self":[{"href":"https:\/\/1005.com.ar\/index.php\/wp-json\/wp\/v2\/posts\/2182","targetHints":{"allow":["GET"]}}],"collection":[{"href":"https:\/\/1005.com.ar\/index.php\/wp-json\/wp\/v2\/posts"}],"about":[{"href":"https:\/\/1005.com.ar\/index.php\/wp-json\/wp\/v2\/types\/post"}],"author":[{"embeddable":true,"href":"https:\/\/1005.com.ar\/index.php\/wp-json\/wp\/v2\/users\/3"}],"replies":[{"embeddable":true,"href":"https:\/\/1005.com.ar\/index.php\/wp-json\/wp\/v2\/comments?post=2182"}],"version-history":[{"count":0,"href":"https:\/\/1005.com.ar\/index.php\/wp-json\/wp\/v2\/posts\/2182\/revisions"}],"wp:featuredmedia":[{"embeddable":true,"href":"https:\/\/1005.com.ar\/index.php\/wp-json\/wp\/v2\/media\/2183"}],"wp:attachment":[{"href":"https:\/\/1005.com.ar\/index.php\/wp-json\/wp\/v2\/media?parent=2182"}],"wp:term":[{"taxonomy":"category","embeddable":true,"href":"https:\/\/1005.com.ar\/index.php\/wp-json\/wp\/v2\/categories?post=2182"},{"taxonomy":"post_tag","embeddable":true,"href":"https:\/\/1005.com.ar\/index.php\/wp-json\/wp\/v2\/tags?post=2182"}],"curies":[{"name":"wp","href":"https:\/\/api.w.org\/{rel}","templated":true}]}}