{"id":2142,"date":"2021-07-04T20:58:17","date_gmt":"2021-07-04T23:58:17","guid":{"rendered":"https:\/\/1005.com.ar\/?p=2142"},"modified":"2021-07-04T20:58:18","modified_gmt":"2021-07-04T23:58:18","slug":"horacio-rodriguez-larreta-y-patricia-bullrich-se-reunieron-para-trazar-los-proximos-pasos-de-la-estrategia-electoral-de-la-ciudad-de-buenos-aires","status":"publish","type":"post","link":"https:\/\/1005.com.ar\/index.php\/2021\/07\/04\/horacio-rodriguez-larreta-y-patricia-bullrich-se-reunieron-para-trazar-los-proximos-pasos-de-la-estrategia-electoral-de-la-ciudad-de-buenos-aires\/","title":{"rendered":"Horacio Rodr\u00edguez Larreta y Patricia Bullrich se reunieron para trazar los pr\u00f3ximos pasos de la estrategia electoral de la Ciudad de Buenos Aires"},"content":{"rendered":"\n<p>En la tarde de este domingo y un d\u00eda despu\u00e9s de que la presidenta del PRO&nbsp;<a href=\"https:\/\/infobae.com\/politica\/2021\/07\/03\/patricia-bullrich-renuncio-a-ser-candidata-a-diputada-en-las-proximas-elecciones-apuesto-al-2023\/\" target=\"_blank\" rel=\"noreferrer noopener\">renunciara a ser candidata en las pr\u00f3ximas elecciones legislativas<\/a>,&nbsp;<strong>Horacio Rodr\u00edguez Larreta&nbsp;<\/strong>y<strong>&nbsp;Patricia Bullrich&nbsp;<\/strong>compartieron un caf\u00e9 para trazar los pr\u00f3ximos pasos de la estrategia electoral de la Ciudad de Buenos Aires.<\/p>\n\n\n\n<p>El jefe de Gobierno de la Capital Federal y la titular del partido se encontraron en un conocido local gastron\u00f3mico de la avenida Libertador, donde conversaron sobre la importancia de mantenerse unidos y de fortalecer a Juntos por el Cambio en todo el pa\u00eds de cara a las PASO.<\/p>\n\n\n\n<p><mark>\u201cEsta tarde con @PatoBullrich estuvimos conversando sobre la importancia de seguir trabajando juntos por la unidad de @juntoscambioar. Sabemos todos los desaf\u00edos que tenemos por delante y vamos a seguir trabajando para ofrecerle lo mejor a cada argentino y argentina\u201d<\/mark>, manifest\u00f3 Rodr\u00edguez Larreta, en un mensaje que public\u00f3 en su cuenta oficial de Twitter.<\/p>\n\n\n\n<p>En tanto, Bullrich escribi\u00f3 en la misma red social:&nbsp;<mark>\u201cCon @HoracioRLarreta entendemos que la fuerza del cambio est\u00e1 en la unidad. Necesitamos estar juntos para defender la Rep\u00fablica y terminar con esta decadencia que nos roba el porvenir. Queremos construir un pa\u00eds en el que progresar sea la raz\u00f3n de cada argentino\u201d<\/mark>.<\/p>\n\n\n\n<p>La reuni\u00f3n, algo sorpresiva, fue coordinada por Fernando Straface, secretario general del Gobierno de la -ciudad de Buenos Aires, a tav\u00e9s de un llamado a Gerardo Millman, socio pol\u00edtico de Bullrich.<\/p>\n\n\n\n<p>La cita fue en el caf\u00e9<strong>&nbsp;Dandy,<\/strong>&nbsp;en la esquina de Bulnes y avenida Del Libertador. Estuvieron reunidos los cuatro por espacio de&nbsp;<strong>casi dos horas, intrerumpidos s\u00f3lo por algunos de los clientes de la tradicional confiter\u00eda que quer\u00edan sacarse fotos con ellos.<\/strong><\/p>\n\n\n\n<p><a href=\"https:\/\/www.infobae.com\/politica\/2021\/07\/04\/horacio-rodriguez-larreta-y-patricia-bullrich-se-reunieron-para-trazar-los-proximos-pasos-de-la-estrategia-electoral-de-la-ciudad-de-buenos-aires\/\">https:\/\/www.infobae.com\/politica\/2021\/07\/04\/horacio-rodriguez-larreta-y-patricia-bullrich-se-reunieron-para-trazar-los-proximos-pasos-de-la-estrategia-electoral-de-la-ciudad-de-buenos-aires\/<\/a><\/p>\n","protected":false},"excerpt":{"rendered":"<p>En la tarde de este domingo y un d\u00eda despu\u00e9s de que la presidenta del PRO&nbsp;renunciara a ser candidata en<\/p>\n","protected":false},"author":3,"featured_media":2144,"comment_status":"open","ping_status":"closed","sticky":false,"template":"","format":"standard","meta":{"jetpack_post_was_ever_published":false,"_jetpack_newsletter_access":"","_jetpack_dont_email_post_to_subs":false,"_jetpack_newsletter_tier_id":0,"_jetpack_memberships_contains_paywalled_content":false,"_jetpack_memberships_contains_paid_content":false,"footnotes":"","jetpack_publicize_message":"","jetpack_publicize_feature_enabled":true,"jetpack_social_post_already_shared":true,"jetpack_social_options":{"image_generator_settings":{"template":"highway","default_image_id":0,"font":"","enabled":false},"version":2}},"categories":[1],"tags":[],"class_list":["post-2142","post","type-post","status-publish","format-standard","has-post-thumbnail","hentry","category-sin-categoria"],"jetpack_publicize_connections":[],"jetpack_featured_media_url":"https:\/\/1005.com.ar\/wp-content\/uploads\/2021\/07\/descarga-5-1.jpg","jetpack-related-posts":[{"id":1889,"url":"https:\/\/1005.com.ar\/index.php\/2021\/04\/01\/alberto-fernandez-y-horacio-rodriguez-larreta-se-reuniran-de-urgencia-por-la-escalada-de-contagios-de-covid-19\/","url_meta":{"origin":2142,"position":0},"title":"Alberto Fern\u00e1ndez y Horacio Rodr\u00edguez Larreta se reunir\u00e1n de urgencia por la escalada de contagios de COVID-19","author":"Radio Music","date":"abril 1, 2021","format":false,"excerpt":"El presidente\u00a0Alberto Fern\u00e1ndez\u00a0y el jefe de Gobierno porte\u00f1o,\u00a0Horacio Rodr\u00edguez Larreta, se reunir\u00e1n en la Quinta de Olivos para\u00a0analizar los pasos a seguir ante la escalada de contagios de COVID-19\u00a0que se vienen registrando en la Ciudad de Buenos Aires y el \u00e1rea metropolitana. El encuentro podr\u00eda ser en la tarde de\u2026","rel":"","context":"En \u00abSin categor\u00eda\u00bb","block_context":{"text":"Sin categor\u00eda","link":"https:\/\/1005.com.ar\/index.php\/category\/sin-categoria\/"},"img":{"alt_text":"","src":"https:\/\/i0.wp.com\/1005.com.ar\/wp-content\/uploads\/2021\/04\/2Y2LHH6XRFGZHEZ5ND4OFGHKM4.jpg?resize=350%2C200&ssl=1","width":350,"height":200,"srcset":"https:\/\/i0.wp.com\/1005.com.ar\/wp-content\/uploads\/2021\/04\/2Y2LHH6XRFGZHEZ5ND4OFGHKM4.jpg?resize=350%2C200&ssl=1 1x, https:\/\/i0.wp.com\/1005.com.ar\/wp-content\/uploads\/2021\/04\/2Y2LHH6XRFGZHEZ5ND4OFGHKM4.jpg?resize=525%2C300&ssl=1 1.5x, https:\/\/i0.wp.com\/1005.com.ar\/wp-content\/uploads\/2021\/04\/2Y2LHH6XRFGZHEZ5ND4OFGHKM4.jpg?resize=700%2C400&ssl=1 2x"},"classes":[]},{"id":2616,"url":"https:\/\/1005.com.ar\/index.php\/2022\/01\/09\/quien-conduce-la-oposicion\/","url_meta":{"origin":2142,"position":1},"title":"\u00bfQui\u00e9n conduce la oposici\u00f3n?","author":"Radio Music","date":"enero 9, 2022","format":false,"excerpt":"Gerardo Morales, Rodr\u00edguez Larreta, Patricia Bullrich y Mario Negri: Todos contra todos\u00a0 El gobernador de Jujuy jug\u00f3 fuerte, pero las tensiones en Juntos por el Cambio continuar\u00e1n. Los ejes de disputa. El lugar de Mar\u00eda Eugenia Vidal.\u00a0 https:\/\/www.pagina12.com.ar\/394165-gerardo-morales-rodriguez-larreta-patricia-bullrich-y-mario-","rel":"","context":"En \u00abSin categor\u00eda\u00bb","block_context":{"text":"Sin categor\u00eda","link":"https:\/\/1005.com.ar\/index.php\/category\/sin-categoria\/"},"img":{"alt_text":"","src":"https:\/\/i0.wp.com\/1005.com.ar\/wp-content\/uploads\/2022\/01\/302916-whatsapp-20image-202022-01-08-20at-2017-01-13.jpeg?resize=350%2C200&ssl=1","width":350,"height":200,"srcset":"https:\/\/i0.wp.com\/1005.com.ar\/wp-content\/uploads\/2022\/01\/302916-whatsapp-20image-202022-01-08-20at-2017-01-13.jpeg?resize=350%2C200&ssl=1 1x, https:\/\/i0.wp.com\/1005.com.ar\/wp-content\/uploads\/2022\/01\/302916-whatsapp-20image-202022-01-08-20at-2017-01-13.jpeg?resize=525%2C300&ssl=1 1.5x, https:\/\/i0.wp.com\/1005.com.ar\/wp-content\/uploads\/2022\/01\/302916-whatsapp-20image-202022-01-08-20at-2017-01-13.jpeg?resize=700%2C400&ssl=1 2x"},"classes":[]},{"id":4243,"url":"https:\/\/1005.com.ar\/index.php\/2023\/08\/04\/kicillof-primero-en-las-encuestas\/","url_meta":{"origin":2142,"position":2},"title":"Kicillof primero en las encuestas","author":"Julieta Di Rocco","date":"agosto 4, 2023","format":false,"excerpt":"La inflaci\u00f3n es preocupaci\u00f3n casi excluyente entre los bonaerenses. Grabois, \u00bfllega a los 10 puntos? Proyecciones y pron\u00f3sticos a diez d\u00edas de las PASO. Dos encuestas recientes, una de la\u00a0Consultora de Imagen y Gesti\u00f3n Pol\u00edtica\u00a0(CIGP) y\u00a0otra de\u00a0Proyecci\u00f3n, aunque difieren en los n\u00fameros, confirman tendencias que ya se observaban sobre el\u2026","rel":"","context":"En \u00abSin categor\u00eda\u00bb","block_context":{"text":"Sin categor\u00eda","link":"https:\/\/1005.com.ar\/index.php\/category\/sin-categoria\/"},"img":{"alt_text":"","src":"https:\/\/i0.wp.com\/1005.com.ar\/wp-content\/uploads\/2023\/08\/753676-foto-20na-20-kicillof_0.jpg?resize=350%2C200&ssl=1","width":350,"height":200,"srcset":"https:\/\/i0.wp.com\/1005.com.ar\/wp-content\/uploads\/2023\/08\/753676-foto-20na-20-kicillof_0.jpg?resize=350%2C200&ssl=1 1x, https:\/\/i0.wp.com\/1005.com.ar\/wp-content\/uploads\/2023\/08\/753676-foto-20na-20-kicillof_0.jpg?resize=525%2C300&ssl=1 1.5x, https:\/\/i0.wp.com\/1005.com.ar\/wp-content\/uploads\/2023\/08\/753676-foto-20na-20-kicillof_0.jpg?resize=700%2C400&ssl=1 2x"},"classes":[]},{"id":3324,"url":"https:\/\/1005.com.ar\/index.php\/2022\/08\/11\/elisa-carrio-termino-la-tregua-en-juntos-por-el-cambio-con-acusaciones-de-corrupcion-y-negociados\/","url_meta":{"origin":2142,"position":3},"title":"Elisa Carri\u00f3 termin\u00f3 la tregua en Juntos por el Cambio con acusaciones de corrupci\u00f3n y negociados","author":"Julieta Di Rocco","date":"agosto 11, 2022","format":false,"excerpt":"Con denuncias de corrupci\u00f3n y negociados contra miembros de JxC, la l\u00edder de la Coalici\u00f3n C\u00edvica se sum\u00f3 al discurso que ven\u00eda ensayando Mauricio Macri y cuestion\u00f3 a los dirigentes que, desde su perspectiva, podr\u00edan alcanzar acuerdos con Sergio Massa o el peronismo. En duros t\u00e9rminos le respondieron desde Horacio\u2026","rel":"","context":"En \u00abSin categor\u00eda\u00bb","block_context":{"text":"Sin categor\u00eda","link":"https:\/\/1005.com.ar\/index.php\/category\/sin-categoria\/"},"img":{"alt_text":"","src":"https:\/\/i0.wp.com\/1005.com.ar\/wp-content\/uploads\/2022\/08\/603494-3a-0.jpeg?resize=350%2C200&ssl=1","width":350,"height":200,"srcset":"https:\/\/i0.wp.com\/1005.com.ar\/wp-content\/uploads\/2022\/08\/603494-3a-0.jpeg?resize=350%2C200&ssl=1 1x, https:\/\/i0.wp.com\/1005.com.ar\/wp-content\/uploads\/2022\/08\/603494-3a-0.jpeg?resize=525%2C300&ssl=1 1.5x, https:\/\/i0.wp.com\/1005.com.ar\/wp-content\/uploads\/2022\/08\/603494-3a-0.jpeg?resize=700%2C400&ssl=1 2x"},"classes":[]},{"id":2424,"url":"https:\/\/1005.com.ar\/index.php\/2021\/11\/30\/la-conduccion-de-jxc-y-las-diferencias-internas-en-el-interbloque\/","url_meta":{"origin":2142,"position":4},"title":"La conducci\u00f3n de JxC y las diferencias internas en el interbloque","author":"Radio Music","date":"noviembre 30, 2021","format":false,"excerpt":"Un nuevo nombre para evitar la fuga... de legisladores\u00a0 La tarea por estas horas es evitar que haya fugas en el interbloque de diputados de Juntos por el Cambio. Por ahora la idea que predomina y que pretenden que act\u00fae como un dique de contenci\u00f3n es la posibilidad de cambiar\u2026","rel":"","context":"En \u00abSin categor\u00eda\u00bb","block_context":{"text":"Sin categor\u00eda","link":"https:\/\/1005.com.ar\/index.php\/category\/sin-categoria\/"},"img":{"alt_text":"","src":"https:\/\/i0.wp.com\/1005.com.ar\/wp-content\/uploads\/2021\/11\/293445-whatsapp-20image-202021-11-29-20at-209-22-50-20pm.jpeg?resize=350%2C200&ssl=1","width":350,"height":200,"srcset":"https:\/\/i0.wp.com\/1005.com.ar\/wp-content\/uploads\/2021\/11\/293445-whatsapp-20image-202021-11-29-20at-209-22-50-20pm.jpeg?resize=350%2C200&ssl=1 1x, https:\/\/i0.wp.com\/1005.com.ar\/wp-content\/uploads\/2021\/11\/293445-whatsapp-20image-202021-11-29-20at-209-22-50-20pm.jpeg?resize=525%2C300&ssl=1 1.5x, https:\/\/i0.wp.com\/1005.com.ar\/wp-content\/uploads\/2021\/11\/293445-whatsapp-20image-202021-11-29-20at-209-22-50-20pm.jpeg?resize=700%2C400&ssl=1 2x"},"classes":[]},{"id":4250,"url":"https:\/\/1005.com.ar\/index.php\/2023\/08\/07\/las-8-preguntas-clave-que-las-encuestas-no-responden-sobre-las-elecciones\/","url_meta":{"origin":2142,"position":5},"title":"Las 8 preguntas clave que las encuestas no responden sobre las elecciones","author":"Julieta Di Rocco","date":"agosto 7, 2023","format":false,"excerpt":"En un escenario abierto, los analistas ponen el foco en el fantasma del ausentismo, los votos estrat\u00e9gicos, el peso de los aparatos partidarios y la transferencia de sufragios postPASO. A una semana de las PASO, hay inc\u00f3gnitas a despejar que van m\u00e1s all\u00e1 de los n\u00fameros que exhiben las encuestas.\u2026","rel":"","context":"En \u00abSin categor\u00eda\u00bb","block_context":{"text":"Sin categor\u00eda","link":"https:\/\/1005.com.ar\/index.php\/category\/sin-categoria\/"},"img":{"alt_text":"","src":"https:\/\/i0.wp.com\/1005.com.ar\/wp-content\/uploads\/2023\/08\/754738-725502-50775-elecciones-1.jpg?resize=350%2C200&ssl=1","width":350,"height":200,"srcset":"https:\/\/i0.wp.com\/1005.com.ar\/wp-content\/uploads\/2023\/08\/754738-725502-50775-elecciones-1.jpg?resize=350%2C200&ssl=1 1x, https:\/\/i0.wp.com\/1005.com.ar\/wp-content\/uploads\/2023\/08\/754738-725502-50775-elecciones-1.jpg?resize=525%2C300&ssl=1 1.5x, https:\/\/i0.wp.com\/1005.com.ar\/wp-content\/uploads\/2023\/08\/754738-725502-50775-elecciones-1.jpg?resize=700%2C400&ssl=1 2x"},"classes":[]}],"jetpack_likes_enabled":true,"jetpack_sharing_enabled":true,"_links":{"self":[{"href":"https:\/\/1005.com.ar\/index.php\/wp-json\/wp\/v2\/posts\/2142","targetHints":{"allow":["GET"]}}],"collection":[{"href":"https:\/\/1005.com.ar\/index.php\/wp-json\/wp\/v2\/posts"}],"about":[{"href":"https:\/\/1005.com.ar\/index.php\/wp-json\/wp\/v2\/types\/post"}],"author":[{"embeddable":true,"href":"https:\/\/1005.com.ar\/index.php\/wp-json\/wp\/v2\/users\/3"}],"replies":[{"embeddable":true,"href":"https:\/\/1005.com.ar\/index.php\/wp-json\/wp\/v2\/comments?post=2142"}],"version-history":[{"count":0,"href":"https:\/\/1005.com.ar\/index.php\/wp-json\/wp\/v2\/posts\/2142\/revisions"}],"wp:featuredmedia":[{"embeddable":true,"href":"https:\/\/1005.com.ar\/index.php\/wp-json\/wp\/v2\/media\/2144"}],"wp:attachment":[{"href":"https:\/\/1005.com.ar\/index.php\/wp-json\/wp\/v2\/media?parent=2142"}],"wp:term":[{"taxonomy":"category","embeddable":true,"href":"https:\/\/1005.com.ar\/index.php\/wp-json\/wp\/v2\/categories?post=2142"},{"taxonomy":"post_tag","embeddable":true,"href":"https:\/\/1005.com.ar\/index.php\/wp-json\/wp\/v2\/tags?post=2142"}],"curies":[{"name":"wp","href":"https:\/\/api.w.org\/{rel}","templated":true}]}}