{"id":2130,"date":"2021-07-04T20:43:49","date_gmt":"2021-07-04T23:43:49","guid":{"rendered":"https:\/\/1005.com.ar\/?p=2130"},"modified":"2021-07-04T20:43:50","modified_gmt":"2021-07-04T23:43:50","slug":"lionel-scaloni-el-equipo-jugo-el-partido-que-tenia-que-jugar","status":"publish","type":"post","link":"https:\/\/1005.com.ar\/index.php\/2021\/07\/04\/lionel-scaloni-el-equipo-jugo-el-partido-que-tenia-que-jugar\/","title":{"rendered":"Lionel Scaloni: \u00abEl equipo jug\u00f3 el partido que ten\u00eda que jugar\u00bb"},"content":{"rendered":"\n<p>El DT del seleccionado argentino de f\u00fatbol, Lionel Scaloni, dijo que el equipo \u00abjug\u00f3 el partido que ten\u00eda que jugar\u00bb, tras la victoria 3-0 sobre Ecuador para pasar a las semifinales de la Copa Am\u00e9rica.<\/p>\n\n\n\n<p>\u00abJugamos el partido que ten\u00edamos que jugar. No quiero ser reiterativo con el tema de la cancha, pero hicimos el partido que nos conven\u00eda\u00bb, analiz\u00f3 el t\u00e9cnico en la conferencia de prensa virtual tras el encuentro.<\/p>\n\n\n\n<p>\u00abCreo que fue el partido de esta Copa en el que generamos m\u00e1s chances de gol, eso habla de que hicimos el partido que deb\u00edamos hacer. Es verdad que Ecuador tambi\u00e9n tuvo las suyas, sab\u00edamos y hab\u00edamos dicho que era un rival peligroso\u00bb, a\u00f1adi\u00f3 Scaloni.<\/p>\n\n\n\n<p>Respecto del nivel de Lionel Messi, el entrenador se ilusion\u00f3 con \u00abseguir disfrut\u00e1ndolo la mayor cantidad de tiempo posible\u00bb. \u00abCreo que hasta los contrarios lo disfrutan, estamos hablando del mejor jugador de todos los tiempos\u00bb, enfatiz\u00f3 el ex mediocampista.<\/p>\n\n\n\n<p>De cara a la definici\u00f3n del certamen y a las dificultades que tuvo Argentina en los partidos previos, Scaloni remarc\u00f3 que se est\u00e1 subestimando el nivel de los rivales. \u00abEl que crea que se pueden ganar todos los partidos f\u00e1cil est\u00e1 equivocado. Los encuentros son trabados, se juegan al l\u00edmite. Todos los jugadores dan el m\u00e1ximo hasta el \u00faltimo minuto del encuentro y eso, como entrenador de Argentina, me llena de orgullo. Estamos en una instancia decisiva e intentaremos seguir adelante con trabajo y humildad\u00bb, finaliz\u00f3 el director t\u00e9cnico.<\/p>\n\n\n\n<p><a href=\"https:\/\/www.pagina12.com.ar\/352423-lionel-scaloni-el-equipo-jugo-el-partido-que-tenia-que-jugar\">https:\/\/www.pagina12.com.ar\/352423-lionel-scaloni-el-equipo-jugo-el-partido-que-tenia-que-jugar<\/a><\/p>\n","protected":false},"excerpt":{"rendered":"<p>El DT del seleccionado argentino de f\u00fatbol, Lionel Scaloni, dijo que el equipo \u00abjug\u00f3 el partido que ten\u00eda que jugar\u00bb,<\/p>\n","protected":false},"author":3,"featured_media":2131,"comment_status":"open","ping_status":"closed","sticky":false,"template":"","format":"standard","meta":{"jetpack_post_was_ever_published":false,"_jetpack_newsletter_access":"","_jetpack_dont_email_post_to_subs":false,"_jetpack_newsletter_tier_id":0,"_jetpack_memberships_contains_paywalled_content":false,"_jetpack_memberships_contains_paid_content":false,"footnotes":"","jetpack_publicize_message":"","jetpack_publicize_feature_enabled":true,"jetpack_social_post_already_shared":true,"jetpack_social_options":{"image_generator_settings":{"template":"highway","default_image_id":0,"font":"","enabled":false},"version":2}},"categories":[1],"tags":[],"class_list":["post-2130","post","type-post","status-publish","format-standard","has-post-thumbnail","hentry","category-sin-categoria"],"jetpack_publicize_connections":[],"jetpack_featured_media_url":"https:\/\/1005.com.ar\/wp-content\/uploads\/2021\/07\/descarga-2.jpg","jetpack-related-posts":[{"id":3502,"url":"https:\/\/1005.com.ar\/index.php\/2022\/09\/23\/argentina-vs-honduras-hoy-a-que-hora-juegan-tv-y-formaciones\/","url_meta":{"origin":2130,"position":0},"title":"Argentina vs Honduras hoy: a qu\u00e9 hora juegan, TV y formaciones","author":"Julieta Di Rocco","date":"septiembre 23, 2022","format":false,"excerpt":"La lista de convocados, con la presencia de Lionel Messi, \u00c1ngel Di Mar\u00eda y Lautaro Mart\u00ednez. La formaci\u00f3n que pondr\u00eda Lionel Scaloni en la cancha. Los duelos posteriores de la Selecci\u00f3n ante Jamaica y Emiratos \u00c1rabes Unidos de cara a la Copa del Mundo. \u00bfCu\u00e1ndo fue la \u00faltima vez que\u2026","rel":"","context":"En \u00abSin categor\u00eda\u00bb","block_context":{"text":"Sin categor\u00eda","link":"https:\/\/1005.com.ar\/index.php\/category\/sin-categoria\/"},"img":{"alt_text":"","src":"https:\/\/i0.wp.com\/1005.com.ar\/wp-content\/uploads\/2022\/09\/653249-arg-20getty.jpg?resize=350%2C200&ssl=1","width":350,"height":200,"srcset":"https:\/\/i0.wp.com\/1005.com.ar\/wp-content\/uploads\/2022\/09\/653249-arg-20getty.jpg?resize=350%2C200&ssl=1 1x, https:\/\/i0.wp.com\/1005.com.ar\/wp-content\/uploads\/2022\/09\/653249-arg-20getty.jpg?resize=525%2C300&ssl=1 1.5x, https:\/\/i0.wp.com\/1005.com.ar\/wp-content\/uploads\/2022\/09\/653249-arg-20getty.jpg?resize=700%2C400&ssl=1 2x"},"classes":[]},{"id":3743,"url":"https:\/\/1005.com.ar\/index.php\/2023\/01\/12\/premios-the-best-lionel-messi-julian-alvarez-scaloni-y-dibu-martinez-fueron-nominados-por-la-fifa\/","url_meta":{"origin":2130,"position":1},"title":"Premios The Best: Lionel Messi, Juli\u00e1n \u00c1lvarez, Scaloni y Dibu Mart\u00ednez fueron nominados por la FIFA","author":"Julieta Di Rocco","date":"enero 12, 2023","format":false,"excerpt":"https:\/\/www.lanacion.com.ar\/deportes\/futbol\/premios-the-best-lionel-messi-julian-alvarez-scaloni-y-dibu-martinez-fueron-nominados-por-la-fifa-nid12012023\/","rel":"","context":"En \u00abSin categor\u00eda\u00bb","block_context":{"text":"Sin categor\u00eda","link":"https:\/\/1005.com.ar\/index.php\/category\/sin-categoria\/"},"img":{"alt_text":"","src":"","width":0,"height":0},"classes":[]},{"id":3747,"url":"https:\/\/1005.com.ar\/index.php\/2023\/01\/17\/lionel-scaloni-conto-que-no-volvio-a-ver-la-final-mundial-y-que-en-los-proximos-dias-resolvera-si-sigue-al-frente-de-la-seleccion\/","url_meta":{"origin":2130,"position":2},"title":"Lionel Scaloni cont\u00f3 que no volvi\u00f3 a ver la final Mundial y que en los pr\u00f3ximos d\u00edas resolver\u00e1 si sigue al frente de la Selecci\u00f3n","author":"Julieta Di Rocco","date":"enero 17, 2023","format":false,"excerpt":"https:\/\/www.pagina12.com.ar\/516324-lionel-scaloni-conto-que-no-volvio-a-ver-la-final-mundial-y-","rel":"","context":"En \u00abSin categor\u00eda\u00bb","block_context":{"text":"Sin categor\u00eda","link":"https:\/\/1005.com.ar\/index.php\/category\/sin-categoria\/"},"img":{"alt_text":"","src":"https:\/\/i0.wp.com\/1005.com.ar\/wp-content\/uploads\/2023\/01\/689182-48788-lionel-2520scaloni.jpg?resize=350%2C200&ssl=1","width":350,"height":200,"srcset":"https:\/\/i0.wp.com\/1005.com.ar\/wp-content\/uploads\/2023\/01\/689182-48788-lionel-2520scaloni.jpg?resize=350%2C200&ssl=1 1x, https:\/\/i0.wp.com\/1005.com.ar\/wp-content\/uploads\/2023\/01\/689182-48788-lionel-2520scaloni.jpg?resize=525%2C300&ssl=1 1.5x, https:\/\/i0.wp.com\/1005.com.ar\/wp-content\/uploads\/2023\/01\/689182-48788-lionel-2520scaloni.jpg?resize=700%2C400&ssl=1 2x"},"classes":[]},{"id":2085,"url":"https:\/\/1005.com.ar\/index.php\/2021\/06\/16\/copa-america-messi-y-un-mensaje-motivador-antes-del-clasico-con-uruguay\/","url_meta":{"origin":2130,"position":3},"title":"Copa Am\u00e9rica: Messi y un mensaje motivador antes del cl\u00e1sico con Uruguay","author":"Radio Music","date":"junio 16, 2021","format":false,"excerpt":"Luego de la seguidilla de empates que atraviesa la Selecci\u00f3n argentina\u00a0y que fue dejando un sabor amargo y un gusto a poco,\u00a0el capit\u00e1n y s\u00edmbolo del equipo nacional, Lionel Messi, ofreci\u00f3 este mi\u00e9rcoles unas\u00a0palabras de motivaci\u00f3n\u00a0de cara a lo que viene: el cl\u00e1sico del viernes ante Uruguay, en el debut\u2026","rel":"","context":"En \u00abSin categor\u00eda\u00bb","block_context":{"text":"Sin categor\u00eda","link":"https:\/\/1005.com.ar\/index.php\/category\/sin-categoria\/"},"img":{"alt_text":"","src":"","width":0,"height":0},"classes":[]},{"id":5294,"url":"https:\/\/1005.com.ar\/index.php\/2024\/06\/30\/argentina-sin-messi-ni-scaloni-vencio-a-peru-paso-a-cuartos-como-primera-y-espera-rival-en-la-copa-america\/","url_meta":{"origin":2130,"position":4},"title":"Argentina, sin Messi ni Scaloni, venci\u00f3 a Per\u00fa, pas\u00f3 a cuartos como primera y espera rival en la Copa Am\u00e9rica","author":"Julieta Di Rocco","date":"junio 30, 2024","format":false,"excerpt":"https:\/\/www.lanacion.com.ar\/deportes\/futbol\/argentina-sin-messi-ni-scaloni-vencio-a-peru-paso-a-cuartos-como-primera-y-espera-rival-en-la-copa-nid2906202","rel":"","context":"En \u00abSin categor\u00eda\u00bb","block_context":{"text":"Sin categor\u00eda","link":"https:\/\/1005.com.ar\/index.php\/category\/sin-categoria\/"},"img":{"alt_text":"","src":"https:\/\/1005.com.ar\/wp-content\/uploads\/2024\/06\/el-abrazo-de-la-figura-y-el-goleador-di-maria-y-WKLKCAHTABBPZATIGKIPSIPOXY.avif","width":350,"height":200,"srcset":"https:\/\/1005.com.ar\/wp-content\/uploads\/2024\/06\/el-abrazo-de-la-figura-y-el-goleador-di-maria-y-WKLKCAHTABBPZATIGKIPSIPOXY.avif 1x, https:\/\/1005.com.ar\/wp-content\/uploads\/2024\/06\/el-abrazo-de-la-figura-y-el-goleador-di-maria-y-WKLKCAHTABBPZATIGKIPSIPOXY.avif 1.5x, https:\/\/1005.com.ar\/wp-content\/uploads\/2024\/06\/el-abrazo-de-la-figura-y-el-goleador-di-maria-y-WKLKCAHTABBPZATIGKIPSIPOXY.avif 2x"},"classes":[]},{"id":2069,"url":"https:\/\/1005.com.ar\/index.php\/2021\/06\/07\/copa-america-la-afa-garantizo-la-participacion-de-la-seleccion-argentina\/","url_meta":{"origin":2130,"position":5},"title":"Copa Am\u00e9rica: La AFA garantiz\u00f3 la participaci\u00f3n de la Selecci\u00f3n Argentina","author":"Radio Music","date":"junio 7, 2021","format":false,"excerpt":"La Asociaci\u00f3n del F\u00fatbol Argentino (AFA) garantiz\u00f3 este domingo la participaci\u00f3n de su seleccionado mayor en la Copa Am\u00e9rica Brasil 2021, cuestionada por futbolistas y actores de diversos \u00e1mbitos frente al riesgo sanitario que implica en medio de la pandemia de coronavirus. La entidad con sede central en Viamonte 1366\u2026","rel":"","context":"En \u00abSin categor\u00eda\u00bb","block_context":{"text":"Sin categor\u00eda","link":"https:\/\/1005.com.ar\/index.php\/category\/sin-categoria\/"},"img":{"alt_text":"","src":"","width":0,"height":0},"classes":[]}],"jetpack_likes_enabled":true,"jetpack_sharing_enabled":true,"_links":{"self":[{"href":"https:\/\/1005.com.ar\/index.php\/wp-json\/wp\/v2\/posts\/2130","targetHints":{"allow":["GET"]}}],"collection":[{"href":"https:\/\/1005.com.ar\/index.php\/wp-json\/wp\/v2\/posts"}],"about":[{"href":"https:\/\/1005.com.ar\/index.php\/wp-json\/wp\/v2\/types\/post"}],"author":[{"embeddable":true,"href":"https:\/\/1005.com.ar\/index.php\/wp-json\/wp\/v2\/users\/3"}],"replies":[{"embeddable":true,"href":"https:\/\/1005.com.ar\/index.php\/wp-json\/wp\/v2\/comments?post=2130"}],"version-history":[{"count":0,"href":"https:\/\/1005.com.ar\/index.php\/wp-json\/wp\/v2\/posts\/2130\/revisions"}],"wp:featuredmedia":[{"embeddable":true,"href":"https:\/\/1005.com.ar\/index.php\/wp-json\/wp\/v2\/media\/2131"}],"wp:attachment":[{"href":"https:\/\/1005.com.ar\/index.php\/wp-json\/wp\/v2\/media?parent=2130"}],"wp:term":[{"taxonomy":"category","embeddable":true,"href":"https:\/\/1005.com.ar\/index.php\/wp-json\/wp\/v2\/categories?post=2130"},{"taxonomy":"post_tag","embeddable":true,"href":"https:\/\/1005.com.ar\/index.php\/wp-json\/wp\/v2\/tags?post=2130"}],"curies":[{"name":"wp","href":"https:\/\/api.w.org\/{rel}","templated":true}]}}