{"id":2110,"date":"2021-06-20T19:53:48","date_gmt":"2021-06-20T22:53:48","guid":{"rendered":"https:\/\/1005.com.ar\/?p=2110"},"modified":"2021-06-20T19:53:49","modified_gmt":"2021-06-20T22:53:49","slug":"jubilaciones-la-anses-volvio-a-extender-ahora-hasta-el-31-de-diciembre-la-suspension-del-tramite-de-fe-de-vida-para-el-cobro-de-haberes","status":"publish","type":"post","link":"https:\/\/1005.com.ar\/index.php\/2021\/06\/20\/jubilaciones-la-anses-volvio-a-extender-ahora-hasta-el-31-de-diciembre-la-suspension-del-tramite-de-fe-de-vida-para-el-cobro-de-haberes\/","title":{"rendered":"Jubilaciones: la Anses volvi\u00f3 a extender, ahora hasta el 31 de diciembre, la suspensi\u00f3n del tr\u00e1mite de Fe de Vida para el cobro de haberes"},"content":{"rendered":"\n<p>La Administraci\u00f3n Nacional de Seguridad Social (Anses) extendi\u00f3 nuevamente, ahora hasta el 31 de diciembre, la suspensi\u00f3n del tr\u00e1mite de \u201cfe de vida\u201d (que muchos conocen como \u201csupervivencia\u201d) para el cobro de jubilaciones y pensiones.<\/p>\n\n\n\n<p>De este modo, se\u00f1al\u00f3 la entidad en un comunicado,<strong>\u00a0\u201clos beneficiarios y beneficiarias no deben concurrir a los bancos para hacer el tr\u00e1mite\u201d para el cobro de las jubilaciones y pensiones de julio, agosto, septiembre, octubre, noviembre y diciembre.<\/strong><\/p>\n\n\n\n<p>Adem\u00e1s, la Anses estableci\u00f3 que los titulares de haberes previsionales residentes en el exterior puedan presentar, de forma excepcional, el certificado de supervivencia semestral ante el banco apoderado tambi\u00e9n hasta el \u00faltimo d\u00eda de diciembre.<\/p>\n\n\n\n<p>La suspensi\u00f3n vigente de realizaci\u00f3n del tr\u00e1mite expiraba el 30 de junio y hab\u00eda sido anunciada el 19 de marzo pasado, cuando la fecha de vencimiento era el 31 de marzo, por tres meses.<\/p>\n\n\n\n<p>Ahora, en cambio, la agencia que encabeza&nbsp;<strong>Fernanda Raverta&nbsp;<\/strong>decidi\u00f3 estirar por seis meses la suspensi\u00f3n de obligatoriedad del tr\u00e1mite para percibir los haberes, sean estos jubilaciones o pensiones.<\/p>\n\n\n\n<p><mark>En condiciones normales, el tr\u00e1mite es un requisito necesario para el cobro de las jubilaciones y pensiones, y lo deben realizar los jubilados y pensionados personalmente o por medio de sus apoderados.<\/mark><\/p>\n\n\n\n<p>En septiembre de 2020 el Gobierno hab\u00eda firmado un convenio para poner en marcha<strong>\u00a0la Plataforma federal del Certificado Digital de Hechos Vitales, que permitir\u00e1, entre otros beneficios, que 7 millones de jubiladas y jubilados no deban movilizarse para obtener la fe de vida, y que los reci\u00e9n nacidos obtengan sus certificados de nacimiento de manera simplificada. La nueva herramienta estar\u00eda disponible en el transcurso de este a\u00f1o, pero a\u00fan no se materializ\u00f3.<\/strong><\/p>\n\n\n\n<p>La herramienta servir\u00eda para contar con documentaci\u00f3n mediante la cual se comprueban los hechos vitales de los ciudadanos (nacimientos y defunciones). Informaci\u00f3n confeccionada por m\u00e9dicos matriculados e inscripta a tal fin con firma digital registrada.<\/p>\n\n\n\n<p><strong>El sistema de \u201cFe de Vida\u201d, para evitar fraudes en la percepci\u00f3n de haberes, abarca y articula las 24 jurisdicciones del pa\u00eds, junto a los ministerios de Salud provinciales, PAMI, instituciones financieras y otros organismos p\u00fablicos y privados.<\/strong><\/p>\n\n\n\n<p>La digitalizaci\u00f3n anunciada, pero a\u00fan no concretada, permitir\u00eda que las diferentes instituciones involucradas en el proceso cuenten con informaci\u00f3n en tiempo real para la realizaci\u00f3n de pol\u00edticas sanitarias, de previsi\u00f3n social, de identidad y de inclusi\u00f3n financiera.<\/p>\n\n\n\n<p>Cuando se anunci\u00f3 este nuevo procedimiento, Raverta destac\u00f3 que \u201ceste convenio permite cuidar en materia de salud a nuestros jubilados y jubiladas, y resolver de manera inteligente el tr\u00e1mite de Fe de Vida. Se trata de facilitar el intercambio de informaci\u00f3n entre organismos nacionales y provinciales que impactar\u00e1 directamente en nuestra base de datos\u201d.<\/p>\n\n\n\n<p>La intenci\u00f3n declarada es avanzar en un modelo de digitalizaci\u00f3n para evitar el tr\u00e1mite de fe de vida de los jubilados y pensionados, a partir de una plataforma desarrollada localmente y a cargo del Registro Nacional de las Personas (Renaper), dependiente del Ministerio del Interior, en conjunto con la Anses y que se articular\u00eda con los registros civiles de las 24 jurisdicciones del pa\u00eds.<\/p>\n\n\n\n<p><a href=\"https:\/\/www.infobae.com\/economia\/2021\/06\/20\/jubilados-la-anses-volvio-a-extender-ahora-hasta-el-31-de-diciembre-el-tramite-de-fe-de-vida-para-el-cobro-de-haberes\/\">https:\/\/www.infobae.com\/economia\/2021\/06\/20\/jubilados-la-anses-volvio-a-extender-ahora-hasta-el-31-de-diciembre-el-tramite-de-fe-de-vida-para-el-cobro-de-haberes\/<\/a><\/p>\n","protected":false},"excerpt":{"rendered":"<p>La Administraci\u00f3n Nacional de Seguridad Social (Anses) extendi\u00f3 nuevamente, ahora hasta el 31 de diciembre, la suspensi\u00f3n del tr\u00e1mite de<\/p>\n","protected":false},"author":3,"featured_media":2111,"comment_status":"open","ping_status":"closed","sticky":false,"template":"","format":"standard","meta":{"jetpack_post_was_ever_published":false,"_jetpack_newsletter_access":"","_jetpack_dont_email_post_to_subs":false,"_jetpack_newsletter_tier_id":0,"_jetpack_memberships_contains_paywalled_content":false,"_jetpack_memberships_contains_paid_content":false,"footnotes":"","jetpack_publicize_message":"","jetpack_publicize_feature_enabled":true,"jetpack_social_post_already_shared":true,"jetpack_social_options":{"image_generator_settings":{"template":"highway","default_image_id":0,"font":"","enabled":false},"version":2}},"categories":[1],"tags":[],"class_list":["post-2110","post","type-post","status-publish","format-standard","has-post-thumbnail","hentry","category-sin-categoria"],"jetpack_publicize_connections":[],"jetpack_featured_media_url":"https:\/\/1005.com.ar\/wp-content\/uploads\/2021\/06\/PMR2MEYGU5HBPONI4QOHEJC7QA.jpg","jetpack-related-posts":[{"id":1649,"url":"https:\/\/1005.com.ar\/index.php\/2021\/02\/26\/una-ayuda-extra-para-los-jubilados\/","url_meta":{"origin":2110,"position":0},"title":"Una ayuda extra para los jubilados","author":"Radio Music","date":"febrero 26, 2021","format":false,"excerpt":"El gobierno le dar\u00e1 un bono a los que menos ganan","rel":"","context":"En \u00abSin categor\u00eda\u00bb","block_context":{"text":"Sin categor\u00eda","link":"https:\/\/1005.com.ar\/index.php\/category\/sin-categoria\/"},"img":{"alt_text":"","src":"","width":0,"height":0},"classes":[]},{"id":1606,"url":"https:\/\/1005.com.ar\/index.php\/2021\/02\/20\/las-jubilaciones-aumentaran-un-8-por-ciento\/","url_meta":{"origin":2110,"position":1},"title":"Las jubilaciones aumentar\u00e1n un 8 por ciento","author":"Radio Music","date":"febrero 20, 2021","format":false,"excerpt":"El anuncio oficial se realizar\u00e1 la semana pr\u00f3xima y la suba regir\u00e1 desde marzo","rel":"","context":"En \u00abSin categor\u00eda\u00bb","block_context":{"text":"Sin categor\u00eda","link":"https:\/\/1005.com.ar\/index.php\/category\/sin-categoria\/"},"img":{"alt_text":"","src":"","width":0,"height":0},"classes":[]},{"id":4869,"url":"https:\/\/1005.com.ar\/index.php\/2024\/03\/24\/jubilaciones-calculan-que-los-haberes-podrian-quedar-hasta-40-por-debajo-del-poder-de-compra-de-2017\/","url_meta":{"origin":2110,"position":2},"title":"Jubilaciones: calculan que los haberes podr\u00edan quedar hasta 40% por debajo del poder de compra de 2017","author":"Julieta Di Rocco","date":"marzo 24, 2024","format":false,"excerpt":"https:\/\/www.infobae.com\/economia\/2024\/03\/24\/jubilaciones-calculan-que-los-haberes-podrian-quedar-hasta-40-por-debajo-del-poder-de-compra-de-2017\/","rel":"","context":"En \u00abSin categor\u00eda\u00bb","block_context":{"text":"Sin categor\u00eda","link":"https:\/\/1005.com.ar\/index.php\/category\/sin-categoria\/"},"img":{"alt_text":"","src":"","width":0,"height":0},"classes":[]},{"id":3471,"url":"https:\/\/1005.com.ar\/index.php\/2022\/09\/12\/kicillof-oficializo-un-aumento-del-4245-para-jubilaciones-y-pensiones-minimas\/","url_meta":{"origin":2110,"position":3},"title":"Kicillof oficializ\u00f3 un aumento del 42,45 % para jubilaciones y pensiones m\u00ednimas","author":"Julieta Di Rocco","date":"septiembre 12, 2022","format":false,"excerpt":"https:\/\/www.telam.com.ar\/notas\/202209\/604322-kicillof-aumento-4245--jubilaciones-pensiones-minimas.html","rel":"","context":"En \u00abSin categor\u00eda\u00bb","block_context":{"text":"Sin categor\u00eda","link":"https:\/\/1005.com.ar\/index.php\/category\/sin-categoria\/"},"img":{"alt_text":"","src":"https:\/\/i0.wp.com\/1005.com.ar\/wp-content\/uploads\/2022\/09\/631a6dabf1da9_900.jpg?resize=350%2C200&ssl=1","width":350,"height":200,"srcset":"https:\/\/i0.wp.com\/1005.com.ar\/wp-content\/uploads\/2022\/09\/631a6dabf1da9_900.jpg?resize=350%2C200&ssl=1 1x, https:\/\/i0.wp.com\/1005.com.ar\/wp-content\/uploads\/2022\/09\/631a6dabf1da9_900.jpg?resize=525%2C300&ssl=1 1.5x, https:\/\/i0.wp.com\/1005.com.ar\/wp-content\/uploads\/2022\/09\/631a6dabf1da9_900.jpg?resize=700%2C400&ssl=1 2x"},"classes":[]},{"id":5986,"url":"https:\/\/1005.com.ar\/index.php\/2025\/05\/05\/jubilaciones-la-justicia-volvio-a-fallar-contra-la-ley-de-movilidad-de-2020-y-ordeno-un-reajuste-de-haberes\/","url_meta":{"origin":2110,"position":4},"title":"Jubilaciones: la Justicia volvi\u00f3 a fallar contra la ley de movilidad de 2020 y orden\u00f3 un reajuste de haberes","author":"Julieta Di Rocco","date":"mayo 5, 2025","format":false,"excerpt":"https:\/\/www.infobae.com\/economia\/2025\/05\/05\/jubilaciones-la-justicia-volvio-a-fallar-contra-la-ley-de-movilidad-de-2020-y-ordeno-un-reajuste-de-haberes","rel":"","context":"En \u00abSin categor\u00eda\u00bb","block_context":{"text":"Sin categor\u00eda","link":"https:\/\/1005.com.ar\/index.php\/category\/sin-categoria\/"},"img":{"alt_text":"","src":"","width":0,"height":0},"classes":[]},{"id":4584,"url":"https:\/\/1005.com.ar\/index.php\/2023\/11\/26\/que-pasara-con-las-jubilaciones\/","url_meta":{"origin":2110,"position":5},"title":"Qu\u00e9 pasar\u00e1 con las jubilaciones","author":"Julieta Di Rocco","date":"noviembre 26, 2023","format":false,"excerpt":"\"El bono de 55 mil pesos de diciembre para los jubilados de la m\u00ednima est\u00e1 garantizado, pero de ah\u00ed en m\u00e1s...\", se\u00f1alan los expertos\u00a0 https:\/\/www.pagina12.com.ar\/689242-que-pasara-con-las-jubilaciones","rel":"","context":"En \u00abSin categor\u00eda\u00bb","block_context":{"text":"Sin categor\u00eda","link":"https:\/\/1005.com.ar\/index.php\/category\/sin-categoria\/"},"img":{"alt_text":"","src":"https:\/\/i0.wp.com\/1005.com.ar\/wp-content\/uploads\/2023\/11\/793436-whatsapp-20image-202023-11-25-20at-208-33-36-20pm.jpeg?resize=350%2C200&ssl=1","width":350,"height":200,"srcset":"https:\/\/i0.wp.com\/1005.com.ar\/wp-content\/uploads\/2023\/11\/793436-whatsapp-20image-202023-11-25-20at-208-33-36-20pm.jpeg?resize=350%2C200&ssl=1 1x, https:\/\/i0.wp.com\/1005.com.ar\/wp-content\/uploads\/2023\/11\/793436-whatsapp-20image-202023-11-25-20at-208-33-36-20pm.jpeg?resize=525%2C300&ssl=1 1.5x, https:\/\/i0.wp.com\/1005.com.ar\/wp-content\/uploads\/2023\/11\/793436-whatsapp-20image-202023-11-25-20at-208-33-36-20pm.jpeg?resize=700%2C400&ssl=1 2x"},"classes":[]}],"jetpack_likes_enabled":true,"jetpack_sharing_enabled":true,"_links":{"self":[{"href":"https:\/\/1005.com.ar\/index.php\/wp-json\/wp\/v2\/posts\/2110","targetHints":{"allow":["GET"]}}],"collection":[{"href":"https:\/\/1005.com.ar\/index.php\/wp-json\/wp\/v2\/posts"}],"about":[{"href":"https:\/\/1005.com.ar\/index.php\/wp-json\/wp\/v2\/types\/post"}],"author":[{"embeddable":true,"href":"https:\/\/1005.com.ar\/index.php\/wp-json\/wp\/v2\/users\/3"}],"replies":[{"embeddable":true,"href":"https:\/\/1005.com.ar\/index.php\/wp-json\/wp\/v2\/comments?post=2110"}],"version-history":[{"count":0,"href":"https:\/\/1005.com.ar\/index.php\/wp-json\/wp\/v2\/posts\/2110\/revisions"}],"wp:featuredmedia":[{"embeddable":true,"href":"https:\/\/1005.com.ar\/index.php\/wp-json\/wp\/v2\/media\/2111"}],"wp:attachment":[{"href":"https:\/\/1005.com.ar\/index.php\/wp-json\/wp\/v2\/media?parent=2110"}],"wp:term":[{"taxonomy":"category","embeddable":true,"href":"https:\/\/1005.com.ar\/index.php\/wp-json\/wp\/v2\/categories?post=2110"},{"taxonomy":"post_tag","embeddable":true,"href":"https:\/\/1005.com.ar\/index.php\/wp-json\/wp\/v2\/tags?post=2110"}],"curies":[{"name":"wp","href":"https:\/\/api.w.org\/{rel}","templated":true}]}}