{"id":2097,"date":"2021-06-20T19:01:58","date_gmt":"2021-06-20T22:01:58","guid":{"rendered":"https:\/\/1005.com.ar\/?p=2097"},"modified":"2021-06-20T19:01:59","modified_gmt":"2021-06-20T22:01:59","slug":"santiago-cafiero-nunca-pensamos-que-macri-pudiera-llegar-a-ese-nivel-de-crueldad","status":"publish","type":"post","link":"https:\/\/1005.com.ar\/index.php\/2021\/06\/20\/santiago-cafiero-nunca-pensamos-que-macri-pudiera-llegar-a-ese-nivel-de-crueldad\/","title":{"rendered":"Santiago Cafiero:  \u201cNunca pensamos que Macri pudiera llegar a ese nivel de crueldad\u00bb"},"content":{"rendered":"\n<p>El jefe de Gabinete de Ministros de la Naci\u00f3n,<strong>&nbsp;Santiago Cafiero&nbsp;<\/strong>cuestion\u00f3&nbsp;los \u00faltimos dichos del expresidente<strong>&nbsp;Mauricio Macri&nbsp;<\/strong>sobre el coronavirus, quien defini\u00f3 a la enfermedad que caus\u00f3 m\u00e1s de 80 mil muertes en el pa\u00eds como una \u00abgripe\u00bb.&nbsp;<\/p>\n\n\n\n<p>\u201cLa insensibilidad del ex presidente no nos llama la atenci\u00f3n pero nunca pensamos que pudiera llegar a ese nivel de crueldad\u201d, resalt\u00f3 el Jefe de Gabinete, quien agreg\u00f3:&nbsp; \u00abEl exceso de politizaci\u00f3n que siempre le quiso poner a la pandemia, al virus, a la vacuna, dej\u00f3 de un modo muy marcado, muy al descubierto, lo que verdaderamente piensa\u00bb.&nbsp;<\/p>\n\n\n\n<p>En ese sentido, remarc\u00f3 que su actitud,&nbsp;<a href=\"https:\/\/www.pagina12.com.ar\/349120-macri-se-disculpo-por-sus-dichos-y-dijo-que-no-minimizo-la-p\">que luego tuvo que rectificar ante las cr\u00edticas<\/a>,&nbsp;<strong>\u00ablo pinta de cuerpo entero\u00bb<\/strong>, al referirse a \u00abesa insensibilidad que demostr\u00f3 cuando condujo al pa\u00eds\u00bb. \u00abEs un hombre poderoso y rico, y piensa que tiene acceso a los mejores m\u00e9dicos, tratamientos, que puede ir al exterior a vacunarse, y viajar por el mundo cuando todos est\u00e1bamos aqu\u00ed, haciendo contenci\u00f3n del virus\u00bb, ampli\u00f3.<\/p>\n\n\n\n<p>Por otra&nbsp; parte, el ministro coordinador destac\u00f3 que \u201cla campa\u00f1a de vacunaci\u00f3n viene escalando con mucha velocidad y ese es el esfuerzo de enfermeros y enfermeras, m\u00e9dicos y m\u00e9dicas, de todos los voluntarios al frente de los centros de vacunaci\u00f3n\u201d. Y a\u00f1adi\u00f3: \u201cese trabajo es la demostraci\u00f3n de la autoestima invalorable de los argentinos, que no se van a dejar pisotear y van a salir adelante con la vacuna y los cuidados\u201c<\/p>\n\n\n\n<p><strong>\u201cHay doce pa\u00edses en el mundo que hacen vacunas contra el COVID-19&nbsp; y Argentina es uno de ellos\u201d, enfatiz\u00f3 Cafiero<\/strong>&nbsp;en referencia al&nbsp;<a href=\"https:\/\/www.pagina12.com.ar\/349238-sputnik-v-termino-la-produccion-local-de-las-primeras-448-62\">primer lote de vacunas Sputnik V producido en nuestro pa\u00eds&nbsp;<\/a>y manifest\u00f3: \u201cel capital humano que lo lleva adelante, est\u00e1 formado en nuestras universidades. A veces, esas miradas neoliberales dejan de lado al estado y nada de esto hubiera sucedido si ese modelo se hubiera impuesto\u201d.<\/p>\n\n\n\n<p><a href=\"https:\/\/www.pagina12.com.ar\/349320-santiago-cafiero-nunca-pensamos-que-macri-pudiera-llegar-a-e\">https:\/\/www.pagina12.com.ar\/349320-santiago-cafiero-nunca-pensamos-que-macri-pudiera-llegar-a-e<\/a><\/p>\n","protected":false},"excerpt":{"rendered":"<p>El jefe de Gabinete de Ministros de la Naci\u00f3n,&nbsp;Santiago Cafiero&nbsp;cuestion\u00f3&nbsp;los \u00faltimos dichos del expresidente&nbsp;Mauricio Macri&nbsp;sobre el coronavirus, quien defini\u00f3 a<\/p>\n","protected":false},"author":3,"featured_media":2098,"comment_status":"open","ping_status":"closed","sticky":false,"template":"","format":"standard","meta":{"jetpack_post_was_ever_published":false,"_jetpack_newsletter_access":"","_jetpack_dont_email_post_to_subs":false,"_jetpack_newsletter_tier_id":0,"_jetpack_memberships_contains_paywalled_content":false,"_jetpack_memberships_contains_paid_content":false,"footnotes":"","jetpack_publicize_message":"","jetpack_publicize_feature_enabled":true,"jetpack_social_post_already_shared":true,"jetpack_social_options":{"image_generator_settings":{"template":"highway","default_image_id":0,"font":"","enabled":false},"version":2}},"categories":[1],"tags":[],"class_list":["post-2097","post","type-post","status-publish","format-standard","has-post-thumbnail","hentry","category-sin-categoria"],"jetpack_publicize_connections":[],"jetpack_featured_media_url":"https:\/\/1005.com.ar\/wp-content\/uploads\/2021\/06\/descarga-6.jpg","jetpack-related-posts":[{"id":2073,"url":"https:\/\/1005.com.ar\/index.php\/2021\/06\/16\/santiago-cafiero-el-gobierno-no-piensa-estatizar-el-sistema-de-salud\/","url_meta":{"origin":2097,"position":0},"title":"Santiago Cafiero: \u00abEl gobierno no piensa estatizar el sistema de salud\u00bb","author":"Radio Music","date":"junio 16, 2021","format":false,"excerpt":"El jefe de Gabinete,\u00a0Santiago Cafiero, descart\u00f3 que el gobierno tenga el objetivo de \"estatizar\" a las empresas de medicina prepaga\u00a0y coincidi\u00f3 con el planteo de la vicepresidenta Cristina Kirchner, quien esta semana en un acto en La Plata asegur\u00f3 que se debe avanzar en una \"reforma del sistema de salud\"\u2026","rel":"","context":"En \u00abSin categor\u00eda\u00bb","block_context":{"text":"Sin categor\u00eda","link":"https:\/\/1005.com.ar\/index.php\/category\/sin-categoria\/"},"img":{"alt_text":"","src":"","width":0,"height":0},"classes":[]},{"id":1425,"url":"https:\/\/1005.com.ar\/index.php\/2021\/02\/01\/santiago-cafiero-y-la-discusion-sobre-las-vacunas-contra-el-coronavirus-ha-sido-nefasta\/","url_meta":{"origin":2097,"position":1},"title":"Santiago Cafiero y la discusi\u00f3n sobre las vacunas contra el coronavirus: \u00abHa sido nefasta\u00bb","author":"Radio Music","date":"febrero 1, 2021","format":false,"excerpt":"El jefe de Gabinete dijo que la oposici\u00f3n intent\u00f3 ideologizar el tema","rel":"","context":"En \u00abSin categor\u00eda\u00bb","block_context":{"text":"Sin categor\u00eda","link":"https:\/\/1005.com.ar\/index.php\/category\/sin-categoria\/"},"img":{"alt_text":"","src":"","width":0,"height":0},"classes":[]},{"id":2094,"url":"https:\/\/1005.com.ar\/index.php\/2021\/06\/16\/sigue-el-reintegro-del-15-por-ciento-por-compras-con-tarjeta-de-debito-para-jubilados\/","url_meta":{"origin":2097,"position":2},"title":"Sigue el reintegro del 15 por ciento por compras con tarjeta de d\u00e9bito para jubilados","author":"Radio Music","date":"junio 16, 2021","format":false,"excerpt":"El Gobierno defini\u00f3 la pr\u00f3rroga del reintegro del 15 por ciento sobre las compras realizadas con tarjeta de d\u00e9bito para jubilados y pensionados que cobran el haber m\u00ednimo, titulares de la Asignaci\u00f3n Universal por Hijo (AUH) y la Asignaci\u00f3n Universal por Embarazo (AUE). Actualmente, el reintegro\u00a0tiene un tope de 700\u2026","rel":"","context":"En \u00abSin categor\u00eda\u00bb","block_context":{"text":"Sin categor\u00eda","link":"https:\/\/1005.com.ar\/index.php\/category\/sin-categoria\/"},"img":{"alt_text":"","src":"","width":0,"height":0},"classes":[]},{"id":1447,"url":"https:\/\/1005.com.ar\/index.php\/2021\/02\/03\/el-gobierno-convocara-la-semana-que-viene-a-gremios-y-empresas-para-avanzar-en-un-acuerdo-de-precios-y-salarios\/","url_meta":{"origin":2097,"position":3},"title":"El Gobierno convocar\u00e1 la semana que viene a gremios y empresas para avanzar en un acuerdo de precios y salarios","author":"Radio Music","date":"febrero 3, 2021","format":false,"excerpt":"As\u00ed lo resolvi\u00f3 este mi\u00e9rcoles el gabinete econ\u00f3mico. El Poder Ejecutivo busca alinear expectativas de inflaci\u00f3n y de negociaciones paritarias suba de ingresos y aclar\u00f3 que las paritarias no tendr\u00e1n \u201ctecho\u201d","rel":"","context":"En \u00abSin categor\u00eda\u00bb","block_context":{"text":"Sin categor\u00eda","link":"https:\/\/1005.com.ar\/index.php\/category\/sin-categoria\/"},"img":{"alt_text":"","src":"https:\/\/i0.wp.com\/1005.com.ar\/wp-content\/uploads\/2021\/02\/GABINETE_ECONOMICO.jpg?resize=350%2C200&ssl=1","width":350,"height":200,"srcset":"https:\/\/i0.wp.com\/1005.com.ar\/wp-content\/uploads\/2021\/02\/GABINETE_ECONOMICO.jpg?resize=350%2C200&ssl=1 1x, https:\/\/i0.wp.com\/1005.com.ar\/wp-content\/uploads\/2021\/02\/GABINETE_ECONOMICO.jpg?resize=525%2C300&ssl=1 1.5x, https:\/\/i0.wp.com\/1005.com.ar\/wp-content\/uploads\/2021\/02\/GABINETE_ECONOMICO.jpg?resize=700%2C400&ssl=1 2x"},"classes":[]},{"id":1603,"url":"https:\/\/1005.com.ar\/index.php\/2021\/02\/20\/vizzotti-asume-hoy-a-las-17-en-olivos\/","url_meta":{"origin":2097,"position":4},"title":"Vizzotti asume hoy a las 17 en Olivos","author":"Radio Music","date":"febrero 20, 2021","format":false,"excerpt":"Ya es oficial su designaci\u00f3n como ministra de Salud","rel":"","context":"En \u00abSin categor\u00eda\u00bb","block_context":{"text":"Sin categor\u00eda","link":"https:\/\/1005.com.ar\/index.php\/category\/sin-categoria\/"},"img":{"alt_text":"","src":"https:\/\/i0.wp.com\/1005.com.ar\/wp-content\/uploads\/2021\/02\/142518-vizzotti_0.jpg?resize=350%2C200&ssl=1","width":350,"height":200,"srcset":"https:\/\/i0.wp.com\/1005.com.ar\/wp-content\/uploads\/2021\/02\/142518-vizzotti_0.jpg?resize=350%2C200&ssl=1 1x, https:\/\/i0.wp.com\/1005.com.ar\/wp-content\/uploads\/2021\/02\/142518-vizzotti_0.jpg?resize=525%2C300&ssl=1 1.5x, https:\/\/i0.wp.com\/1005.com.ar\/wp-content\/uploads\/2021\/02\/142518-vizzotti_0.jpg?resize=700%2C400&ssl=1 2x, https:\/\/i0.wp.com\/1005.com.ar\/wp-content\/uploads\/2021\/02\/142518-vizzotti_0.jpg?resize=1050%2C600&ssl=1 3x"},"classes":[]},{"id":2076,"url":"https:\/\/1005.com.ar\/index.php\/2021\/06\/16\/alberto-fernandez-recordo-el-bombardeo-a-plaza-de-mayo\/","url_meta":{"origin":2097,"position":5},"title":"Alberto Fern\u00e1ndez record\u00f3 el bombardeo a Plaza de Mayo","author":"Radio Music","date":"junio 16, 2021","format":false,"excerpt":"El presidente\u00a0Alberto Fern\u00e1ndez\u00a0conmemor\u00f3 este mi\u00e9rcoles los 66 a\u00f1os del bombardeo a Plaza de Mayo, que tuvo como objetivo asesinar al entonces presidente Juan Domingo Per\u00f3n, y\u00a0consider\u00f3 que fue \u201cuno de los hechos m\u00e1s violentos y tr\u00e1gicos de nuestra historia\u201d En su cuenta de Twitter, el mandatario escribi\u00f3: \u201cEl 16 de\u2026","rel":"","context":"En \u00abSin categor\u00eda\u00bb","block_context":{"text":"Sin categor\u00eda","link":"https:\/\/1005.com.ar\/index.php\/category\/sin-categoria\/"},"img":{"alt_text":"","src":"","width":0,"height":0},"classes":[]}],"jetpack_likes_enabled":true,"jetpack_sharing_enabled":true,"_links":{"self":[{"href":"https:\/\/1005.com.ar\/index.php\/wp-json\/wp\/v2\/posts\/2097","targetHints":{"allow":["GET"]}}],"collection":[{"href":"https:\/\/1005.com.ar\/index.php\/wp-json\/wp\/v2\/posts"}],"about":[{"href":"https:\/\/1005.com.ar\/index.php\/wp-json\/wp\/v2\/types\/post"}],"author":[{"embeddable":true,"href":"https:\/\/1005.com.ar\/index.php\/wp-json\/wp\/v2\/users\/3"}],"replies":[{"embeddable":true,"href":"https:\/\/1005.com.ar\/index.php\/wp-json\/wp\/v2\/comments?post=2097"}],"version-history":[{"count":0,"href":"https:\/\/1005.com.ar\/index.php\/wp-json\/wp\/v2\/posts\/2097\/revisions"}],"wp:featuredmedia":[{"embeddable":true,"href":"https:\/\/1005.com.ar\/index.php\/wp-json\/wp\/v2\/media\/2098"}],"wp:attachment":[{"href":"https:\/\/1005.com.ar\/index.php\/wp-json\/wp\/v2\/media?parent=2097"}],"wp:term":[{"taxonomy":"category","embeddable":true,"href":"https:\/\/1005.com.ar\/index.php\/wp-json\/wp\/v2\/categories?post=2097"},{"taxonomy":"post_tag","embeddable":true,"href":"https:\/\/1005.com.ar\/index.php\/wp-json\/wp\/v2\/tags?post=2097"}],"curies":[{"name":"wp","href":"https:\/\/api.w.org\/{rel}","templated":true}]}}