{"id":2094,"date":"2021-06-16T21:36:28","date_gmt":"2021-06-17T00:36:28","guid":{"rendered":"https:\/\/1005.com.ar\/?p=2094"},"modified":"2021-06-16T21:36:29","modified_gmt":"2021-06-17T00:36:29","slug":"sigue-el-reintegro-del-15-por-ciento-por-compras-con-tarjeta-de-debito-para-jubilados","status":"publish","type":"post","link":"https:\/\/1005.com.ar\/index.php\/2021\/06\/16\/sigue-el-reintegro-del-15-por-ciento-por-compras-con-tarjeta-de-debito-para-jubilados\/","title":{"rendered":"Sigue el reintegro del 15 por ciento por compras con tarjeta de d\u00e9bito para jubilados"},"content":{"rendered":"\n<p>El Gobierno defini\u00f3 la pr\u00f3rroga del reintegro del 15 por ciento sobre las compras realizadas con tarjeta de d\u00e9bito para jubilados y pensionados que cobran el haber m\u00ednimo, titulares de la Asignaci\u00f3n Universal por Hijo (AUH) y la Asignaci\u00f3n Universal por Embarazo (AUE). Actualmente, el reintegro&nbsp;<strong>tiene un tope de 700 pesos mensuales por beneficiario.&nbsp;<\/strong>El instrumento fue establecido por la Ley de Solidaridad Social y Reactivaci\u00f3n Productiva en febrero de 2020.<\/p>\n\n\n\n<p>La decisi\u00f3n se tom\u00f3 luego de una reuni\u00f3n del gabinete econ\u00f3mico que encabeza el jefe de Gabinete,&nbsp;<strong>Santiago Cafiero<\/strong>, de la cual participaron los ministros de Econom\u00eda,&nbsp;<strong>Mart\u00edn Guzm\u00e1n<\/strong>; de Desarrollo Productivo,&nbsp;<strong>Mat\u00edas Kulfas<\/strong>; de Trabajo,&nbsp;<strong>Claudio Moroni<\/strong>, junto al presidente del Banco Central,&nbsp;<strong>Miguel Pesce;&nbsp;<\/strong>la titular de la Administraci\u00f3n Federal de Ingresos P\u00fablicos (AFIP),&nbsp;<strong>Mercedes Marc\u00f3 del Pont<\/strong>; la vicejefa de Gabinete,&nbsp;<strong>Cecilia Todesca Bocco<\/strong>; el secretario de Pol\u00edtica econ\u00f3mica,&nbsp;<strong>Fernando Morra<\/strong>; y la jefa de Gabinete del Ministerio de Econom\u00eda,&nbsp;<strong>Melina Mallamace<\/strong>.<\/p>\n\n\n\n<p>El Ejecutivo tambi\u00e9n inform\u00f3 que \u00aben la reuni\u00f3n se destacaron los casi 47 mil millones de d\u00f3lares a los que llegaron las Reservas del Banco Central, como un punto de partida para su fortalecimiento. Desde que comenz\u00f3 el a\u00f1o, las compras de divisas superan los 6300 millones de d\u00f3lares y representan m\u00e1s de 1,5 puntos del PIB\u00bb. En ese sentido se remarc\u00f3 tambi\u00e9n que el BCRA no tiene posiciones vendidas en futuro, lo que permite confirmar que la din\u00e1mica del mercado cambiario mostr\u00f3 el comportamiento esperado en la primera parte del a\u00f1o.<\/p>\n\n\n\n<p>Los funcionarios tambi\u00e9n resaltaron que \u00abel Programa Repro 2 correspondiente al mes de mayo presenta un nivel de cobertura muy importante en t\u00e9rminos de cantidad de trabajadores y trabajadoras alcanzadas en los sectores cr\u00edticos y montos de inversi\u00f3n p\u00fablica. Durante el mes pasado, 580 mil trabajadores y trabajadoras percibieron el salario complementario, lo que supuso una inyecci\u00f3n de 11 mil millones de pesos\u00bb.<\/p>\n\n\n\n<p><a href=\"https:\/\/www.pagina12.com.ar\/348750-sigue-el-reintegro-del-15-por-ciento-por-compras-con-tarjeta\">https:\/\/www.pagina12.com.ar\/348750-sigue-el-reintegro-del-15-por-ciento-por-compras-con-tarjeta<\/a><\/p>\n","protected":false},"excerpt":{"rendered":"<p>El Gobierno defini\u00f3 la pr\u00f3rroga del reintegro del 15 por ciento sobre las compras realizadas con tarjeta de d\u00e9bito para<\/p>\n","protected":false},"author":3,"featured_media":2095,"comment_status":"open","ping_status":"closed","sticky":false,"template":"","format":"standard","meta":{"jetpack_post_was_ever_published":false,"_jetpack_newsletter_access":"","_jetpack_dont_email_post_to_subs":false,"_jetpack_newsletter_tier_id":0,"_jetpack_memberships_contains_paywalled_content":false,"_jetpack_memberships_contains_paid_content":false,"footnotes":"","jetpack_publicize_message":"","jetpack_publicize_feature_enabled":true,"jetpack_social_post_already_shared":true,"jetpack_social_options":{"image_generator_settings":{"template":"highway","default_image_id":0,"font":"","enabled":false},"version":2}},"categories":[1],"tags":[],"class_list":["post-2094","post","type-post","status-publish","format-standard","has-post-thumbnail","hentry","category-sin-categoria"],"jetpack_publicize_connections":[],"jetpack_featured_media_url":"https:\/\/1005.com.ar\/wp-content\/uploads\/2021\/06\/descarga-5-1.jpg","jetpack-related-posts":[{"id":3677,"url":"https:\/\/1005.com.ar\/index.php\/2023\/01\/01\/la-afip-renovo-hasta-junio-de-2023-el-reintegro-a-las-compras-con-tarjeta-de-debito-para-jubilados-y-auh\/","url_meta":{"origin":2094,"position":0},"title":"La AFIP renov\u00f3 hasta junio de 2023 el reintegro a las compras con tarjeta de d\u00e9bito para jubilados y AUH","author":"Julieta Di Rocco","date":"enero 1, 2023","format":false,"excerpt":"https:\/\/tn.com.ar\/economia\/2022\/12\/31\/la-afip-renovo-hasta-junio-de-2023-el-reintegro-a-las-compras-con-tarjeta-de-debito-para-jubilados-y-auh\/","rel":"","context":"En \u00abSin categor\u00eda\u00bb","block_context":{"text":"Sin categor\u00eda","link":"https:\/\/1005.com.ar\/index.php\/category\/sin-categoria\/"},"img":{"alt_text":"","src":"https:\/\/i0.wp.com\/1005.com.ar\/wp-content\/uploads\/2023\/01\/BZ4KQ7PD3FGOLM56KIWJRVSWFA.webp?resize=350%2C200&ssl=1","width":350,"height":200,"srcset":"https:\/\/i0.wp.com\/1005.com.ar\/wp-content\/uploads\/2023\/01\/BZ4KQ7PD3FGOLM56KIWJRVSWFA.webp?resize=350%2C200&ssl=1 1x, https:\/\/i0.wp.com\/1005.com.ar\/wp-content\/uploads\/2023\/01\/BZ4KQ7PD3FGOLM56KIWJRVSWFA.webp?resize=525%2C300&ssl=1 1.5x, https:\/\/i0.wp.com\/1005.com.ar\/wp-content\/uploads\/2023\/01\/BZ4KQ7PD3FGOLM56KIWJRVSWFA.webp?resize=700%2C400&ssl=1 2x, https:\/\/i0.wp.com\/1005.com.ar\/wp-content\/uploads\/2023\/01\/BZ4KQ7PD3FGOLM56KIWJRVSWFA.webp?resize=1050%2C600&ssl=1 3x, https:\/\/i0.wp.com\/1005.com.ar\/wp-content\/uploads\/2023\/01\/BZ4KQ7PD3FGOLM56KIWJRVSWFA.webp?resize=1400%2C800&ssl=1 4x"},"classes":[]},{"id":3117,"url":"https:\/\/1005.com.ar\/index.php\/2022\/07\/13\/pami-duplica-la-asignacion-universal-para-centros-de-jubilados\/","url_meta":{"origin":2094,"position":1},"title":"PAMI DUPLICA LA ASIGNACI\u00d3N UNIVERSAL PARA CENTROS DE JUBILADOS","author":"Julieta Di Rocco","date":"julio 13, 2022","format":false,"excerpt":"La direcci\u00f3n ejecutiva de PAMI anunci\u00f3 que duplicar\u00e1 la asignaci\u00f3n universal para centros de jubilados llev\u00e1ndola a 20.000 pesos y abrir\u00e1 nuevos cupos del programa alimentario para socios de centros en situaciones de vulnerabilidad. Durante esta gesti\u00f3n PAMI instrument\u00f3 la asignaci\u00f3n universal en centros de jubilados. Todos los centros del\u2026","rel":"","context":"En \u00abSin categor\u00eda\u00bb","block_context":{"text":"Sin categor\u00eda","link":"https:\/\/1005.com.ar\/index.php\/category\/sin-categoria\/"},"img":{"alt_text":"","src":"https:\/\/i0.wp.com\/1005.com.ar\/wp-content\/uploads\/2022\/07\/293543333_10224169520359817_1605110301288090398_n.jpg?resize=350%2C200&ssl=1","width":350,"height":200,"srcset":"https:\/\/i0.wp.com\/1005.com.ar\/wp-content\/uploads\/2022\/07\/293543333_10224169520359817_1605110301288090398_n.jpg?resize=350%2C200&ssl=1 1x, https:\/\/i0.wp.com\/1005.com.ar\/wp-content\/uploads\/2022\/07\/293543333_10224169520359817_1605110301288090398_n.jpg?resize=525%2C300&ssl=1 1.5x, https:\/\/i0.wp.com\/1005.com.ar\/wp-content\/uploads\/2022\/07\/293543333_10224169520359817_1605110301288090398_n.jpg?resize=700%2C400&ssl=1 2x, https:\/\/i0.wp.com\/1005.com.ar\/wp-content\/uploads\/2022\/07\/293543333_10224169520359817_1605110301288090398_n.jpg?resize=1050%2C600&ssl=1 3x"},"classes":[]},{"id":5689,"url":"https:\/\/1005.com.ar\/index.php\/2025\/02\/13\/endeudarse-para-comer-otro-sintoma-del-plan-milei-caputo\/","url_meta":{"origin":2094,"position":2},"title":"Endeudarse para comer, otro s\u00edntoma del plan Milei-Caputo","author":"Julieta Di Rocco","date":"febrero 13, 2025","format":false,"excerpt":"Cinco de diez compras de comida ya se hacen con tarjeta de cr\u00e9dito https:\/\/www.pagina12.com.ar\/803783-el-50-por-ciento-de-la-comida-se-compra-con-tarjeta-de-credi","rel":"","context":"En \u00abSin categor\u00eda\u00bb","block_context":{"text":"Sin categor\u00eda","link":"https:\/\/1005.com.ar\/index.php\/category\/sin-categoria\/"},"img":{"alt_text":"","src":"https:\/\/i0.wp.com\/1005.com.ar\/wp-content\/uploads\/2025\/02\/913319-15a-archivo.jpg?resize=350%2C200&ssl=1","width":350,"height":200,"srcset":"https:\/\/i0.wp.com\/1005.com.ar\/wp-content\/uploads\/2025\/02\/913319-15a-archivo.jpg?resize=350%2C200&ssl=1 1x, https:\/\/i0.wp.com\/1005.com.ar\/wp-content\/uploads\/2025\/02\/913319-15a-archivo.jpg?resize=525%2C300&ssl=1 1.5x, https:\/\/i0.wp.com\/1005.com.ar\/wp-content\/uploads\/2025\/02\/913319-15a-archivo.jpg?resize=700%2C400&ssl=1 2x"},"classes":[]},{"id":1209,"url":"https:\/\/1005.com.ar\/index.php\/2021\/01\/22\/tarjeta-alimentar-gobierno-prepara-aumento-de-50-en-el-monto\/","url_meta":{"origin":2094,"position":3},"title":"Tarjeta Alimentar: Gobierno prepara aumento de 50% en el monto","author":"Radio Music","date":"enero 22, 2021","format":false,"excerpt":"El Ministerio de Desarrollo Social de la Naci\u00f3n inform\u00f3 el d\u00eda en que los fondos de la tarjeta Alimentar se acreditar\u00e1n.","rel":"","context":"En \u00abSin categor\u00eda\u00bb","block_context":{"text":"Sin categor\u00eda","link":"https:\/\/1005.com.ar\/index.php\/category\/sin-categoria\/"},"img":{"alt_text":"","src":"https:\/\/i0.wp.com\/1005.com.ar\/wp-content\/uploads\/2021\/01\/la-tarjeta-alimentar-tiene-mas-15-millones-titulares.jpg?resize=350%2C200&ssl=1","width":350,"height":200,"srcset":"https:\/\/i0.wp.com\/1005.com.ar\/wp-content\/uploads\/2021\/01\/la-tarjeta-alimentar-tiene-mas-15-millones-titulares.jpg?resize=350%2C200&ssl=1 1x, https:\/\/i0.wp.com\/1005.com.ar\/wp-content\/uploads\/2021\/01\/la-tarjeta-alimentar-tiene-mas-15-millones-titulares.jpg?resize=525%2C300&ssl=1 1.5x, https:\/\/i0.wp.com\/1005.com.ar\/wp-content\/uploads\/2021\/01\/la-tarjeta-alimentar-tiene-mas-15-millones-titulares.jpg?resize=700%2C400&ssl=1 2x"},"classes":[]},{"id":2174,"url":"https:\/\/1005.com.ar\/index.php\/2021\/07\/13\/hoy-se-anunciara-el-pago-de-un-bono-de-5000-pesos-para-los-jubilados\/","url_meta":{"origin":2094,"position":4},"title":"Hoy se anunciar\u00e1 el pago de un bono de 5000 pesos para los jubilados","author":"Radio Music","date":"julio 13, 2021","format":false,"excerpt":"Ser\u00e1 para aquellos que cobren hasta dos jubilaciones m\u00ednimas, es decir el 80% de los beneficiarios. El gobierno nacional anunciar\u00e1 este martes el pago de un bono de cinco mil pesos para aquellos jubilados y pensionados que cobren hasta dos jubilaciones m\u00ednimas. La medida es para evitar que los adultos\u2026","rel":"","context":"En \u00abSin categor\u00eda\u00bb","block_context":{"text":"Sin categor\u00eda","link":"https:\/\/1005.com.ar\/index.php\/category\/sin-categoria\/"},"img":{"alt_text":"","src":"","width":0,"height":0},"classes":[]},{"id":1649,"url":"https:\/\/1005.com.ar\/index.php\/2021\/02\/26\/una-ayuda-extra-para-los-jubilados\/","url_meta":{"origin":2094,"position":5},"title":"Una ayuda extra para los jubilados","author":"Radio Music","date":"febrero 26, 2021","format":false,"excerpt":"El gobierno le dar\u00e1 un bono a los que menos ganan","rel":"","context":"En \u00abSin categor\u00eda\u00bb","block_context":{"text":"Sin categor\u00eda","link":"https:\/\/1005.com.ar\/index.php\/category\/sin-categoria\/"},"img":{"alt_text":"","src":"","width":0,"height":0},"classes":[]}],"jetpack_likes_enabled":true,"jetpack_sharing_enabled":true,"_links":{"self":[{"href":"https:\/\/1005.com.ar\/index.php\/wp-json\/wp\/v2\/posts\/2094","targetHints":{"allow":["GET"]}}],"collection":[{"href":"https:\/\/1005.com.ar\/index.php\/wp-json\/wp\/v2\/posts"}],"about":[{"href":"https:\/\/1005.com.ar\/index.php\/wp-json\/wp\/v2\/types\/post"}],"author":[{"embeddable":true,"href":"https:\/\/1005.com.ar\/index.php\/wp-json\/wp\/v2\/users\/3"}],"replies":[{"embeddable":true,"href":"https:\/\/1005.com.ar\/index.php\/wp-json\/wp\/v2\/comments?post=2094"}],"version-history":[{"count":0,"href":"https:\/\/1005.com.ar\/index.php\/wp-json\/wp\/v2\/posts\/2094\/revisions"}],"wp:featuredmedia":[{"embeddable":true,"href":"https:\/\/1005.com.ar\/index.php\/wp-json\/wp\/v2\/media\/2095"}],"wp:attachment":[{"href":"https:\/\/1005.com.ar\/index.php\/wp-json\/wp\/v2\/media?parent=2094"}],"wp:term":[{"taxonomy":"category","embeddable":true,"href":"https:\/\/1005.com.ar\/index.php\/wp-json\/wp\/v2\/categories?post=2094"},{"taxonomy":"post_tag","embeddable":true,"href":"https:\/\/1005.com.ar\/index.php\/wp-json\/wp\/v2\/tags?post=2094"}],"curies":[{"name":"wp","href":"https:\/\/api.w.org\/{rel}","templated":true}]}}