{"id":2091,"date":"2021-06-16T21:33:22","date_gmt":"2021-06-17T00:33:22","guid":{"rendered":"https:\/\/1005.com.ar\/?p=2091"},"modified":"2021-06-16T21:33:23","modified_gmt":"2021-06-17T00:33:23","slug":"tras-el-covid-positivo-del-intendente-de-saladillo-asumio-alejandro-armendariz-h-en-forma-interina","status":"publish","type":"post","link":"https:\/\/1005.com.ar\/index.php\/2021\/06\/16\/tras-el-covid-positivo-del-intendente-de-saladillo-asumio-alejandro-armendariz-h-en-forma-interina\/","title":{"rendered":"Tras el Covid positivo del intendente de Saladillo, asumi\u00f3 Alejandro Armend\u00e1riz (h) en forma interina"},"content":{"rendered":"\n<p>El Intendente de Saladillo Jos\u00e9 Luis Salom\u00f3n deber\u00e1 permanecer aislado en su domicilio por resultar positivo de coronavirus. En su lugar asumi\u00f3 el presidente del Concejo Deliberante, Alejandro Armend\u00e1riz.<\/p>\n\n\n\n<p>\u00abDe acuerdo a ello y en el marco de lo dispuesto por los art\u00edculos 15\u00b0 y 87\u00b0 de la Ley Org\u00e1nica de las Municipalidades de la Provincia de Buenos Aires, el Intendente ser\u00e1 reemplazado por el Primer Concejal del Bloque Oficialista, Dr. Alejandro Pablo Miguel Armend\u00e1riz. Se informa asimismo que, si bien presenta s\u00edntomas, se encuentra estable y en raz\u00f3n de ello permanece en su domicilio aislado y con la comunicaci\u00f3n m\u00e9dica necesaria para el caso\u00bb, se inform\u00f3 desde la comuna.<\/p>\n\n\n\n<p>Armend\u00e1riz mantendr\u00e1 el interinato hasta tanto el Intendente Salom\u00f3n sea dado de alta m\u00e9dica por padecer Covid-19. Acompa\u00f1aron el acto administrativo la Secretaria de Gobierno, Prof. Viviana Rodr\u00edguez, el Secretario de Hacienda, Cont. Gustavo Ramundo y el Secretario de Obras P\u00fablicas, Ing. Guillermo Candia.<\/p>\n\n\n\n<p>Salom\u00f3n se suma&nbsp;a los 29 intendentes bonaerenses que dieron positivo como Mart\u00edn Insaurralde (Lomas de Zamora); Mayra Mendoza (Quilmes), Gustavo Menendez (Merlo), Mario Secco (Ensenada) y N\u00e9stor Grindetti (Lan\u00fas).<\/p>\n\n\n\n<p>Adem\u00e1s de Javier Iguacel (Capit\u00e1n Sarmiento); Mart\u00edn Yeza (Pinamar), Esteban Santoro (General Madariaga), Walter Torchio (Carlos Casares), Alberto Gelen\u00e9 (Las Flores), Gustavo Notararigo (Saavedra), Esteban Reino (Balcarce) y Osvaldo C\u00e1ffaro (Z\u00e1rate).<\/p>\n\n\n\n<p>Tambi\u00e9n Guillermo Pacheco (Pellegrini),\u00a0Maximiliano Suescun (Rauch),\u00a0H\u00e9ctor Olivera (Tordillo),\u00a0Mat\u00edas Rappallini (Maip\u00fa), Carlos Ferraris (Leandro N. Alem),\u00a0Fabi\u00e1n Blanstein (interino de Las Flores),\u00a0Camilo Etchevarren (Dolores),\u00a0Sebasti\u00e1n Ianantuony (General Alvarado), Esteban Sanzio (Baradero),\u00a0Eduardo Campana (Villegas),\u00a0Jos\u00e9 Luis Zara (Patagones),\u00a0Pablo Torres (Laprida), Javier Osuna (General Las Heras), Mariano Uset (Coronel Rosales), Claudio Rossi (Rojas) y Salvador Serenal (Lincoln)<\/p>\n\n\n\n<p><\/p>\n","protected":false},"excerpt":{"rendered":"<p>El Intendente de Saladillo Jos\u00e9 Luis Salom\u00f3n deber\u00e1 permanecer aislado en su domicilio por resultar positivo de coronavirus. En su<\/p>\n","protected":false},"author":3,"featured_media":2092,"comment_status":"open","ping_status":"closed","sticky":false,"template":"","format":"standard","meta":{"jetpack_post_was_ever_published":false,"_jetpack_newsletter_access":"","_jetpack_dont_email_post_to_subs":false,"_jetpack_newsletter_tier_id":0,"_jetpack_memberships_contains_paywalled_content":false,"_jetpack_memberships_contains_paid_content":false,"footnotes":"","jetpack_publicize_message":"","jetpack_publicize_feature_enabled":true,"jetpack_social_post_already_shared":true,"jetpack_social_options":{"image_generator_settings":{"template":"highway","default_image_id":0,"font":"","enabled":false},"version":2}},"categories":[1],"tags":[],"class_list":["post-2091","post","type-post","status-publish","format-standard","has-post-thumbnail","hentry","category-sin-categoria"],"jetpack_publicize_connections":[],"jetpack_featured_media_url":"https:\/\/1005.com.ar\/wp-content\/uploads\/2021\/06\/salomonarmendariz.jpg","jetpack-related-posts":[{"id":4189,"url":"https:\/\/1005.com.ar\/index.php\/2023\/06\/27\/jose-luis-salomon-presento-su-lista-de-concejales-que-encabeza-alejandro-armendariz\/","url_meta":{"origin":2091,"position":0},"title":"Jose Luis Salom\u00f3n present\u00f3 su lista de concejales que encabeza Alejandro Armend\u00e1riz","author":"Julieta Di Rocco","date":"junio 27, 2023","format":false,"excerpt":"https:\/\/www.lasintesis.com.ar\/nota-jose-luis-salomon-presento-su-lista-de-concejales-que-encabeza-alejandro-armendariz--231821","rel":"","context":"En \u00abSin categor\u00eda\u00bb","block_context":{"text":"Sin categor\u00eda","link":"https:\/\/1005.com.ar\/index.php\/category\/sin-categoria\/"},"img":{"alt_text":"","src":"https:\/\/i0.wp.com\/1005.com.ar\/wp-content\/uploads\/2023\/06\/1687641147.jpeg?resize=350%2C200&ssl=1","width":350,"height":200,"srcset":"https:\/\/i0.wp.com\/1005.com.ar\/wp-content\/uploads\/2023\/06\/1687641147.jpeg?resize=350%2C200&ssl=1 1x, https:\/\/i0.wp.com\/1005.com.ar\/wp-content\/uploads\/2023\/06\/1687641147.jpeg?resize=525%2C300&ssl=1 1.5x, https:\/\/i0.wp.com\/1005.com.ar\/wp-content\/uploads\/2023\/06\/1687641147.jpeg?resize=700%2C400&ssl=1 2x"},"classes":[]},{"id":3384,"url":"https:\/\/1005.com.ar\/index.php\/2022\/08\/25\/universidad-de-saladillo\/","url_meta":{"origin":2091,"position":1},"title":"Universidad de Saladillo","author":"Julieta Di Rocco","date":"agosto 25, 2022","format":false,"excerpt":"No todo es color de rosas, \"Cambiemos\" voto en contra.Si algo nos queda en claro es que gracias al peronismo, Saladillo tendr\u00e1 seguramente, si es que Cambiemos novota en contra como lo hizo ayer en la comisi\u00f3n de educaci\u00f3n del Congreso , un Universidad P\u00fablica para nuestraj\u00f3venes.Porque hago la salvedad\u2026","rel":"","context":"En \u00abSin categor\u00eda\u00bb","block_context":{"text":"Sin categor\u00eda","link":"https:\/\/1005.com.ar\/index.php\/category\/sin-categoria\/"},"img":{"alt_text":"","src":"https:\/\/i0.wp.com\/1005.com.ar\/wp-content\/uploads\/2022\/08\/image_content_35884364_20200616084929.jpg?resize=350%2C200&ssl=1","width":350,"height":200,"srcset":"https:\/\/i0.wp.com\/1005.com.ar\/wp-content\/uploads\/2022\/08\/image_content_35884364_20200616084929.jpg?resize=350%2C200&ssl=1 1x, https:\/\/i0.wp.com\/1005.com.ar\/wp-content\/uploads\/2022\/08\/image_content_35884364_20200616084929.jpg?resize=525%2C300&ssl=1 1.5x"},"classes":[]},{"id":4186,"url":"https:\/\/1005.com.ar\/index.php\/2023\/06\/27\/union-por-la-patria-tiene-lista-de-unidad-en-saladillo-amaro-sarlo-precandidato-a-intendente\/","url_meta":{"origin":2091,"position":2},"title":"Uni\u00f3n por la Patria tiene lista de Unidad en Saladillo | Amaro Sarlo precandidato a Intendente","author":"Julieta Di Rocco","date":"junio 27, 2023","format":false,"excerpt":"https:\/\/www.lasintesis.com.ar\/nota-union-por-la-patria-tiene-lista-de-unidad-en-saladillo-%7C-amaro-sarlo-precandidato-a-intendente-231823","rel":"","context":"En \u00abSin categor\u00eda\u00bb","block_context":{"text":"Sin categor\u00eda","link":"https:\/\/1005.com.ar\/index.php\/category\/sin-categoria\/"},"img":{"alt_text":"","src":"https:\/\/i0.wp.com\/1005.com.ar\/wp-content\/uploads\/2023\/06\/2f114cd6-8115-4fe6-84d9-d78da13adfc8.jpg?resize=350%2C200&ssl=1","width":350,"height":200,"srcset":"https:\/\/i0.wp.com\/1005.com.ar\/wp-content\/uploads\/2023\/06\/2f114cd6-8115-4fe6-84d9-d78da13adfc8.jpg?resize=350%2C200&ssl=1 1x, https:\/\/i0.wp.com\/1005.com.ar\/wp-content\/uploads\/2023\/06\/2f114cd6-8115-4fe6-84d9-d78da13adfc8.jpg?resize=525%2C300&ssl=1 1.5x, https:\/\/i0.wp.com\/1005.com.ar\/wp-content\/uploads\/2023\/06\/2f114cd6-8115-4fe6-84d9-d78da13adfc8.jpg?resize=700%2C400&ssl=1 2x, https:\/\/i0.wp.com\/1005.com.ar\/wp-content\/uploads\/2023\/06\/2f114cd6-8115-4fe6-84d9-d78da13adfc8.jpg?resize=1050%2C600&ssl=1 3x"},"classes":[]},{"id":1869,"url":"https:\/\/1005.com.ar\/index.php\/2021\/03\/26\/nueva-reunion-por-la-posible-implementacion-de-transporte-publico-en-saladillo\/","url_meta":{"origin":2091,"position":3},"title":"Nueva reuni\u00f3n por la posible implementaci\u00f3n de transporte p\u00fablico en Saladillo","author":"Radio Music","date":"marzo 26, 2021","format":false,"excerpt":"En la \u00faltima reuni\u00f3n, los funcionarios municipales presentaron una encuesta para recopilar datos que permitan desarrollar un diagn\u00f3stico real del posible uso del servicio de transporte, edades de las personas interesadas, d\u00edas y horarios m\u00e1s necesarios, entre otras cuestiones. Adem\u00e1s el intendente recibi\u00f3 distintas propuestas referidas al tema y en\u2026","rel":"","context":"En \u00abSin categor\u00eda\u00bb","block_context":{"text":"Sin categor\u00eda","link":"https:\/\/1005.com.ar\/index.php\/category\/sin-categoria\/"},"img":{"alt_text":"","src":"https:\/\/i0.wp.com\/1005.com.ar\/wp-content\/uploads\/2021\/03\/saladillo_6.jpg?resize=350%2C200&ssl=1","width":350,"height":200},"classes":[]},{"id":3107,"url":"https:\/\/1005.com.ar\/index.php\/2022\/07\/11\/el-frente-de-todos-participo-en-el-acto-de-presentacion-de-obras-de-infraestructura-escolar-para-saladillo\/","url_meta":{"origin":2091,"position":4},"title":"El Frente de Todos particip\u00f3 en el Acto de presentaci\u00f3n de obras de Infraestructura Escolar para Saladillo.","author":"Julieta Di Rocco","date":"julio 11, 2022","format":false,"excerpt":"El Frente de Todos particip\u00f3 en el Acto de presentaci\u00f3n de obras de Infraestructura Escolar para Saladillo. El Frente de Todos de Saladillo, particip\u00f3 del acto de la firma del convenio por parte del Ejecutivo Municipal, en car\u00e1cter de Unidad Ejecutora Local, en la ampliaci\u00f3n y refuncionalizaci\u00f3n de la EP\u2026","rel":"","context":"En \u00abSin categor\u00eda\u00bb","block_context":{"text":"Sin categor\u00eda","link":"https:\/\/1005.com.ar\/index.php\/category\/sin-categoria\/"},"img":{"alt_text":"","src":"https:\/\/i0.wp.com\/1005.com.ar\/wp-content\/uploads\/2022\/07\/291968719_10224160521694856_436026588721064204_n.jpg?resize=350%2C200&ssl=1","width":350,"height":200,"srcset":"https:\/\/i0.wp.com\/1005.com.ar\/wp-content\/uploads\/2022\/07\/291968719_10224160521694856_436026588721064204_n.jpg?resize=350%2C200&ssl=1 1x, https:\/\/i0.wp.com\/1005.com.ar\/wp-content\/uploads\/2022\/07\/291968719_10224160521694856_436026588721064204_n.jpg?resize=525%2C300&ssl=1 1.5x, https:\/\/i0.wp.com\/1005.com.ar\/wp-content\/uploads\/2022\/07\/291968719_10224160521694856_436026588721064204_n.jpg?resize=700%2C400&ssl=1 2x, https:\/\/i0.wp.com\/1005.com.ar\/wp-content\/uploads\/2022\/07\/291968719_10224160521694856_436026588721064204_n.jpg?resize=1050%2C600&ssl=1 3x"},"classes":[]},{"id":3061,"url":"https:\/\/1005.com.ar\/index.php\/2022\/07\/05\/el-pj-de-saladillo-recordo-a-peron-a-48-anos-de-su-muerte\/","url_meta":{"origin":2091,"position":5},"title":"El PJ de Saladillo record\u00f3 a Per\u00f3n a 48 a\u00f1os de su muerte","author":"Julieta Di Rocco","date":"julio 5, 2022","format":false,"excerpt":"El Partido Justicialista de Saladillo convoc\u00f3 a su militancia a un acto con el fin de conmemorar el 48\u00b0 aniversario del fallecimiento de Juan Domingo Per\u00f3n, figura m\u00e1xima del justicialismo. Este encuentro tuvo lugar anoche en su local partidario de la calle Mitre. https:\/\/www.lamanana.com.ar\/el-pj-de-saladillo-recordo-a-peron-a-48-anos-de-su-muerte\/","rel":"","context":"En \u00abSin categor\u00eda\u00bb","block_context":{"text":"Sin categor\u00eda","link":"https:\/\/1005.com.ar\/index.php\/category\/sin-categoria\/"},"img":{"alt_text":"","src":"https:\/\/i0.wp.com\/1005.com.ar\/wp-content\/uploads\/2022\/07\/peron-pj01-696x522-1.jpeg?resize=350%2C200&ssl=1","width":350,"height":200,"srcset":"https:\/\/i0.wp.com\/1005.com.ar\/wp-content\/uploads\/2022\/07\/peron-pj01-696x522-1.jpeg?resize=350%2C200&ssl=1 1x, https:\/\/i0.wp.com\/1005.com.ar\/wp-content\/uploads\/2022\/07\/peron-pj01-696x522-1.jpeg?resize=525%2C300&ssl=1 1.5x"},"classes":[]}],"jetpack_likes_enabled":true,"jetpack_sharing_enabled":true,"_links":{"self":[{"href":"https:\/\/1005.com.ar\/index.php\/wp-json\/wp\/v2\/posts\/2091","targetHints":{"allow":["GET"]}}],"collection":[{"href":"https:\/\/1005.com.ar\/index.php\/wp-json\/wp\/v2\/posts"}],"about":[{"href":"https:\/\/1005.com.ar\/index.php\/wp-json\/wp\/v2\/types\/post"}],"author":[{"embeddable":true,"href":"https:\/\/1005.com.ar\/index.php\/wp-json\/wp\/v2\/users\/3"}],"replies":[{"embeddable":true,"href":"https:\/\/1005.com.ar\/index.php\/wp-json\/wp\/v2\/comments?post=2091"}],"version-history":[{"count":0,"href":"https:\/\/1005.com.ar\/index.php\/wp-json\/wp\/v2\/posts\/2091\/revisions"}],"wp:featuredmedia":[{"embeddable":true,"href":"https:\/\/1005.com.ar\/index.php\/wp-json\/wp\/v2\/media\/2092"}],"wp:attachment":[{"href":"https:\/\/1005.com.ar\/index.php\/wp-json\/wp\/v2\/media?parent=2091"}],"wp:term":[{"taxonomy":"category","embeddable":true,"href":"https:\/\/1005.com.ar\/index.php\/wp-json\/wp\/v2\/categories?post=2091"},{"taxonomy":"post_tag","embeddable":true,"href":"https:\/\/1005.com.ar\/index.php\/wp-json\/wp\/v2\/tags?post=2091"}],"curies":[{"name":"wp","href":"https:\/\/api.w.org\/{rel}","templated":true}]}}