{"id":2057,"date":"2021-06-07T09:31:00","date_gmt":"2021-06-07T12:31:00","guid":{"rendered":"https:\/\/1005.com.ar\/?p=2057"},"modified":"2021-06-07T09:31:01","modified_gmt":"2021-06-07T12:31:01","slug":"se-recupera-la-produccion-metalurgica","status":"publish","type":"post","link":"https:\/\/1005.com.ar\/index.php\/2021\/06\/07\/se-recupera-la-produccion-metalurgica\/","title":{"rendered":"Se recupera la producci\u00f3n metal\u00fargica"},"content":{"rendered":"\n<p>La actividad metal\u00fargica creci\u00f3 51,8 por ciento interanual en abril, mientras que el nivel de producci\u00f3n cay\u00f3 4,4 por ciento respecto al mes previo, de acuerdo a la Asociaci\u00f3n de Industriales Metal\u00fargicos de la Rep\u00fablica Argentina (Adimra). Seg\u00fan un informe elaborado por el Departamento de Estudios Econ\u00f3micos de la entidad, el incremento internaual se explic\u00f3 por \u201cla baja base de comparaci\u00f3n dado que en igual mes del a\u00f1o pasado un universo de empresas metal\u00fargicas no estaban habilitadas a producir\u201d como consecuencia de las medidas restrictivas tomadas en ese entonces para contener el avance de la pandemia de la Covid-19.&nbsp;<\/p>\n\n\n\n<p>Con respecto a la baja intermensual, Adimra inform\u00f3 que \u201cestuvo impulsada principalmente por el rubro de autopartes, en l\u00ednea con lo que sucedi\u00f3 con la fabricaci\u00f3n de veh\u00edculos\u201d. De esta forma, la actividad se encuentra por encima de los niveles registrados entre fines de 2019 y principios de 2020, pero debajo de los niveles que hab\u00eda a comienzos de 2019.<\/p>\n\n\n\n<p>En la misma l\u00ednea que el promedio general, las provincias tambi\u00e9n registraron aumentos interanuales. Las provincias que presentaron mayores incrementos resultaron: C\u00f3rdoba (66,2 por ciento), Entre R\u00edos (55,6) y Santa Fe (50,9); mientras que las m\u00e1s afectadas durante 2020 en t\u00e9rminos interanuales fueron: Buenos Aires (+44,8) y Mendoza (+29,4 por ciento), que no lograron a\u00fan recuperar lo perdido durante el a\u00f1o pasado y se mantienen por debajo de los niveles de 2019.<\/p>\n\n\n\n<p>Respecto de las subregiones de Buenos Aires, el AMBA present\u00f3 un aumento de 45,2 por ciento interanual, mientras que en el interior de la provincia el crecimiento fue de 42,8 por ciento en relaci\u00f3n con abril de 2020.<\/p>\n\n\n\n<p>A nivel sectorial, el rubro que present\u00f3 una mejor recuperaci\u00f3n en sus niveles de producci\u00f3n fue el de Fundici\u00f3n, con un aumento del 63,4 por ciento en abril, cifra que se explica principalmente por \u201cla baja base de comparaci\u00f3n dado que el rubro de Fundici\u00f3n fue uno de los rubros metal\u00fargicos que experiment\u00f3 las mayores contracciones en los \u00faltimos a\u00f1os\u201d.<\/p>\n\n\n\n<p>\u201cPor otro lado, los rubros de Equipamiento m\u00e9dico (+10,7 por ciento), Equipos y aparatos el\u00e9ctricos (+43,7) y Bienes de capital (+51,5) tambi\u00e9n presentaron aumentos en sus niveles de actividad, pero a\u00fan no logran recuperar los niveles previos a la pandemia\u201d.<\/p>\n\n\n\n<p>Por su parte, el sector de Autopartes (+31,6 por ciento) mantiene un crecimiento interanual, pero registr\u00f3 una disminuci\u00f3n si se compara con marzo de 2021; y los sectores de Maquinaria agr\u00edcola (+51 por ciento) y Carrocer\u00edas y remolques (+61,2) contin\u00faan con una tendencia de crecimiento presentando fuertes incrementos interanuales.<\/p>\n\n\n\n<p>En cuanto al nivel de empleo, este creci\u00f3 4 por ciento en relaci\u00f3n al mismo mes de 2020, y acumula un crecimiento de 2,1 por ciento en lo que va del a\u00f1o. El informe detalla adem\u00e1s que el 25 por ciento de las empresas redujo las horas extra y el 11 por ciento hizo lo mismo respecto de la jornada laboral.<\/p>\n\n\n\n<p>En relaci\u00f3n a las perspectivas del sector, el informe sostiene que para el trimestre mayo-julio \u201cse mantiene alto el porcentaje de empresarios que esperan un aumento de la actividad, pese a la contracci\u00f3n de la actividad respecto de marzo\u201d, dado que el 48 por ciento de los empresarios prev\u00e9 un aumento en su producci\u00f3n, y solo el 16 por ciento espera una ca\u00edda.<\/p>\n\n\n\n<p><a href=\"https:\/\/www.pagina12.com.ar\/346523-se-recupera-la-produccion-metalurgica\">https:\/\/www.pagina12.com.ar\/346523-se-recupera-la-produccion-metalurgica<\/a><\/p>\n","protected":false},"excerpt":{"rendered":"<p>La actividad metal\u00fargica creci\u00f3 51,8 por ciento interanual en abril, mientras que el nivel de producci\u00f3n cay\u00f3 4,4 por ciento<\/p>\n","protected":false},"author":3,"featured_media":2058,"comment_status":"open","ping_status":"closed","sticky":false,"template":"","format":"standard","meta":{"jetpack_post_was_ever_published":false,"_jetpack_newsletter_access":"","_jetpack_dont_email_post_to_subs":false,"_jetpack_newsletter_tier_id":0,"_jetpack_memberships_contains_paywalled_content":false,"_jetpack_memberships_contains_paid_content":false,"footnotes":"","jetpack_publicize_message":"","jetpack_publicize_feature_enabled":true,"jetpack_social_post_already_shared":true,"jetpack_social_options":{"image_generator_settings":{"template":"highway","default_image_id":0,"font":"","enabled":false},"version":2}},"categories":[1],"tags":[],"class_list":["post-2057","post","type-post","status-publish","format-standard","has-post-thumbnail","hentry","category-sin-categoria"],"jetpack_publicize_connections":[],"jetpack_featured_media_url":"https:\/\/1005.com.ar\/wp-content\/uploads\/2021\/06\/descarga-1-1.jpg","jetpack-related-posts":[{"id":1787,"url":"https:\/\/1005.com.ar\/index.php\/2021\/03\/06\/preven-mas-crecimiento-para-2021\/","url_meta":{"origin":2057,"position":0},"title":"Prev\u00e9n m\u00e1s crecimiento para 2021","author":"Radio Music","date":"marzo 6, 2021","format":false,"excerpt":"Los consultores del mercado proyectaron en febrero que la inflaci\u00f3n minorista para diciembre de 2021 se ubicar\u00e1 en 48,1 por ciento. Se trata de una disminuci\u00f3n del 1,9 puntos porcentuales respecto de los pron\u00f3sticos del mes previo. As\u00ed lo detall\u00f3 el \u00faltimo informe de Relevamiento de Expectativas de Mercado del\u2026","rel":"","context":"En \u00abSin categor\u00eda\u00bb","block_context":{"text":"Sin categor\u00eda","link":"https:\/\/1005.com.ar\/index.php\/category\/sin-categoria\/"},"img":{"alt_text":"","src":"","width":0,"height":0},"classes":[]},{"id":1856,"url":"https:\/\/1005.com.ar\/index.php\/2021\/03\/26\/casi-6-por-ciento-de-alza-en-escrituras\/","url_meta":{"origin":2057,"position":1},"title":"Casi 6 por ciento de alza en escrituras","author":"Radio Music","date":"marzo 26, 2021","format":false,"excerpt":"El total de operaciones de compraventa de inmuebles registr\u00f3 en febrero pasado una suba de 5,8 por ciento en la ciudad de Buenos Aires respecto de igual mes del a\u00f1o pasado, de acuerdo con un informe del\u00a0Colegio de Escribanos porte\u00f1o. \u201cSi tenemos un dato levemente alentador es que en los\u2026","rel":"","context":"En \u00abSin categor\u00eda\u00bb","block_context":{"text":"Sin categor\u00eda","link":"https:\/\/1005.com.ar\/index.php\/category\/sin-categoria\/"},"img":{"alt_text":"","src":"","width":0,"height":0},"classes":[]},{"id":2232,"url":"https:\/\/1005.com.ar\/index.php\/2021\/08\/19\/en-junio-volvio-a-crecer-la-economia-frente-al-mes-anterior\/","url_meta":{"origin":2057,"position":2},"title":"En junio volvi\u00f3 a crecer la econom\u00eda frente al mes anterior","author":"Radio Music","date":"agosto 19, 2021","format":false,"excerpt":"La\u00a0actividad econ\u00f3mica\u00a0a nivel nacional registr\u00f3 en\u00a0junio un incremento del 10,8 por ciento\u00a0en relaci\u00f3n al mismo per\u00edodo del a\u00f1o pasado, inform\u00f3 el Indec. La mejora frente al 2020, cuando la pandemia todav\u00eda afectaba fuertemente la circulaci\u00f3n y por ende la producci\u00f3n y el consumo, se dio en pr\u00e1cticamente\u00a0todo el abanico sectorial,\u2026","rel":"","context":"En \u00abSin categor\u00eda\u00bb","block_context":{"text":"Sin categor\u00eda","link":"https:\/\/1005.com.ar\/index.php\/category\/sin-categoria\/"},"img":{"alt_text":"","src":"","width":0,"height":0},"classes":[]},{"id":1935,"url":"https:\/\/1005.com.ar\/index.php\/2021\/04\/12\/las-importaciones-productivas-para-arriba\/","url_meta":{"origin":2057,"position":3},"title":"Las importaciones productivas, para arriba","author":"Radio Music","date":"abril 12, 2021","format":false,"excerpt":"Las importaciones para el sector productivo, relacionadas en parte con el rebote econ\u00f3mico,\u00a0arrancaron el a\u00f1o con niveles muy superiores a igual per\u00edodo del 2020, per\u00edodo de pre pandemia. Si bien la queja empresaria actual, ante la necesidad de producir m\u00e1s por mayor demanda, est\u00e1 centrada en supuestos faltantes de partes,\u2026","rel":"","context":"En \u00abSin categor\u00eda\u00bb","block_context":{"text":"Sin categor\u00eda","link":"https:\/\/1005.com.ar\/index.php\/category\/sin-categoria\/"},"img":{"alt_text":"","src":"","width":0,"height":0},"classes":[]},{"id":2121,"url":"https:\/\/1005.com.ar\/index.php\/2021\/07\/04\/descuentos-en-alimentos-y-garrafas\/","url_meta":{"origin":2057,"position":4},"title":"Descuentos en alimentos y garrafas","author":"Radio Music","date":"julio 4, 2021","format":false,"excerpt":"Como parte de un plan del Gobierno bonaerense para reactivar el consumo, Banco Provincia ofrecer\u00e1 durante el mes de julio descuentos especiales de 30 por ciento para la compra de alimentos en comercios de barrio, 20 por ciento en supermercados y 50 por ciento para la adquisici\u00f3n de garrafas. Los\u2026","rel":"","context":"En \u00abSin categor\u00eda\u00bb","block_context":{"text":"Sin categor\u00eda","link":"https:\/\/1005.com.ar\/index.php\/category\/sin-categoria\/"},"img":{"alt_text":"","src":"","width":0,"height":0},"classes":[]},{"id":2020,"url":"https:\/\/1005.com.ar\/index.php\/2021\/05\/18\/alberto-fernandez-el-tema-de-la-carne-se-desmadro\/","url_meta":{"origin":2057,"position":5},"title":"Alberto Fern\u00e1ndez: \u201cEl tema de la carne se desmadr\u00f3\u201d","author":"Radio Music","date":"mayo 18, 2021","format":false,"excerpt":"El jefe de Estado explic\u00f3 que el problema surgi\u00f3 cuando el gobierno de Macri impuls\u00f3 una \u201ctotal apertura al sector\u201d debido a las compras de China. Dijo que hay que \u201cponer orden en el Mercado de Liniers\u201d y no descart\u00f3\u00a0la aplicaci\u00f3n de cupos para abastecer el mercado interno o un\u2026","rel":"","context":"En \u00abSin categor\u00eda\u00bb","block_context":{"text":"Sin categor\u00eda","link":"https:\/\/1005.com.ar\/index.php\/category\/sin-categoria\/"},"img":{"alt_text":"","src":"","width":0,"height":0},"classes":[]}],"jetpack_likes_enabled":true,"jetpack_sharing_enabled":true,"_links":{"self":[{"href":"https:\/\/1005.com.ar\/index.php\/wp-json\/wp\/v2\/posts\/2057","targetHints":{"allow":["GET"]}}],"collection":[{"href":"https:\/\/1005.com.ar\/index.php\/wp-json\/wp\/v2\/posts"}],"about":[{"href":"https:\/\/1005.com.ar\/index.php\/wp-json\/wp\/v2\/types\/post"}],"author":[{"embeddable":true,"href":"https:\/\/1005.com.ar\/index.php\/wp-json\/wp\/v2\/users\/3"}],"replies":[{"embeddable":true,"href":"https:\/\/1005.com.ar\/index.php\/wp-json\/wp\/v2\/comments?post=2057"}],"version-history":[{"count":0,"href":"https:\/\/1005.com.ar\/index.php\/wp-json\/wp\/v2\/posts\/2057\/revisions"}],"wp:featuredmedia":[{"embeddable":true,"href":"https:\/\/1005.com.ar\/index.php\/wp-json\/wp\/v2\/media\/2058"}],"wp:attachment":[{"href":"https:\/\/1005.com.ar\/index.php\/wp-json\/wp\/v2\/media?parent=2057"}],"wp:term":[{"taxonomy":"category","embeddable":true,"href":"https:\/\/1005.com.ar\/index.php\/wp-json\/wp\/v2\/categories?post=2057"},{"taxonomy":"post_tag","embeddable":true,"href":"https:\/\/1005.com.ar\/index.php\/wp-json\/wp\/v2\/tags?post=2057"}],"curies":[{"name":"wp","href":"https:\/\/api.w.org\/{rel}","templated":true}]}}