{"id":2026,"date":"2021-05-18T19:02:23","date_gmt":"2021-05-18T22:02:23","guid":{"rendered":"https:\/\/1005.com.ar\/?p=2026"},"modified":"2021-05-18T19:02:24","modified_gmt":"2021-05-18T22:02:24","slug":"record-de-casos-de-coronavirus","status":"publish","type":"post","link":"https:\/\/1005.com.ar\/index.php\/2021\/05\/18\/record-de-casos-de-coronavirus\/","title":{"rendered":"R\u00e9cord de casos de coronavirus"},"content":{"rendered":"\n<h1 class=\"wp-block-heading\" id=\"title\">Restricciones: Naci\u00f3n, Provincia y Ciudad acuerdan definir las medidas \u201cen conjunto\u201d y coinciden en que la situaci\u00f3n \u201ces muy cr\u00edtica\u201d<\/h1>\n\n\n\n<p>Fue lo que habl\u00f3 Santiago Cafiero con sus pares Carlos Bianco (Provincia) y Felipe Miguel (Ciudad) en la reuni\u00f3n que encabezaron con los ministros de Salud.<\/p>\n\n\n\n<p>Con el panorama m\u00e1s claro luego de que\u00a0<a rel=\"noreferrer noopener\" href=\"https:\/\/www.clarin.com\/tema\/alberto-fernandez.html\" target=\"_blank\">Alberto Fern\u00e1ndez<\/a>\u00a0descartara un cierre total o Fase 1 por entender que hay sectores econ\u00f3micos que \u00abno resistir\u00edan\u00bb, el Gobierno empez\u00f3 con la Provincia y la Ciudad a delinear el camino que desembocar\u00e1 en<strong>\u00a0un nuevo anuncio de medidas a partir de este fin de semana<\/strong>, cuando vence el DNU vigente. Tras meses de diferencias, esta vez parece haber coincidencia en que<strong>\u00a0la situaci\u00f3n sanitaria \u00abes muy cr\u00edtica\u00bb\u00a0<\/strong>y que, de mantenerse, deber\u00e1n<strong>\u00a0tomarse \u00abnuevas medidas\u00bb<\/strong>. Tambi\u00e9n que, en ese caso, se adoptar\u00e1n \u00aben conjunto\u00bb entre las tres administraciones.<\/p>\n\n\n\n<p>Ese fue el saldo de la reuni\u00f3n en la que, en medio de mucha preocupaci\u00f3n por el repunte en la curva de contagios registrada en los \u00faltimos d\u00edas, y que este martes&nbsp;<strong>llev\u00f3 las cifras de contagios y de muertes a un r\u00e9cord<\/strong>, el jefe de Gabinete, Santiago Cafiero, recibi\u00f3 a sus pares Carlos Bianco (PBA) y Felipe Miguel (Ciudad). Fue&nbsp;la primera de una serie de&nbsp;encuentros&nbsp;que la Casa Rosada traz\u00f3 para esta semana,&nbsp;con el objetivo de<strong>&nbsp;acordar restricciones m\u00e1s homog\u00e9neas desde los tres distritos<\/strong>.<\/p>\n\n\n\n<p>En ese sentido, aunque&nbsp;no se definieron medidas, este martes hubo un avance respecto a las diferencias que los tres distritos ven\u00edan manteniendo: adem\u00e1s de&nbsp;la coincidencia de que se atraviesa \u00abuna situaci\u00f3n muy cr\u00edtica\u00bb, hubo acuerdo para&nbsp;<strong>fijar restricciones \u00aben conjunto\u00bb<\/strong>. \u00abSi la tendencia se mantiene, hay acuerdo en que vamos a tener que tomar nuevas medidas\u00bb, alert\u00f3 un interlocutor.&nbsp;<\/p>\n\n\n\n<p>En la cita, que comenz\u00f3 a las 15.40 y se prolong\u00f3 durante m\u00e1s de una hora y media, estuvieron los ministros de Salud de las tres jurisdicciones,&nbsp;<strong>Carla Vizzotti<\/strong>&nbsp;(Naci\u00f3n), el bonaerense&nbsp;<strong>Daniel Gollan&nbsp;<\/strong>y el porte\u00f1o<strong>&nbsp;Fern\u00e1n Quir\u00f3s<\/strong>, para analizar la situaci\u00f3n sanitaria y proponer distintas medidas para frenar un alarmante crecimiento de los casos. En pleno encuentro, los tel\u00e9fonos de los funcionarios estallaron con las \u00faltimas cifras que&nbsp;representan un nuevo r\u00e9cord para la pandemia:<strong>&nbsp;35.543 nuevos contagios y 745&nbsp;muertos&nbsp;<\/strong>registrados en las \u00faltimas 24 horas.&nbsp;<\/p>\n\n\n\n<p>La cumbre se dio al cabo de una jornada en la que el Gobierno decidi\u00f3 salir a relativizar la posibilidad de un cierre fuerte, como hab\u00edan dejado trascender funcionarios de primera l\u00ednea durante casi todo el lunes, luego de que el viceministro de Salud bonaerense, Nicol\u00e1s Kreplak, quien pidi\u00f3 un \u00abcierre total\u00bb para bajar los contagios de forma contundente.<\/p>\n\n\n\n<p>El quiebre pareci\u00f3 ser&nbsp;<strong>la postura m\u00e1s dura que dej\u00f3 trascender el jefe de Gobierno porte\u00f1o<\/strong>, Horacio Rodr\u00edguez Larreta, en la tarde del lunes. Es que, curiosamente, a&nbsp;partir de las filtraciones que surgieron desde la Ciudad y daban cuenta que el alcalde podr\u00eda acompa\u00f1ar medidas duras y hasta analizaba ante un caso extremo la suspensi\u00f3n de las clases presenciales,&nbsp;<strong>el Gobierno nacional empez\u00f3 a cambiar su discurso<\/strong>.&nbsp;<\/p>\n\n\n\n<p>Y ya a \u00faltima hora del lunes advert\u00edan que se analizaba&nbsp;endurecer las restricciones&nbsp;pero&nbsp;<strong>sin avanzar con un cierre total<\/strong>. Este martes a la ma\u00f1ana&nbsp;fue el propio presidente Alberto Fern\u00e1ndez, que antes de subirse al avi\u00f3n rumbo a Misiones, asegur\u00f3 que por el momento no apelar\u00eda&nbsp;a imponer una Fase 1. En di\u00e1logo con Radio 10, dijo que tiene \u00abun problema sociol\u00f3gico, que la gente no lo resiste\u201d y que hay&nbsp;<strong>\u00absectores (econ\u00f3micos)&nbsp;que no resistir\u00edan\u00bb&nbsp;<\/strong>la medida, dando a entender lo que el ministro de Econom\u00eda,&nbsp;<strong>Mart\u00edn Guzm\u00e1n<\/strong>, se encarga de marcar puertas adentro del Gobierno: no hay margen para reinstaurar el&nbsp;Ingreso Familiar de Emergencia (IFE)&nbsp;&nbsp;o la Asistencia al Trabajo y la Producci\u00f3n (ATP).&nbsp;<\/p>\n\n\n\n<p>El Presidente tampoco&nbsp;dej\u00f3 pasar la oportunidad para exponer lo que en el Gobierno consideran fue \u00abun error\u00bb del jefe de Gobierno porte\u00f1o, Horacio Rodr\u00edguez Larreta, en la estrategia sanitaria. \u00abUna vez le dije a Horacio: \u2018Si en el colegio no se contagian, si en los bares no se contagian, si en los restoranes&nbsp;no se contagian, si en los teatros y en los cines no se contagian, \u00bfd\u00f3nde se contagian las 3000 personas por d\u00eda&nbsp;que vos detect\u00e1s?\u2019\u00bb, revel\u00f3.&nbsp;<\/p>\n\n\n\n<p>Y&nbsp;visibiliz\u00f3 su malestar por la puja por las clases que se gest\u00f3 semanas atr\u00e1s: \u00abMe hicieron ir a la Corte (Suprema de Justicia), \u00bfy qui\u00e9n ten\u00eda raz\u00f3n?\u201d, se jact\u00f3.<\/p>\n\n\n\n<p>Antes de la reuni\u00f3n, Quir\u00f3s&nbsp;hab\u00eda adelantado que desde la Ciudad buscaban ser \u201c<strong>muy precisos con las propuestas<\/strong>, intentando disminuir al m\u00e1ximo los mecanismos que generen la mayor cantidad de contagios\u201d pero que estaban dispuestos \u00aba acompa\u00f1ar\u00bb medidas nacionales. Mientras desde la Provincia relativizaron los dichos de Kreplak y aseguraron que \u00ab<strong>no est\u00e1 pidiendo un regreso a Fase 1<\/strong>\u00bb ni que se cierren nuevas actividades sino \u00abla continuidad del esquema actual de medidas de cuidado, pero intensificando los controles\u00bb.<\/p>\n\n\n\n<p>En tanto, desde Naci\u00f3n se posicionaron en una postura equidistante. \u00abLa idea es que se pongan de acuerdo entre ellos y est\u00e1 todo dado para que ocurra\u00bb, remarcaban. En efecto, en la cumbre hubo muchas coincidencias. La primera tiene que ver con los controles: \u00abHay que hacer m\u00e1s y mejores\u00bb, marcaron desde el Gobierno, en claro cuestionamiento a la Ciudad.&nbsp;<\/p>\n\n\n\n<p>Si bien no se habl\u00f3 de medidas espec\u00edficas, desde las tres administraciones&nbsp;<strong>admiten que \u00abest\u00e1 todo abierto\u00bb y que ser\u00e1n clave las pr\u00f3ximas 72 horas<\/strong>&nbsp;para determinar el alcance del DNU que Fern\u00e1ndez firmar\u00e1 el 21 de mayo. A diferencia de otras ocasiones, s\u00f3lo los m\u00e1s osados se animan a descartar un anuncio tripartito.&nbsp;<\/p>\n\n\n\n<p>El gran interrogante, en medio de este aparente&nbsp;acercamiento,&nbsp;vuelve&nbsp;a ser la&nbsp;<strong>presencialidad<\/strong>&nbsp;en las escuelas:&nbsp;<strong>desde la Ciudad consideran que debe ser \u00ablo \u00faltimo en suspenderse\u00bb<\/strong>&nbsp;y que \u00aba lo sumo se puede sumar alguna virtualidad en las secundarias\u00bb. Para Naci\u00f3n y Provincia, deben seguir en forma remota.&nbsp;<\/p>\n\n\n\n<p>El&nbsp;<strong>\u201clock-down\u201d total el fin de semana<\/strong>&nbsp;es, a diferencia del regreso a Fase 1,&nbsp;<strong>una posibilidad \u201ccumplible\u201d<\/strong>, seg\u00fan analizaban en el Gobierno, que permitir\u00eda cortar con el relajamiento social. Las largas filas de autos que se vieron el 1 de mayo en la Panamericana, cuando el gobernador bonaerense Axel Kicillof dispuso controles de temperatura sorpresivos, expusieron una situaci\u00f3n a la que el Gobierno todav\u00eda no le encontr\u00f3 soluci\u00f3n en su intento por bajar los contagios.&nbsp;<strong>\u00abLa gente se volvi\u00f3 a relajar\u00bb<\/strong>, repiten en los pasillos de la Casa Rosada.&nbsp;<\/p>\n\n\n\n<p>Y remarcan, a favor de esa medida en evaluaci\u00f3n, que un cierre total desde las 0 del s\u00e1bado hasta las 0 del lunes cortar\u00eda con ese relajamiento sin un golpe tan significativo a la econom\u00eda.<\/p>\n\n\n\n<p>M\u00e1s all\u00e1 del \u00c1rea Metropolitana de Buenos Aires, al Gobierno lo inquieta la\u00a0<strong>situaci\u00f3n sanitaria\u00a0en distintos puntos del interior<\/strong>\u00a0del pa\u00eds. Por ese motivo\u00a0trabaja para concretar\u00a0una reuni\u00f3n virtual del Presidente con los gobernadores. Con varios de ellos en Balcarce 50 no ocultan un\u00a0enojo, similar al que hay con Larreta,\u00a0por haber subestimado los casos.<br>https:\/\/www.clarin.com\/politica\/restricciones-nacion-provincia-ciudad-acuerdan-definir-medidas-conjunto-coinciden-situacion-critica-_0_BNc_h3JqV.html<\/p>\n","protected":false},"excerpt":{"rendered":"<p>Restricciones: Naci\u00f3n, Provincia y Ciudad acuerdan definir las medidas \u201cen conjunto\u201d y coinciden en que la situaci\u00f3n \u201ces muy cr\u00edtica\u201d<\/p>\n","protected":false},"author":3,"featured_media":2027,"comment_status":"open","ping_status":"closed","sticky":false,"template":"","format":"standard","meta":{"jetpack_post_was_ever_published":false,"_jetpack_newsletter_access":"","_jetpack_dont_email_post_to_subs":false,"_jetpack_newsletter_tier_id":0,"_jetpack_memberships_contains_paywalled_content":false,"_jetpack_memberships_contains_paid_content":false,"footnotes":"","jetpack_publicize_message":"","jetpack_publicize_feature_enabled":true,"jetpack_social_post_already_shared":true,"jetpack_social_options":{"image_generator_settings":{"template":"highway","default_image_id":0,"font":"","enabled":false},"version":2}},"categories":[1],"tags":[],"class_list":["post-2026","post","type-post","status-publish","format-standard","has-post-thumbnail","hentry","category-sin-categoria"],"jetpack_publicize_connections":[],"jetpack_featured_media_url":"https:\/\/1005.com.ar\/wp-content\/uploads\/2021\/05\/images.jpg","jetpack-related-posts":[{"id":1920,"url":"https:\/\/1005.com.ar\/index.php\/2021\/04\/12\/coronavirus-cumbre-para-definir-medidas-contra-el-aumento-de-contagios\/","url_meta":{"origin":2026,"position":0},"title":"Coronavirus: Cumbre para definir medidas contra el aumento de contagios","author":"Radio Music","date":"abril 12, 2021","format":false,"excerpt":"El Gobierno Nacional mira con preocupaci\u00f3n el aumento de casos de los \u00faltimos d\u00edas y, si bien desde el Ejecutivo el viernes pasado lanzaron un paquete de medidas,\u00a0este lunes a las 18 habr\u00e1 una reuni\u00f3n\u00a0en el sal\u00f3n de los Cient\u00edficos de Casa Rosada\u00a0en la que el jefe de Ministros, Santiago\u2026","rel":"","context":"En \u00abSin categor\u00eda\u00bb","block_context":{"text":"Sin categor\u00eda","link":"https:\/\/1005.com.ar\/index.php\/category\/sin-categoria\/"},"img":{"alt_text":"","src":"","width":0,"height":0},"classes":[]},{"id":1932,"url":"https:\/\/1005.com.ar\/index.php\/2021\/04\/12\/alerta-en-la-plata-la-ocupacion-de-camas-es-casi-total-y-crecieron-300-los-contagios\/","url_meta":{"origin":2026,"position":1},"title":"Alerta en La Plata: la ocupaci\u00f3n de camas es casi total y crecieron 300% los contagios","author":"Radio Music","date":"abril 12, 2021","format":false,"excerpt":"El titular de PAMI regi\u00f3n La Plata, Marcelo Leyria, advirti\u00f3 que el nivel de\u00a0ocupaci\u00f3n de camas de terapia intensiva para pacientes con Covid en La Plata, Berisso y Ensenada \"es de un 100 por ciento Covid\", y est\u00e1 ocupada en 80 o 90 por ciento para otras pr\u00e1cticas. En tanto,\u2026","rel":"","context":"En \u00abSin categor\u00eda\u00bb","block_context":{"text":"Sin categor\u00eda","link":"https:\/\/1005.com.ar\/index.php\/category\/sin-categoria\/"},"img":{"alt_text":"","src":"","width":0,"height":0},"classes":[]},{"id":1956,"url":"https:\/\/1005.com.ar\/index.php\/2021\/04\/24\/el-presidente-analizo-con-kicillof-la-situacion-en-el-amba\/","url_meta":{"origin":2026,"position":2},"title":"El Presidente analiz\u00f3 con Kicillof la situaci\u00f3n en el AMBA","author":"Radio Music","date":"abril 24, 2021","format":false,"excerpt":"Con la noticia de un nuevo\u00a0r\u00e9cord de muertos\u00a0por las pandemia de Covid-19 y tras la primera semana de restricciones, el presidente Alberto Fern\u00e1ndez se reuni\u00f3 esta tarde con el gobernador bonaerense, Axel Kicillof, para analizar el cuadro epidemiol\u00f3gico del \u00c1rea Metropolitana de Buenos Aires (AMBA).\u00a0 De acuerdo con lo informado,\u2026","rel":"","context":"En \u00abSin categor\u00eda\u00bb","block_context":{"text":"Sin categor\u00eda","link":"https:\/\/1005.com.ar\/index.php\/category\/sin-categoria\/"},"img":{"alt_text":"foto de archivo","src":"https:\/\/i0.wp.com\/1005.com.ar\/wp-content\/uploads\/2021\/04\/t20.jpg?resize=350%2C200&ssl=1","width":350,"height":200,"srcset":"https:\/\/i0.wp.com\/1005.com.ar\/wp-content\/uploads\/2021\/04\/t20.jpg?resize=350%2C200&ssl=1 1x, https:\/\/i0.wp.com\/1005.com.ar\/wp-content\/uploads\/2021\/04\/t20.jpg?resize=525%2C300&ssl=1 1.5x"},"classes":[]},{"id":1950,"url":"https:\/\/1005.com.ar\/index.php\/2021\/04\/24\/alberto-fernandez-hay-una-saturacion-de-camas-en-la-ciudad-que-no-toma-en-cuenta-este-dato\/","url_meta":{"origin":2026,"position":3},"title":"Alberto Fern\u00e1ndez: \u00abHay una saturaci\u00f3n de camas en la Ciudad, que no toma en cuenta este dato\u00bb","author":"Radio Music","date":"abril 24, 2021","format":false,"excerpt":"El presidente Alberto Fern\u00e1ndez afirm\u00f3 este s\u00e1bado que\u00a0el\u00a0fallecimiento del ministro de Transporte, Mario Meoni, es \"incomprensible\"\u00a0y se trata de una\u00a0\"p\u00e9rdida enorme\".\"Cuando\u00a0me llam\u00f3 ayer Sergio (Massa) para darme la noticia\u00a0qued\u00e9 demudado porque es una muerte incomprensible. Un hombre joven, de una vida sana. Una p\u00e9rdida enorme, una noticia espantosa\", dijo Fern\u00e1ndez.\u00a0\u2026","rel":"","context":"En \u00abSin categor\u00eda\u00bb","block_context":{"text":"Sin categor\u00eda","link":"https:\/\/1005.com.ar\/index.php\/category\/sin-categoria\/"},"img":{"alt_text":"","src":"","width":0,"height":0},"classes":[]},{"id":2394,"url":"https:\/\/1005.com.ar\/index.php\/2021\/11\/26\/ya-son-mas-de-14-millones-las-personas-vacunadas-contra-el-covid-19-en-la-provincia\/","url_meta":{"origin":2026,"position":4},"title":"Ya son m\u00e1s de 14 millones las personas vacunadas contra el Covid-19 en la provincia","author":"Radio Music","date":"noviembre 26, 2021","format":false,"excerpt":"El ministro de Salud bonaerense, Nicol\u00e1s Kreplak, inform\u00f3 que ya hay m\u00e1s de 14 millones de personas vacunadas contra el coronavirus en la provincia de Buenos Aires y celebr\u00f3 que \"cada vez somos m\u00e1s\". \"Cada vez somos m\u00e1s y ese es el objetivo, pero no es el final. Llegamos a\u2026","rel":"","context":"En \u00abSin categor\u00eda\u00bb","block_context":{"text":"Sin categor\u00eda","link":"https:\/\/1005.com.ar\/index.php\/category\/sin-categoria\/"},"img":{"alt_text":"","src":"https:\/\/i0.wp.com\/1005.com.ar\/wp-content\/uploads\/2021\/11\/1637856765.jpeg?resize=350%2C200&ssl=1","width":350,"height":200,"srcset":"https:\/\/i0.wp.com\/1005.com.ar\/wp-content\/uploads\/2021\/11\/1637856765.jpeg?resize=350%2C200&ssl=1 1x, https:\/\/i0.wp.com\/1005.com.ar\/wp-content\/uploads\/2021\/11\/1637856765.jpeg?resize=525%2C300&ssl=1 1.5x, https:\/\/i0.wp.com\/1005.com.ar\/wp-content\/uploads\/2021\/11\/1637856765.jpeg?resize=700%2C400&ssl=1 2x"},"classes":[]},{"id":3508,"url":"https:\/\/1005.com.ar\/index.php\/2022\/09\/23\/las-oportunidades-de-crecimiento-y-desarrollo-para-nuestra-provincia-y-para-saladillo-se-logran-a-traves-de-un-estado-presente\/","url_meta":{"origin":2026,"position":5},"title":"Las oportunidades de crecimiento y desarrollo para nuestra provincia y para Saladillo se logran a trav\u00e9s de un estado presente","author":"Julieta Di Rocco","date":"septiembre 23, 2022","format":false,"excerpt":"Es por eso que nos parece fundamental visibilizar las herramientas que ha generado el gobierno de la provincia a diario para el crecimiento de nuestra ciudad.","rel":"","context":"En \u00abSin categor\u00eda\u00bb","block_context":{"text":"Sin categor\u00eda","link":"https:\/\/1005.com.ar\/index.php\/category\/sin-categoria\/"},"img":{"alt_text":"","src":"https:\/\/i0.wp.com\/1005.com.ar\/wp-content\/uploads\/2022\/09\/307025331_113678958157541_3440146132644756408_n.jpg?resize=350%2C200&ssl=1","width":350,"height":200,"srcset":"https:\/\/i0.wp.com\/1005.com.ar\/wp-content\/uploads\/2022\/09\/307025331_113678958157541_3440146132644756408_n.jpg?resize=350%2C200&ssl=1 1x, https:\/\/i0.wp.com\/1005.com.ar\/wp-content\/uploads\/2022\/09\/307025331_113678958157541_3440146132644756408_n.jpg?resize=525%2C300&ssl=1 1.5x, https:\/\/i0.wp.com\/1005.com.ar\/wp-content\/uploads\/2022\/09\/307025331_113678958157541_3440146132644756408_n.jpg?resize=700%2C400&ssl=1 2x, https:\/\/i0.wp.com\/1005.com.ar\/wp-content\/uploads\/2022\/09\/307025331_113678958157541_3440146132644756408_n.jpg?resize=1050%2C600&ssl=1 3x"},"classes":[]}],"jetpack_likes_enabled":true,"jetpack_sharing_enabled":true,"_links":{"self":[{"href":"https:\/\/1005.com.ar\/index.php\/wp-json\/wp\/v2\/posts\/2026","targetHints":{"allow":["GET"]}}],"collection":[{"href":"https:\/\/1005.com.ar\/index.php\/wp-json\/wp\/v2\/posts"}],"about":[{"href":"https:\/\/1005.com.ar\/index.php\/wp-json\/wp\/v2\/types\/post"}],"author":[{"embeddable":true,"href":"https:\/\/1005.com.ar\/index.php\/wp-json\/wp\/v2\/users\/3"}],"replies":[{"embeddable":true,"href":"https:\/\/1005.com.ar\/index.php\/wp-json\/wp\/v2\/comments?post=2026"}],"version-history":[{"count":0,"href":"https:\/\/1005.com.ar\/index.php\/wp-json\/wp\/v2\/posts\/2026\/revisions"}],"wp:featuredmedia":[{"embeddable":true,"href":"https:\/\/1005.com.ar\/index.php\/wp-json\/wp\/v2\/media\/2027"}],"wp:attachment":[{"href":"https:\/\/1005.com.ar\/index.php\/wp-json\/wp\/v2\/media?parent=2026"}],"wp:term":[{"taxonomy":"category","embeddable":true,"href":"https:\/\/1005.com.ar\/index.php\/wp-json\/wp\/v2\/categories?post=2026"},{"taxonomy":"post_tag","embeddable":true,"href":"https:\/\/1005.com.ar\/index.php\/wp-json\/wp\/v2\/tags?post=2026"}],"curies":[{"name":"wp","href":"https:\/\/api.w.org\/{rel}","templated":true}]}}