{"id":2020,"date":"2021-05-18T18:52:43","date_gmt":"2021-05-18T21:52:43","guid":{"rendered":"https:\/\/1005.com.ar\/?p=2020"},"modified":"2021-05-18T18:52:44","modified_gmt":"2021-05-18T21:52:44","slug":"alberto-fernandez-el-tema-de-la-carne-se-desmadro","status":"publish","type":"post","link":"https:\/\/1005.com.ar\/index.php\/2021\/05\/18\/alberto-fernandez-el-tema-de-la-carne-se-desmadro\/","title":{"rendered":"Alberto Fern\u00e1ndez: \u201cEl tema de la carne se desmadr\u00f3\u201d"},"content":{"rendered":"\n<p>El jefe de Estado explic\u00f3 que el problema surgi\u00f3 cuando el gobierno de Macri impuls\u00f3 una \u201ctotal apertura al sector\u201d debido a las compras de China. Dijo que hay que \u201cponer orden en el Mercado de Liniers\u201d y no descart\u00f3\u00a0la aplicaci\u00f3n de cupos para abastecer el mercado interno o un aumento en las retenciones.<\/p>\n\n\n\n<p>El presidente&nbsp;<strong>Alberto Fern\u00e1ndez<\/strong>&nbsp;puntualiz\u00f3 que<strong>&nbsp;la decisi\u00f3n de&nbsp;<a href=\"https:\/\/www.pagina12.com.ar\/342217-el-gobierno-cierra-las-exportaciones-de-carne-por-30-dias\">suspender la exportaci\u00f3n de carnes<\/a><\/strong>&nbsp;se debi\u00f3 a que hubo un \u201cdesmadre\u201d producto de la \u201ctotal apertura\u201d al sector durante el gobierno anterior. No descart\u00f3<strong>&nbsp;la posibilidad de establecer cupos para abastecer el mercado interno&nbsp;<\/strong>o aumentar las retenciones en caso de que la suspensi\u00f3n a las ventas al exterior no funcione.<\/p>\n\n\n\n<p><strong>\u201cNo podemos ver c\u00f3mo crece el precio de la carne sin ning\u00fan justificativo\u201d,<\/strong>&nbsp;puntualiz\u00f3 el jefe de Estado al tiempo que calific\u00f3 de \u201cmuy correcta y en buen tono\u201d a la reuni\u00f3n que mantuvo con los exportadores, a los que les inform\u00f3 de la decisi\u00f3n anunciada anoche.<\/p>\n\n\n\n<p>\u201cEllos entienden el problema, no les gustan las soluciones. Pero&nbsp;<strong>les dije: &#8216;ayuden a poner orden en el precio interno y abrimos las exportaciones&#8217;\u201d<\/strong>, recalc\u00f3 Fern\u00e1ndez durante una entrevista con Radio10 en la que explic\u00f3 los motivos de la medida para frenar el incremento de los precios internos en el sector c\u00e1rnico.<\/p>\n\n\n\n<h2 class=\"wp-block-heading\">Las exportaciones de carne a China<\/h2>\n\n\n\n<p>Seg\u00fan el mandatario,<strong>&nbsp;\u201cel tema de la carne se desmadr\u00f3\u201d<\/strong>&nbsp;luego de que el gobierno de Mauricio Macri decidi\u00f3 darle una \u201ctotal apertura al sector\u201d tras \u201cel boom de China\u201d como uno de los grandes compradores de carne argentina.<\/p>\n\n\n\n<p><strong>\u201cHa sido una gran tentaci\u00f3n la aparici\u00f3n de China comprando carne porque pagan precios muy altos&nbsp;<\/strong>y para todos se vuelve una oportunidad \u00fanica\u201d, pero lo cierto es que esto no implic\u00f3 un incremento en la cantidad de toneladas faenadas ni cabezas ofrecidas al mercado, advirti\u00f3.<\/p>\n\n\n\n<p>\u201cEl 75 por ciento del 80 que se exporta va a China.&nbsp;<strong>El precio internacional subi\u00f3 tanto por la demanda grande, empez\u00f3 a competir con el precio interno\u201d<\/strong>, explic\u00f3.<\/p>\n\n\n\n<h2 class=\"wp-block-heading\">El \u00abdesmadre\u00bb<\/h2>\n\n\n\n<p>La clave del \u201cdesmadre\u201d, recalc\u00f3 Alberto Fern\u00e1ndez, estuvo en la decisi\u00f3n del gobierno macrista de \u201cdarle una total apertura al sector\u201d. Desde entonces, ejemplific\u00f3,<strong>&nbsp;\u201ccada vez es menor el peso del novillo que se faena\u201d.<\/strong><\/p>\n\n\n\n<p>\u201cEl stock ganadero que dej\u00f3 Cristina (Kirchner) en 2015 fue de 51 millones de toneladas. Vino Macri, sac\u00f3 las retenciones, abri\u00f3 las exportaciones y \u00bfa cu\u00e1nto creci\u00f3 el stock? El 4,9 por ciento. Abrieron todo para nada\u201d, argument\u00f3.<\/p>\n\n\n\n<p>Por otra parte, relativiz\u00f3 que el problema del incremento de la carne tenga como epicentro los valores que las cadenas de supermercados ponen al p\u00fablico.<strong>&nbsp;\u201cLas cadenas de supermercados solo representan entre el 25 y 30 por ciento de lo que se vende&nbsp;<\/strong>de carne, es un n\u00famero muy bajo para decir que ah\u00ed est\u00e1 la soluci\u00f3n. Los precios que pusimos ellos los respetaron. El problema no est\u00e1 tan ah\u00ed\u201d, dijo al respecto.<\/p>\n\n\n\n<h2 class=\"wp-block-heading\">\u00abCrece el precio y baja el consumo\u00bb<\/h2>\n\n\n\n<p>Fern\u00e1ndez afirm\u00f3 que desde el Gobierno \u201cno podemos ver como crece el precio de la carne sin ning\u00fan justificativo. Lo m\u00e1s llamativo es que crece el precio y baja el consumo.&nbsp;<strong>No es que el precio no sube porque la demanda crece<\/strong>, y hay menos carne para repartir. No.&nbsp;<strong>La demanda baja y crecen los precios sin parar\u201d.<\/strong><\/p>\n\n\n\n<p>Por eso, continu\u00f3, a este problema \u201clo tenemos que corregir\u201d. Una de las medidas que se tomar\u00e1n ser\u00e1&nbsp;<strong>\u201cponer orden en el Mercado de Liniers\u201d,<\/strong>&nbsp;porque algunos exportadores compran all\u00ed carnes para vender al exterior.<strong>&nbsp;\u201cNo es posible que ah\u00ed se venda carne para exportaci\u00f3n\u201d<\/strong>&nbsp;porque \u201cprevalece ese precio que es alto\u201d y \u201ctergiversa todos los precios del mercado interno\u201d, aclar\u00f3.<\/p>\n\n\n\n<h2 class=\"wp-block-heading\">Retenciones y cupos<\/h2>\n\n\n\n<p>El mandatario sostuvo que en caso de que la suspensi\u00f3n a las exportaciones no funcione,&nbsp;<strong>el gobierno podr\u00eda analizar la posibilidad de elevar las retenciones<\/strong>. \u201cEs una alternativa que podemos analizar, pero primero hay que ver si (la soluci\u00f3n) por la diferencia de precios es suficiente\u201d, dijo cuando fue consultado al respecto.<\/p>\n\n\n\n<p>Lo que tambi\u00e9n est\u00e1 en carpeta es<strong>\u00a0la posibilidad de \u201cponer cupos para abastecer el mercado interno\u201d<\/strong>, que es una salida \u201cque los mismos exportadores me plantearon\u201d, puntualiz\u00f3 el presidente.<\/p>\n\n\n\n<p><a href=\"https:\/\/www.pagina12.com.ar\/342301-alberto-fernandez-el-tema-de-la-carne-se-desmadro\">https:\/\/www.pagina12.com.ar\/342301-alberto-fernandez-el-tema-de-la-carne-se-desmadro<\/a><\/p>\n","protected":false},"excerpt":{"rendered":"<p>El jefe de Estado explic\u00f3 que el problema surgi\u00f3 cuando el gobierno de Macri impuls\u00f3 una \u201ctotal apertura al sector\u201d<\/p>\n","protected":false},"author":3,"featured_media":2021,"comment_status":"open","ping_status":"closed","sticky":false,"template":"","format":"standard","meta":{"jetpack_post_was_ever_published":false,"_jetpack_newsletter_access":"","_jetpack_dont_email_post_to_subs":false,"_jetpack_newsletter_tier_id":0,"_jetpack_memberships_contains_paywalled_content":false,"_jetpack_memberships_contains_paid_content":false,"footnotes":"","jetpack_publicize_message":"","jetpack_publicize_feature_enabled":true,"jetpack_social_post_already_shared":true,"jetpack_social_options":{"image_generator_settings":{"template":"highway","default_image_id":0,"font":"","enabled":false},"version":2}},"categories":[1],"tags":[],"class_list":["post-2020","post","type-post","status-publish","format-standard","has-post-thumbnail","hentry","category-sin-categoria"],"jetpack_publicize_connections":[],"jetpack_featured_media_url":"https:\/\/1005.com.ar\/wp-content\/uploads\/2021\/05\/descarga-2.jpg","jetpack-related-posts":[{"id":1513,"url":"https:\/\/1005.com.ar\/index.php\/2021\/02\/09\/aceites-el-ejemplo-que-puso-alberto-fernandez-para-la-relacion-con-el-agro\/","url_meta":{"origin":2020,"position":0},"title":"Aceites: el ejemplo que puso Alberto Fern\u00e1ndez para la relaci\u00f3n con el agro","author":"Radio Music","date":"febrero 9, 2021","format":false,"excerpt":"Acuerdo Gobierno-agroindustria para garantizar precios accesibles en el mercado interno","rel":"","context":"En \u00abSin categor\u00eda\u00bb","block_context":{"text":"Sin categor\u00eda","link":"https:\/\/1005.com.ar\/index.php\/category\/sin-categoria\/"},"img":{"alt_text":"","src":"","width":0,"height":0},"classes":[]},{"id":1498,"url":"https:\/\/1005.com.ar\/index.php\/2021\/02\/08\/entrevista-a-alberto-fernandez-preferiria-no-hacerlo-pero-si-el-campo-no-entiende-voy-a-subir-las-retenciones-o-establecer-cupos\/","url_meta":{"origin":2020,"position":1},"title":"Entrevista a Alberto Fern\u00e1ndez: \u00abPreferir\u00eda no hacerlo, pero si el campo no entiende voy a subir las retenciones o establecer cupos\u00bb","author":"Radio Music","date":"febrero 8, 2021","format":false,"excerpt":"El Presidente ya defini\u00f3 qu\u00e9 har\u00e1 si los productores de alimentos siguen cobrando a precios de exportaci\u00f3n","rel":"","context":"En \u00abSin categor\u00eda\u00bb","block_context":{"text":"Sin categor\u00eda","link":"https:\/\/1005.com.ar\/index.php\/category\/sin-categoria\/"},"img":{"alt_text":"","src":"","width":0,"height":0},"classes":[]},{"id":2339,"url":"https:\/\/1005.com.ar\/index.php\/2021\/11\/15\/las-elecciones-legislativas-y-la-segunda-etapa-del-gobierno-de-alberto-fernandez\/","url_meta":{"origin":2020,"position":2},"title":"Las elecciones legislativas y la segunda etapa del gobierno de Alberto Fern\u00e1ndez","author":"Radio Music","date":"noviembre 15, 2021","format":false,"excerpt":"CUESTA ARRIBA El Frente de Todos mantiene la primera minor\u00eda en ambas C\u00e1maras. Redujo al m\u00ednimo la diferencia en provincia de Buenos Aires. Juntos por el Cambio y un festejo acotado. https:\/\/www.pagina12.com.ar\/382695-cuesta-arriba","rel":"","context":"En \u00abSin categor\u00eda\u00bb","block_context":{"text":"Sin categor\u00eda","link":"https:\/\/1005.com.ar\/index.php\/category\/sin-categoria\/"},"img":{"alt_text":"","src":"https:\/\/i0.wp.com\/1005.com.ar\/wp-content\/uploads\/2021\/11\/289217-3-a-leandroteysseire.jpg?resize=350%2C200&ssl=1","width":350,"height":200,"srcset":"https:\/\/i0.wp.com\/1005.com.ar\/wp-content\/uploads\/2021\/11\/289217-3-a-leandroteysseire.jpg?resize=350%2C200&ssl=1 1x, https:\/\/i0.wp.com\/1005.com.ar\/wp-content\/uploads\/2021\/11\/289217-3-a-leandroteysseire.jpg?resize=525%2C300&ssl=1 1.5x, https:\/\/i0.wp.com\/1005.com.ar\/wp-content\/uploads\/2021\/11\/289217-3-a-leandroteysseire.jpg?resize=700%2C400&ssl=1 2x"},"classes":[]},{"id":1428,"url":"https:\/\/1005.com.ar\/index.php\/2021\/02\/01\/donde-conseguir-los-cortes-de-carne-con-precios-rebajados\/","url_meta":{"origin":2020,"position":3},"title":"D\u00f3nde conseguir los cortes de carne con precios rebajados","author":"Radio Music","date":"febrero 1, 2021","format":false,"excerpt":"Empiezan a venderse desde este lunes","rel":"","context":"En \u00abSin categor\u00eda\u00bb","block_context":{"text":"Sin categor\u00eda","link":"https:\/\/1005.com.ar\/index.php\/category\/sin-categoria\/"},"img":{"alt_text":"","src":"https:\/\/i0.wp.com\/1005.com.ar\/wp-content\/uploads\/2021\/02\/Carne.jpg?resize=350%2C200&ssl=1","width":350,"height":200,"srcset":"https:\/\/i0.wp.com\/1005.com.ar\/wp-content\/uploads\/2021\/02\/Carne.jpg?resize=350%2C200&ssl=1 1x, https:\/\/i0.wp.com\/1005.com.ar\/wp-content\/uploads\/2021\/02\/Carne.jpg?resize=525%2C300&ssl=1 1.5x, https:\/\/i0.wp.com\/1005.com.ar\/wp-content\/uploads\/2021\/02\/Carne.jpg?resize=700%2C400&ssl=1 2x"},"classes":[]},{"id":2959,"url":"https:\/\/1005.com.ar\/index.php\/2022\/06\/10\/el-balance-de-alberto-fernandez-tras-la-cumbre-de-las-americas-no-vine-a-poner-mas-muros-sino-a-construir-puentes\/","url_meta":{"origin":2020,"position":4},"title":"El balance de Alberto Fern\u00e1ndez tras la Cumbre de las Am\u00e9ricas: \u00abNo vine a poner m\u00e1s muros, sino a construir puentes\u00bb","author":"Julieta Di Rocco","date":"junio 10, 2022","format":false,"excerpt":"Adem\u00e1s de repasar su participaci\u00f3n en el encuentro y el impacto que tuvo su duro discurso, el mandatario abord\u00f3 cuestiones de la pol\u00edtica argentina y la turbulenta semana que atraves\u00f3 el Gobierno con la salida de Kulfas. Lo que dijo sobre el exministro y de su relaci\u00f3n con Cristina Kirchner.\u2026","rel":"","context":"En \u00abSin categor\u00eda\u00bb","block_context":{"text":"Sin categor\u00eda","link":"https:\/\/1005.com.ar\/index.php\/category\/sin-categoria\/"},"img":{"alt_text":"","src":"https:\/\/i0.wp.com\/1005.com.ar\/wp-content\/uploads\/2022\/06\/558704-alberto-20en-20los-20-c3-81ngeles.jpg?resize=350%2C200&ssl=1","width":350,"height":200,"srcset":"https:\/\/i0.wp.com\/1005.com.ar\/wp-content\/uploads\/2022\/06\/558704-alberto-20en-20los-20-c3-81ngeles.jpg?resize=350%2C200&ssl=1 1x, https:\/\/i0.wp.com\/1005.com.ar\/wp-content\/uploads\/2022\/06\/558704-alberto-20en-20los-20-c3-81ngeles.jpg?resize=525%2C300&ssl=1 1.5x, https:\/\/i0.wp.com\/1005.com.ar\/wp-content\/uploads\/2022\/06\/558704-alberto-20en-20los-20-c3-81ngeles.jpg?resize=700%2C400&ssl=1 2x"},"classes":[]},{"id":3930,"url":"https:\/\/1005.com.ar\/index.php\/2023\/03\/01\/apertura-de-sesiones-ordinarias\/","url_meta":{"origin":2020,"position":5},"title":"Apertura de sesiones ordinarias&nbsp;","author":"Julieta Di Rocco","date":"marzo 1, 2023","format":false,"excerpt":"Alberto Fern\u00e1ndez anunci\u00f3 que \"a mediados de este a\u00f1o\" se inaugurar\u00e1 el gasoducto N\u00e9stor Kirchner https:\/\/www.pagina12.com.ar\/527697-alberto-fernandez-anuncio-que-a-mediados-de-este-ano-se-inau","rel":"","context":"En \u00abSin categor\u00eda\u00bb","block_context":{"text":"Sin categor\u00eda","link":"https:\/\/1005.com.ar\/index.php\/category\/sin-categoria\/"},"img":{"alt_text":"","src":"https:\/\/i0.wp.com\/1005.com.ar\/wp-content\/uploads\/2023\/03\/701927-01-03-2023-el-presidente-alberto-fernandez-dijo.jpg?resize=350%2C200&ssl=1","width":350,"height":200,"srcset":"https:\/\/i0.wp.com\/1005.com.ar\/wp-content\/uploads\/2023\/03\/701927-01-03-2023-el-presidente-alberto-fernandez-dijo.jpg?resize=350%2C200&ssl=1 1x, https:\/\/i0.wp.com\/1005.com.ar\/wp-content\/uploads\/2023\/03\/701927-01-03-2023-el-presidente-alberto-fernandez-dijo.jpg?resize=525%2C300&ssl=1 1.5x, https:\/\/i0.wp.com\/1005.com.ar\/wp-content\/uploads\/2023\/03\/701927-01-03-2023-el-presidente-alberto-fernandez-dijo.jpg?resize=700%2C400&ssl=1 2x"},"classes":[]}],"jetpack_likes_enabled":true,"jetpack_sharing_enabled":true,"_links":{"self":[{"href":"https:\/\/1005.com.ar\/index.php\/wp-json\/wp\/v2\/posts\/2020","targetHints":{"allow":["GET"]}}],"collection":[{"href":"https:\/\/1005.com.ar\/index.php\/wp-json\/wp\/v2\/posts"}],"about":[{"href":"https:\/\/1005.com.ar\/index.php\/wp-json\/wp\/v2\/types\/post"}],"author":[{"embeddable":true,"href":"https:\/\/1005.com.ar\/index.php\/wp-json\/wp\/v2\/users\/3"}],"replies":[{"embeddable":true,"href":"https:\/\/1005.com.ar\/index.php\/wp-json\/wp\/v2\/comments?post=2020"}],"version-history":[{"count":0,"href":"https:\/\/1005.com.ar\/index.php\/wp-json\/wp\/v2\/posts\/2020\/revisions"}],"wp:featuredmedia":[{"embeddable":true,"href":"https:\/\/1005.com.ar\/index.php\/wp-json\/wp\/v2\/media\/2021"}],"wp:attachment":[{"href":"https:\/\/1005.com.ar\/index.php\/wp-json\/wp\/v2\/media?parent=2020"}],"wp:term":[{"taxonomy":"category","embeddable":true,"href":"https:\/\/1005.com.ar\/index.php\/wp-json\/wp\/v2\/categories?post=2020"},{"taxonomy":"post_tag","embeddable":true,"href":"https:\/\/1005.com.ar\/index.php\/wp-json\/wp\/v2\/tags?post=2020"}],"curies":[{"name":"wp","href":"https:\/\/api.w.org\/{rel}","templated":true}]}}