{"id":1977,"date":"2021-04-29T11:15:14","date_gmt":"2021-04-29T14:15:14","guid":{"rendered":"https:\/\/1005.com.ar\/?p=1977"},"modified":"2021-04-29T11:15:16","modified_gmt":"2021-04-29T14:15:16","slug":"la-nina-disaster-girl-gano-casi-medio-millon-de-dolares-por-su-meme","status":"publish","type":"post","link":"https:\/\/1005.com.ar\/index.php\/2021\/04\/29\/la-nina-disaster-girl-gano-casi-medio-millon-de-dolares-por-su-meme\/","title":{"rendered":"La ni\u00f1a \u00abDisaster Girl\u00bb gan\u00f3 casi medio mill\u00f3n de d\u00f3lares por su meme"},"content":{"rendered":"\n<p>La imagen de una ni\u00f1a con expresi\u00f3n perversa delante de una casa en llamas es uno de los memes m\u00e1s populares de los \u00faltimos tiempos. La protagonista de esa foto, tomada por su padre en 2005, decidi\u00f3 sacarle jugo a su momento de fama y&nbsp;<strong>vendi\u00f3 la imagen original como un NFT&nbsp;<\/strong>(Non-Fungible Tokens), un activo digital que la acredita como due\u00f1a de la obra. Gracias a esa operaci\u00f3n, la joven&nbsp;<strong>ha recaudado un total de casi medio mill\u00f3n de d\u00f3lares.<\/strong><\/p>\n\n\n\n<p><strong>Zoe Roth<\/strong>, m\u00e1s conocida como&nbsp;<strong>\u00abDisaster Girl\u00bb<\/strong>, tiene ahora 21 a\u00f1os y est\u00e1 cursando su \u00faltimo curso en la universidad. Gracias al consejo de otros&nbsp;famosos protagonistas de memes, como Laina Morris, conocida como la \u00abnovia psic\u00f3pata\u00bb, que vendi\u00f3 su m\u00edtico meme como NFT por 400 d\u00f3lares,&nbsp;<strong>Roth tom\u00f3 la decisi\u00f3n de subastar la imagen original, que finalmente alcanz\u00f3 una m\u00e1xima puja por 180 Ether<\/strong>&nbsp;(una criptomoneda que representa unos 388.000 euros aproximadamente).&nbsp;<\/p>\n\n\n\n<p>Para obtener el mayor r\u00e9dito posible, la joven y su padre consultaron un abogado. Fue entonces cuando decidieron vender la fotograf\u00eda original sin que ello representara una p\u00e9rdida completa, ya que&nbsp;<strong>la NFT ha sido codificada de tal manera que Roth conservar\u00e1 los derechos de autor y recibir\u00e1 el 10% cada vez que se vuelva a vender<\/strong>.<\/p>\n\n\n\n<p>\u00abPoder venderlo simplemente nos demuestra que mantenemos un poco de control en todo el proceso\u00bb, asegur\u00f3 la joven al portal Raleigh News and Observer, donde cont\u00f3 que planea dividir el dinero con su familia y donar una parte a distintas ONG. \u201cNadie que sea un meme ha intentado que su futuro sea as\u00ed, simplemente sucede. \u00bfPor suerte? \u00bfPor culpa del destino? No tengo ni idea, pero lo acept\u00e9\u201d, agreg\u00f3.<\/p>\n\n\n\n<h2 class=\"wp-block-heading\">Qu\u00e9 es un NFT<\/h2>\n\n\n\n<p>Un<strong>&nbsp;token no fungible<\/strong>&nbsp;o NTF es un<strong>&nbsp;tipo especial de token criptogr\u00e1fico que representa algo \u00fanico<\/strong>. En el mundo del arte digital, la venta de NTF estuvo en crecimiento en los \u00faltimos meses,&nbsp;debido a su capacidad de proporcionar prueba de autenticidad y propiedad de la obra, que de otra manera tendr\u00eda que lidiar con la posibilidad de reproducci\u00f3n masiva y distribuci\u00f3n no autorizada a trav\u00e9s del internet.<\/p>\n","protected":false},"excerpt":{"rendered":"<p>La imagen de una ni\u00f1a con expresi\u00f3n perversa delante de una casa en llamas es uno de los memes m\u00e1s<\/p>\n","protected":false},"author":3,"featured_media":1978,"comment_status":"open","ping_status":"closed","sticky":false,"template":"","format":"standard","meta":{"jetpack_post_was_ever_published":false,"_jetpack_newsletter_access":"","_jetpack_dont_email_post_to_subs":false,"_jetpack_newsletter_tier_id":0,"_jetpack_memberships_contains_paywalled_content":false,"_jetpack_memberships_contains_paid_content":false,"footnotes":"","jetpack_publicize_message":"","jetpack_publicize_feature_enabled":true,"jetpack_social_post_already_shared":true,"jetpack_social_options":{"image_generator_settings":{"template":"highway","default_image_id":0,"font":"","enabled":false},"version":2}},"categories":[1],"tags":[],"class_list":["post-1977","post","type-post","status-publish","format-standard","has-post-thumbnail","hentry","category-sin-categoria"],"jetpack_publicize_connections":[],"jetpack_featured_media_url":"https:\/\/1005.com.ar\/wp-content\/uploads\/2021\/04\/descarga-10.jpg","jetpack-related-posts":[{"id":3098,"url":"https:\/\/1005.com.ar\/index.php\/2022\/07\/11\/minions-nace-un-villano-la-gran-favorita-del-publico-argentino\/","url_meta":{"origin":1977,"position":0},"title":"\u201cMinions: Nace un villano\u201d, la gran favorita del p\u00fablico argentino","author":"Julieta Di Rocco","date":"julio 11, 2022","format":false,"excerpt":"La pel\u00edcula protagonizada por las criaturas amarillas vendi\u00f3 m\u00e1s de medio mill\u00f3n de entradas en 508 pantallas, completando un total de 1.462.040 de tickets desde su estreno. El segundo lugar fue para \"Thor: amor y trueno\" y el tercero para \"Lightyear\". https:\/\/www.telam.com.ar\/notas\/202207\/598167-minions-nace-un-villano-taquilla.html","rel":"","context":"En \u00abSin categor\u00eda\u00bb","block_context":{"text":"Sin categor\u00eda","link":"https:\/\/1005.com.ar\/index.php\/category\/sin-categoria\/"},"img":{"alt_text":"","src":"https:\/\/i0.wp.com\/1005.com.ar\/wp-content\/uploads\/2022\/07\/62c316ea296ee_900.jpg?resize=350%2C200&ssl=1","width":350,"height":200,"srcset":"https:\/\/i0.wp.com\/1005.com.ar\/wp-content\/uploads\/2022\/07\/62c316ea296ee_900.jpg?resize=350%2C200&ssl=1 1x, https:\/\/i0.wp.com\/1005.com.ar\/wp-content\/uploads\/2022\/07\/62c316ea296ee_900.jpg?resize=525%2C300&ssl=1 1.5x, https:\/\/i0.wp.com\/1005.com.ar\/wp-content\/uploads\/2022\/07\/62c316ea296ee_900.jpg?resize=700%2C400&ssl=1 2x"},"classes":[]},{"id":2149,"url":"https:\/\/1005.com.ar\/index.php\/2021\/07\/11\/futbol-una-palabra-vale-mas-que-mil-imagenes\/","url_meta":{"origin":1977,"position":1},"title":"F\u00fatbol: una palabra vale m\u00e1s que mil im\u00e1genes","author":"Radio Music","date":"julio 11, 2021","format":false,"excerpt":"En el contexto de la consagraci\u00f3n de la Selecci\u00f3n Argentina en la Copa Am\u00e9rica, una palabra vale m\u00e1s que mil im\u00e1genes: Messi. O tal vez, F\u00fatbol sea esa palabra. Pero la noche del Maracan\u00e1 nos dej\u00f3 un mont\u00f3n de im\u00e1genes inolvidables. Es verdaderamente muy dif\u00edcil elegir. No olvidaremos el mano\u2026","rel":"","context":"En \u00abSin categor\u00eda\u00bb","block_context":{"text":"Sin categor\u00eda","link":"https:\/\/1005.com.ar\/index.php\/category\/sin-categoria\/"},"img":{"alt_text":"","src":"","width":0,"height":0},"classes":[]},{"id":1674,"url":"https:\/\/1005.com.ar\/index.php\/2021\/02\/28\/el-fmigate-y-los-dolares-vip\/","url_meta":{"origin":1977,"position":2},"title":"El FMIgate y los d\u00f3lares VIP","author":"Radio Music","date":"febrero 28, 2021","format":false,"excerpt":"La complejidad de la negociaci\u00f3n con el Fondo Monetario Internacional de un cr\u00e9dito pol\u00edtico opaco e irregular","rel":"","context":"En \u00abSin categor\u00eda\u00bb","block_context":{"text":"Sin categor\u00eda","link":"https:\/\/1005.com.ar\/index.php\/category\/sin-categoria\/"},"img":{"alt_text":"","src":"https:\/\/i0.wp.com\/1005.com.ar\/wp-content\/uploads\/2021\/02\/el-expresidente-mauricio-macri-junto-la-exdirectora-gerente-del-fmi-christine-lagarde-un-evento-organizado-el-atlantic-council-imagen-archivo.jpg?resize=350%2C200&ssl=1","width":350,"height":200,"srcset":"https:\/\/i0.wp.com\/1005.com.ar\/wp-content\/uploads\/2021\/02\/el-expresidente-mauricio-macri-junto-la-exdirectora-gerente-del-fmi-christine-lagarde-un-evento-organizado-el-atlantic-council-imagen-archivo.jpg?resize=350%2C200&ssl=1 1x, https:\/\/i0.wp.com\/1005.com.ar\/wp-content\/uploads\/2021\/02\/el-expresidente-mauricio-macri-junto-la-exdirectora-gerente-del-fmi-christine-lagarde-un-evento-organizado-el-atlantic-council-imagen-archivo.jpg?resize=525%2C300&ssl=1 1.5x, https:\/\/i0.wp.com\/1005.com.ar\/wp-content\/uploads\/2021\/02\/el-expresidente-mauricio-macri-junto-la-exdirectora-gerente-del-fmi-christine-lagarde-un-evento-organizado-el-atlantic-council-imagen-archivo.jpg?resize=700%2C400&ssl=1 2x, https:\/\/i0.wp.com\/1005.com.ar\/wp-content\/uploads\/2021\/02\/el-expresidente-mauricio-macri-junto-la-exdirectora-gerente-del-fmi-christine-lagarde-un-evento-organizado-el-atlantic-council-imagen-archivo.jpg?resize=1050%2C600&ssl=1 3x"},"classes":[]},{"id":2868,"url":"https:\/\/1005.com.ar\/index.php\/2022\/05\/04\/murio-kailia-posey-la-nina-protagonista-de-un-famoso-meme\/","url_meta":{"origin":1977,"position":3},"title":"Muri\u00f3 Kailia Posey, la ni\u00f1a protagonista de un famoso meme","author":"Julieta Di Rocco","date":"mayo 4, 2022","format":false,"excerpt":"Kailia Posey, la joven estadounidense participante de concursos de belleza y\u00a0protagonista de uno de los memes m\u00e1s famosos de Internet,\u00a0muri\u00f3\u00a0este lunes\u00a0a los 16 a\u00f1os, inform\u00f3 su madre. https:\/\/www.pagina12.com.ar\/419399-murio-kailia-posey-la-nina-protagonista-de-un-famoso-meme","rel":"","context":"En \u00abSin categor\u00eda\u00bb","block_context":{"text":"Sin categor\u00eda","link":"https:\/\/1005.com.ar\/index.php\/category\/sin-categoria\/"},"img":{"alt_text":"","src":"https:\/\/i0.wp.com\/1005.com.ar\/wp-content\/uploads\/2022\/05\/515375-sin-20t-c3-adtulo-1-0.jpg?resize=350%2C200&ssl=1","width":350,"height":200,"srcset":"https:\/\/i0.wp.com\/1005.com.ar\/wp-content\/uploads\/2022\/05\/515375-sin-20t-c3-adtulo-1-0.jpg?resize=350%2C200&ssl=1 1x, https:\/\/i0.wp.com\/1005.com.ar\/wp-content\/uploads\/2022\/05\/515375-sin-20t-c3-adtulo-1-0.jpg?resize=525%2C300&ssl=1 1.5x, https:\/\/i0.wp.com\/1005.com.ar\/wp-content\/uploads\/2022\/05\/515375-sin-20t-c3-adtulo-1-0.jpg?resize=700%2C400&ssl=1 2x"},"classes":[]},{"id":1282,"url":"https:\/\/1005.com.ar\/index.php\/2021\/01\/26\/los-dos-juveniles-que-blindo-river-por-varios-millones-de-dolares-uno-ya-debuto-bajo-el-ala-de-marcelo-gallardo\/","url_meta":{"origin":1977,"position":4},"title":"Los dos juveniles que blind\u00f3 River por varios millones de d\u00f3lares: uno ya debut\u00f3 bajo el ala de Marcelo Gallardo","author":"Radio Music","date":"enero 26, 2021","format":false,"excerpt":"El proyecto del conjunto Millonario avanza a paso firme y la dirigencia decidi\u00f3 resguardarse a dos prometedores canteranos","rel":"","context":"En \u00abSin categor\u00eda\u00bb","block_context":{"text":"Sin categor\u00eda","link":"https:\/\/1005.com.ar\/index.php\/category\/sin-categoria\/"},"img":{"alt_text":"","src":"https:\/\/i0.wp.com\/1005.com.ar\/wp-content\/uploads\/2021\/01\/EGPSRWNZDVCHHITD4VNTJPSFUQ.jpg?resize=350%2C200&ssl=1","width":350,"height":200,"srcset":"https:\/\/i0.wp.com\/1005.com.ar\/wp-content\/uploads\/2021\/01\/EGPSRWNZDVCHHITD4VNTJPSFUQ.jpg?resize=350%2C200&ssl=1 1x, https:\/\/i0.wp.com\/1005.com.ar\/wp-content\/uploads\/2021\/01\/EGPSRWNZDVCHHITD4VNTJPSFUQ.jpg?resize=525%2C300&ssl=1 1.5x, https:\/\/i0.wp.com\/1005.com.ar\/wp-content\/uploads\/2021\/01\/EGPSRWNZDVCHHITD4VNTJPSFUQ.jpg?resize=700%2C400&ssl=1 2x"},"classes":[]},{"id":1482,"url":"https:\/\/1005.com.ar\/index.php\/2021\/02\/06\/insolito-uso-de-una-prueba-de-daltonismo-de-parte-del-pro\/","url_meta":{"origin":1977,"position":5},"title":"Ins\u00f3lito uso de una prueba de daltonismo de parte del PRO","author":"Radio Music","date":"febrero 6, 2021","format":false,"excerpt":"Contin\u00faa la cruzada de la oposici\u00f3n por la apertura de los colegios","rel":"","context":"En \u00abSin categor\u00eda\u00bb","block_context":{"text":"Sin categor\u00eda","link":"https:\/\/1005.com.ar\/index.php\/category\/sin-categoria\/"},"img":{"alt_text":"","src":"","width":0,"height":0},"classes":[]}],"jetpack_likes_enabled":true,"jetpack_sharing_enabled":true,"_links":{"self":[{"href":"https:\/\/1005.com.ar\/index.php\/wp-json\/wp\/v2\/posts\/1977","targetHints":{"allow":["GET"]}}],"collection":[{"href":"https:\/\/1005.com.ar\/index.php\/wp-json\/wp\/v2\/posts"}],"about":[{"href":"https:\/\/1005.com.ar\/index.php\/wp-json\/wp\/v2\/types\/post"}],"author":[{"embeddable":true,"href":"https:\/\/1005.com.ar\/index.php\/wp-json\/wp\/v2\/users\/3"}],"replies":[{"embeddable":true,"href":"https:\/\/1005.com.ar\/index.php\/wp-json\/wp\/v2\/comments?post=1977"}],"version-history":[{"count":0,"href":"https:\/\/1005.com.ar\/index.php\/wp-json\/wp\/v2\/posts\/1977\/revisions"}],"wp:featuredmedia":[{"embeddable":true,"href":"https:\/\/1005.com.ar\/index.php\/wp-json\/wp\/v2\/media\/1978"}],"wp:attachment":[{"href":"https:\/\/1005.com.ar\/index.php\/wp-json\/wp\/v2\/media?parent=1977"}],"wp:term":[{"taxonomy":"category","embeddable":true,"href":"https:\/\/1005.com.ar\/index.php\/wp-json\/wp\/v2\/categories?post=1977"},{"taxonomy":"post_tag","embeddable":true,"href":"https:\/\/1005.com.ar\/index.php\/wp-json\/wp\/v2\/tags?post=1977"}],"curies":[{"name":"wp","href":"https:\/\/api.w.org\/{rel}","templated":true}]}}