{"id":1956,"date":"2021-04-24T12:15:47","date_gmt":"2021-04-24T15:15:47","guid":{"rendered":"https:\/\/1005.com.ar\/?p=1956"},"modified":"2021-04-24T12:15:48","modified_gmt":"2021-04-24T15:15:48","slug":"el-presidente-analizo-con-kicillof-la-situacion-en-el-amba","status":"publish","type":"post","link":"https:\/\/1005.com.ar\/index.php\/2021\/04\/24\/el-presidente-analizo-con-kicillof-la-situacion-en-el-amba\/","title":{"rendered":"El Presidente analiz\u00f3 con Kicillof la situaci\u00f3n en el AMBA"},"content":{"rendered":"\n<p>Con la noticia de un nuevo&nbsp;<a href=\"https:\/\/www.pagina12.com.ar\/337539-coronavirus-se-registraron-557-muertos-y-27-884-nuevos-conta\">r\u00e9cord de muertos<\/a>&nbsp;por las pandemia de Covid-19 y tras la primera semana de restricciones, el presidente Alberto Fern\u00e1ndez se reuni\u00f3 esta tarde con el gobernador bonaerense, Axel Kicillof, para analizar el cuadro epidemiol\u00f3gico del \u00c1rea Metropolitana de Buenos Aires (AMBA).&nbsp;<\/p>\n\n\n\n<p>De acuerdo con lo informado, el jefe de Estado recibi\u00f3 al gobernador en su despacho de la Casa de Gobierno y juntos analizaron la situaci\u00f3n sanitaria en la provincia de Buenos Aires, que hoy registr\u00f3 14.233 casos positivos de coronavirus.<\/p>\n\n\n\n<p>Desde el inicio de la segunda ola de contagios, los casos de coronavirus han crecido en forma exponencial, poniendo en riesgo la capacidad del sistema sanitario para dar respuesta a la demanda de camas de terapia intensiva.<br><br>En la Provincia, la edad promedio de los internados (1821 personas en la v\u00edspera) en cuidados intensivos es de 61 a\u00f1os, de los cuales 851 -casi la mitad- tienen menos de esa edad, seg\u00fan precis\u00f3 hoy el propio Kicillof a trav\u00e9s de las redes sociales.<br><br>El gobernador llam\u00f3 a \u00abcuidarse\u00bb porque \u00abcon ser joven no alcanza para salvarse de tener la enfermedad en su forma m\u00e1s grave\u00bb.<br><br>Record\u00f3 que \u00aben la Argentina ya se acumulan 2.796.768 casos registrados y se contabilizan 60.620 fallecidos\u00bb y critic\u00f3 a la oposici\u00f3n por \u00abburlarse de estos datos\u00bb porque \u00abcontribuye a negar la situaci\u00f3n angustiosa, dram\u00e1tica, que como pueblo estamos transitando\u00bb.<\/p>\n\n\n\n<p>Uno de los temas de la reuni\u00f3n gir\u00f3 en torno al deterioro del di\u00e1logo con el gobierno porte\u00f1o y la&nbsp;<a href=\"https:\/\/www.pagina12.com.ar\/337438-denuncia-del-ministerio-de-seguridad-al-desacato-el-gobierno\">desobediencia de las restricciones y los controles en la Ciudad<\/a>.&nbsp;<\/p>\n\n\n\n<p>De la reuni\u00f3n para analizar los n\u00fameros epidemiol\u00f3gicos, la efectividad de las medidas y su continuidad tras el 30 de abril, participaron tambi\u00e9n el jefe de Gabinete bonaerense, Carlos Bianco, y su par nacional, Santiago Cafiero, y el viceministro de Salud de la provincia, Nicol\u00e1s Kreplak.<\/p>\n\n\n\n<p>Antes de entrar al encuentro con el presidente, Kicillof critic\u00f3 a quienes llaman a \u00abrebelarse\u00bb contra las restricciones dispuestas por el Gobierno nacional y puso de relieve que son las mismas que \u00abse adoptan en todo el mundo y que recomiendan todos los especialistas\u00bb.&nbsp;<\/p>\n\n\n\n<p>\u00abEn ning\u00fan pa\u00eds del mundo el principal partido de oposici\u00f3n actu\u00f3 de manera tan destructiva, boicoteando medidas de cuidado\u00bb, denunci\u00f3 en referencia a la actitud de Juntos por el Cambio.&nbsp;<\/p>\n\n\n\n<p>\u00abNo miran lo que est\u00e1 ocurriendo en el mundo, lo que ocurri\u00f3 en la segunda ola en pa\u00edses europeos como Alemania, Francia, Espa\u00f1a, en pa\u00edses vecinos como Uruguay, Chile\u00bb, lament\u00f3 Kicillof en la localidad bonaerense de San Vicente, donde encabez\u00f3 un acto de adjudicaci\u00f3n de obras en el marco del Plan Federal de Construcci\u00f3n de Escuelas de Nivel Inicial, junto al el ministro de Educaci\u00f3n nacional, Nicol\u00e1s Trotta.<\/p>\n\n\n\n<p>Kicillof reconoci\u00f3 que \u00aba nadie le gusta\u00bb tomar ese tipo de medidas, \u00abpero cuando aumenta la cantidad de contagios despu\u00e9s aumentan los internados y lamentablemente como estamos viendo, aumenta la cantidad de muertos\u00bb.<\/p>\n\n\n\n<p>Tras recordar la reuni\u00f3n que mantuvo d\u00edas atr\u00e1s con empresas de salud privadas, el gobernador subray\u00f3 que tanto en la Ciudad de Buenos Aires como en la Provincia al sistema \u00abno le quedan camas\u00bb, y que si bien \u00abse pueden desocupar algunas, el sistema privado de salud est\u00e1 al l\u00edmite y eso es algo grave que no se puede ocultar\u00bb.<\/p>\n\n\n\n<p>\u00abCuanto m\u00e1s contagios m\u00e1s enfermos y m\u00e1s fallecimientos. Esto hay que explicarlo una y mil veces porque parece que hay gente que insiste en negar la gravedad de lo que pasa y hasta parece que nos quieren acusar de querer estar metiendo miedo o asustando. Es la situaci\u00f3n que tenemos\u00bb, sentenci\u00f3.<\/p>\n\n\n\n<p><a href=\"https:\/\/www.pagina12.com.ar\/337566-el-presidente-analizo-con-kicillof-la-situacion-en-el-amba\">https:\/\/www.pagina12.com.ar\/337566-el-presidente-analizo-con-kicillof-la-situacion-en-el-amba<\/a><\/p>\n","protected":false},"excerpt":{"rendered":"<p>Con la noticia de un nuevo&nbsp;r\u00e9cord de muertos&nbsp;por las pandemia de Covid-19 y tras la primera semana de restricciones, el<\/p>\n","protected":false},"author":3,"featured_media":1957,"comment_status":"open","ping_status":"closed","sticky":false,"template":"","format":"standard","meta":{"jetpack_post_was_ever_published":false,"_jetpack_newsletter_access":"","_jetpack_dont_email_post_to_subs":false,"_jetpack_newsletter_tier_id":0,"_jetpack_memberships_contains_paywalled_content":false,"_jetpack_memberships_contains_paid_content":false,"footnotes":"","jetpack_publicize_message":"","jetpack_publicize_feature_enabled":true,"jetpack_social_post_already_shared":true,"jetpack_social_options":{"image_generator_settings":{"template":"highway","default_image_id":0,"font":"","enabled":false},"version":2}},"categories":[1],"tags":[],"class_list":["post-1956","post","type-post","status-publish","format-standard","has-post-thumbnail","hentry","category-sin-categoria"],"jetpack_publicize_connections":[],"jetpack_featured_media_url":"https:\/\/1005.com.ar\/wp-content\/uploads\/2021\/04\/t20.jpg","jetpack-related-posts":[{"id":5324,"url":"https:\/\/1005.com.ar\/index.php\/2024\/07\/09\/buenos-aires-la-ggran-ausente-en-el-pacto-de-mayo-que-dijo-el-gobernador-axel-kicillof\/","url_meta":{"origin":1956,"position":0},"title":"Buenos Aires, la ggran ausente en el Pacto de Mayo, Qu\u00e9 dijo el gobernador Axel Kicillof","author":"Julieta Di Rocco","date":"julio 9, 2024","format":false,"excerpt":"https:\/\/www.eldia.com\/nota\/2024-7-9-8-35-0-buenos-aires-la-gran-ausente-en-el-pacto-de-mayo-que-dijo-el-gobernador-axel-kicillof-politica-y-economia","rel":"","context":"En \u00abSin categor\u00eda\u00bb","block_context":{"text":"Sin categor\u00eda","link":"https:\/\/1005.com.ar\/index.php\/category\/sin-categoria\/"},"img":{"alt_text":"","src":"https:\/\/i0.wp.com\/1005.com.ar\/wp-content\/uploads\/2024\/07\/1720525133266.jpg?resize=350%2C200&ssl=1","width":350,"height":200,"srcset":"https:\/\/i0.wp.com\/1005.com.ar\/wp-content\/uploads\/2024\/07\/1720525133266.jpg?resize=350%2C200&ssl=1 1x, https:\/\/i0.wp.com\/1005.com.ar\/wp-content\/uploads\/2024\/07\/1720525133266.jpg?resize=525%2C300&ssl=1 1.5x, https:\/\/i0.wp.com\/1005.com.ar\/wp-content\/uploads\/2024\/07\/1720525133266.jpg?resize=700%2C400&ssl=1 2x, https:\/\/i0.wp.com\/1005.com.ar\/wp-content\/uploads\/2024\/07\/1720525133266.jpg?resize=1050%2C600&ssl=1 3x, https:\/\/i0.wp.com\/1005.com.ar\/wp-content\/uploads\/2024\/07\/1720525133266.jpg?resize=1400%2C800&ssl=1 4x"},"classes":[]},{"id":1983,"url":"https:\/\/1005.com.ar\/index.php\/2021\/04\/29\/kicillof-aseguro-que-la-provincia-esta-cerca-de-alcanzar-el-primer-hito-de-la-campana-de-vacunacion\/","url_meta":{"origin":1956,"position":1},"title":"Kicillof asegur\u00f3 que la provincia est\u00e1 cerca de alcanzar el primer hito de la campa\u00f1a de vacunaci\u00f3n","author":"Radio Music","date":"abril 29, 2021","format":false,"excerpt":"El gobernador bonaerense, Axel Kicillof, afirm\u00f3 hoy que la provincia de Buenos Aires est\u00e1 \"cada vez m\u00e1s cerca\" de alcanzar el primer hito en el plan de vacunaci\u00f3n contra el coronavirus. \"Estamos cada vez m\u00e1s cerca de alcanzar el primer hito en el plan #BuenosAiresVacunate\", poste\u00f3 el mandatario en redes\u2026","rel":"","context":"En \u00abSin categor\u00eda\u00bb","block_context":{"text":"Sin categor\u00eda","link":"https:\/\/1005.com.ar\/index.php\/category\/sin-categoria\/"},"img":{"alt_text":"","src":"https:\/\/i0.wp.com\/1005.com.ar\/wp-content\/uploads\/2021\/04\/0000395321.jpg?resize=350%2C200&ssl=1","width":350,"height":200,"srcset":"https:\/\/i0.wp.com\/1005.com.ar\/wp-content\/uploads\/2021\/04\/0000395321.jpg?resize=350%2C200&ssl=1 1x, https:\/\/i0.wp.com\/1005.com.ar\/wp-content\/uploads\/2021\/04\/0000395321.jpg?resize=525%2C300&ssl=1 1.5x, https:\/\/i0.wp.com\/1005.com.ar\/wp-content\/uploads\/2021\/04\/0000395321.jpg?resize=700%2C400&ssl=1 2x, https:\/\/i0.wp.com\/1005.com.ar\/wp-content\/uploads\/2021\/04\/0000395321.jpg?resize=1050%2C600&ssl=1 3x, https:\/\/i0.wp.com\/1005.com.ar\/wp-content\/uploads\/2021\/04\/0000395321.jpg?resize=1400%2C800&ssl=1 4x"},"classes":[]},{"id":1225,"url":"https:\/\/1005.com.ar\/index.php\/2021\/01\/24\/axel-kicillof-militar-contra-las-vacunas-es-muy-miserable\/","url_meta":{"origin":1956,"position":2},"title":"Axel Kicillof: \u00abMilitar contra las vacunas es muy miserable\u00bb","author":"Radio Music","date":"enero 24, 2021","format":false,"excerpt":"El gobernador detalla el regreso a clases y la log\u00edstica de vacunaci\u00f3n en la provincia","rel":"","context":"En \u00abSin categor\u00eda\u00bb","block_context":{"text":"Sin categor\u00eda","link":"https:\/\/1005.com.ar\/index.php\/category\/sin-categoria\/"},"img":{"alt_text":"","src":"https:\/\/i0.wp.com\/1005.com.ar\/wp-content\/uploads\/2021\/01\/axel_kicillof_portada_1.jpg_1359985867.jpg?resize=350%2C200&ssl=1","width":350,"height":200},"classes":[]},{"id":2047,"url":"https:\/\/1005.com.ar\/index.php\/2021\/06\/04\/vacunas-la-provincia-de-buenos-aires-firmo-un-contrato-con-bharat-biotech\/","url_meta":{"origin":1956,"position":3},"title":"Vacunas: la provincia de Buenos Aires firm\u00f3 un contrato con Bharat Biotech","author":"Radio Music","date":"junio 4, 2021","format":false,"excerpt":"Se trata de un acuerdo\u00a0\"complementario\" a los que firm\u00f3 el Gobierno nacional. Daniel Gollan explic\u00f3 que la vacuna del laboratorio indio tiene una eficacia del 82 por ciento y \"se mantiene a altas temperaturas durante muchos d\u00edas\". A\u00fan debe ser aprobada por la ANMAT. El gobierno de la\u00a0provincia de Buenos\u2026","rel":"","context":"En \u00abSin categor\u00eda\u00bb","block_context":{"text":"Sin categor\u00eda","link":"https:\/\/1005.com.ar\/index.php\/category\/sin-categoria\/"},"img":{"alt_text":"","src":"","width":0,"height":0},"classes":[]},{"id":4419,"url":"https:\/\/1005.com.ar\/index.php\/2023\/10\/20\/kicillof-piparo-y-el-fit-cerraron-en-la-plata\/","url_meta":{"origin":1956,"position":4},"title":"Kicillof, P\u00edparo y el FIT cerraron en La Plata","author":"Julieta Di Rocco","date":"octubre 20, 2023","format":false,"excerpt":"Termin\u00f3 la campa\u00f1a en la Provincia de Buenos Aires https:\/\/www.pagina12.com.ar\/600067-kicillof-piparo-y-el-fit-cerraron-en-la-plata","rel":"","context":"En \u00abSin categor\u00eda\u00bb","block_context":{"text":"Sin categor\u00eda","link":"https:\/\/1005.com.ar\/index.php\/category\/sin-categoria\/"},"img":{"alt_text":"","src":"https:\/\/i0.wp.com\/1005.com.ar\/wp-content\/uploads\/2023\/10\/780159-3-a.jpg?resize=350%2C200&ssl=1","width":350,"height":200,"srcset":"https:\/\/i0.wp.com\/1005.com.ar\/wp-content\/uploads\/2023\/10\/780159-3-a.jpg?resize=350%2C200&ssl=1 1x, https:\/\/i0.wp.com\/1005.com.ar\/wp-content\/uploads\/2023\/10\/780159-3-a.jpg?resize=525%2C300&ssl=1 1.5x, https:\/\/i0.wp.com\/1005.com.ar\/wp-content\/uploads\/2023\/10\/780159-3-a.jpg?resize=700%2C400&ssl=1 2x"},"classes":[]},{"id":1624,"url":"https:\/\/1005.com.ar\/index.php\/2021\/02\/23\/axel-kicillof-cuando-me-vacune-era-un-loco-suicida-ahora-soy-un-vacunado-vip\/","url_meta":{"origin":1956,"position":5},"title":"Axel Kicillof; \u00abCuando me vacun\u00e9 era un &#8216;loco suicida&#8217;, ahora soy un vacunado VIP\u00bb","author":"Radio Music","date":"febrero 23, 2021","format":false,"excerpt":"Fuertes cr\u00edticas a la oposici\u00f3n medi\u00e1tica y pol\u00edtica","rel":"","context":"En \u00abSin categor\u00eda\u00bb","block_context":{"text":"Sin categor\u00eda","link":"https:\/\/1005.com.ar\/index.php\/category\/sin-categoria\/"},"img":{"alt_text":"","src":"","width":0,"height":0},"classes":[]}],"jetpack_likes_enabled":true,"jetpack_sharing_enabled":true,"_links":{"self":[{"href":"https:\/\/1005.com.ar\/index.php\/wp-json\/wp\/v2\/posts\/1956","targetHints":{"allow":["GET"]}}],"collection":[{"href":"https:\/\/1005.com.ar\/index.php\/wp-json\/wp\/v2\/posts"}],"about":[{"href":"https:\/\/1005.com.ar\/index.php\/wp-json\/wp\/v2\/types\/post"}],"author":[{"embeddable":true,"href":"https:\/\/1005.com.ar\/index.php\/wp-json\/wp\/v2\/users\/3"}],"replies":[{"embeddable":true,"href":"https:\/\/1005.com.ar\/index.php\/wp-json\/wp\/v2\/comments?post=1956"}],"version-history":[{"count":0,"href":"https:\/\/1005.com.ar\/index.php\/wp-json\/wp\/v2\/posts\/1956\/revisions"}],"wp:featuredmedia":[{"embeddable":true,"href":"https:\/\/1005.com.ar\/index.php\/wp-json\/wp\/v2\/media\/1957"}],"wp:attachment":[{"href":"https:\/\/1005.com.ar\/index.php\/wp-json\/wp\/v2\/media?parent=1956"}],"wp:term":[{"taxonomy":"category","embeddable":true,"href":"https:\/\/1005.com.ar\/index.php\/wp-json\/wp\/v2\/categories?post=1956"},{"taxonomy":"post_tag","embeddable":true,"href":"https:\/\/1005.com.ar\/index.php\/wp-json\/wp\/v2\/tags?post=1956"}],"curies":[{"name":"wp","href":"https:\/\/api.w.org\/{rel}","templated":true}]}}