{"id":1909,"date":"2021-04-01T12:46:34","date_gmt":"2021-04-01T15:46:34","guid":{"rendered":"https:\/\/1005.com.ar\/?p=1909"},"modified":"2021-04-01T12:46:35","modified_gmt":"2021-04-01T15:46:35","slug":"seran-1042-los-y-las-saladillenses-que-dejen-de-pagar-el-impuesto","status":"publish","type":"post","link":"https:\/\/1005.com.ar\/index.php\/2021\/04\/01\/seran-1042-los-y-las-saladillenses-que-dejen-de-pagar-el-impuesto\/","title":{"rendered":"Ser\u00e1n 1042 los y las saladillenses que dejen de pagar el impuesto"},"content":{"rendered":"\n<p>Con un amplio respaldo pol\u00edtico, la c\u00e1mara de Diputados de la naci\u00f3n le dio media sanci\u00f3n a la reforma del pol\u00e9mico impuesto a las ganancias. El proyecto impulsado por Sergio Massa y que tendr\u00e1 un impacto positivo inmediato en nuestra ciudad, se aprob\u00f3 por 241 votos portados por el Frente de Todos, Juntos por el Cambio, Interbloque Federal, Unidad para el Desarrollo, Acci\u00f3n Federal y el Movimiento Popular Neuquino.<\/p>\n\n\n\n<p>La media sanci\u00f3n que recibi\u00f3 la reforma del impuesto a las ganancias el pasado s\u00e1bado es una muy buena noticia para Saladillo, ya que, de aprobarse este proyecto, ser\u00e1n 1042 los y las saladillenses que dejen de pagar dicho impuesto.<\/p>\n\n\n\n<p>El pol\u00e9mico impuesto que empez\u00f3 a mermar fuertemente los ingresos de los trabajadores durante el gobierno de Fernando De la R\u00faa y que lleg\u00f3 a su pico m\u00e1ximo en el mandato del ex presidente Macri (en donde se duplic\u00f3 el n\u00famero de trabajadores afectados) parece estar llegando a su fin a trav\u00e9s de la presentaci\u00f3n de Sergio Massa, quien propuso subir el piso de quienes deben pagarlo, a aquellos trabajadores y trabajadoras que perciban un salario mayor a $150 mil. De esta manera, llegar\u00e1 un gran alivio al bolsillo de millones de argentinos y argentinas si es que finalmente consigue la aprobaci\u00f3n de la c\u00e1mara alta en el Congreso Nacional.<\/p>\n\n\n\n<p>En Saladillo, hasta el a\u00f1o pasado, eran 1670 personas quienes pagaban este impuesto. A partir de enero de 2021, 1450 es el total de saladillenses que deben pagarlo. Con la reforma que propuso el Presidente de la C\u00e1mara de Diputados de la Naci\u00f3n, ser\u00e1n finalmente 1042 ciudadanos y ciudadanas de nuestra ciudad quienes dejen de pagar el impuesto a las ganancias, lo que significa una reducci\u00f3n del 71,9%. A nivel pa\u00eds, con esta medida se beneficiar\u00e1 a 1.267.000 argentinos y argentinas sobre un total de 2 millones de asalariados que hoy pagan el impuesto<\/p>\n\n\n\n<p>Una de las modificaciones principales, tiene que ver con que los trabajadores que perciban un salario entre $150 mil y $173 mil pagar\u00e1n ganancias, pero AFIP establecer\u00e1 las deducciones para evitar diferencias grandes entre quienes tributan y quienes est\u00e1n exentos.&nbsp;<\/p>\n\n\n\n<p>A continuaci\u00f3n, detallamos algunos de los puntos m\u00e1s sobresalientes:<\/p>\n\n\n\n<p>Trabajadores y trabajadoras que cobran hasta 150 mil pesos brutos no pagar\u00e1n ganancias<\/p>\n\n\n\n<p>Jubilados que perciben hasta ocho jubilaciones m\u00ednimas no pagar\u00e1n impuesto a las ganancias.<\/p>\n\n\n\n<p>La ley tendr\u00e1 vigencia al primero de enero y el Gobierno devolver\u00e1 los descuentos realizados en los primeros meses del a\u00f1o.<\/p>\n\n\n\n<p>El aguinaldo de los sueldos hasta 150 mil pesos brutos no pagar\u00e1 impuesto a las ganancias.<\/p>\n\n\n\n<p>El personal de salud seguir\u00e1 eximido hasta septiembre de pagar impuesto a las ganancias por las guardias u horas extras.<\/p>\n\n\n\n<p>Se permitir\u00e1 la deducci\u00f3n por concubino cualquiera fuera su sexo.<\/p>\n\n\n\n<p>La actualizaci\u00f3n del piso para estar exento de ganancias se ajustar\u00e1 por el RIPTE (promedio de variaci\u00f3n salarial que elabora la de Secretaria de Seguridad Social).<\/p>\n\n\n\n<p><a href=\"https:\/\/www.lasintesis.com.ar\/nota-seran-1042-los-y-las-saladillenses-que-dejen-de-pagar-el-impuesto-110040\">https:\/\/www.lasintesis.com.ar\/nota-seran-1042-los-y-las-saladillenses-que-dejen-de-pagar-el-impuesto-110040<\/a><\/p>\n","protected":false},"excerpt":{"rendered":"<p>Con un amplio respaldo pol\u00edtico, la c\u00e1mara de Diputados de la naci\u00f3n le dio media sanci\u00f3n a la reforma del<\/p>\n","protected":false},"author":3,"featured_media":1910,"comment_status":"open","ping_status":"closed","sticky":false,"template":"","format":"standard","meta":{"jetpack_post_was_ever_published":false,"_jetpack_newsletter_access":"","_jetpack_dont_email_post_to_subs":false,"_jetpack_newsletter_tier_id":0,"_jetpack_memberships_contains_paywalled_content":false,"_jetpack_memberships_contains_paid_content":false,"footnotes":"","jetpack_publicize_message":"","jetpack_publicize_feature_enabled":true,"jetpack_social_post_already_shared":true,"jetpack_social_options":{"image_generator_settings":{"template":"highway","default_image_id":0,"font":"","enabled":false},"version":2}},"categories":[1],"tags":[],"class_list":["post-1909","post","type-post","status-publish","format-standard","has-post-thumbnail","hentry","category-sin-categoria"],"jetpack_publicize_connections":[],"jetpack_featured_media_url":"https:\/\/1005.com.ar\/wp-content\/uploads\/2021\/04\/1617224205.jpeg","jetpack-related-posts":[{"id":1872,"url":"https:\/\/1005.com.ar\/index.php\/2021\/03\/28\/diputados-dio-media-sancion-a-la-modificacion-del-impuesto-a-las-ganancias\/","url_meta":{"origin":1909,"position":0},"title":"Diputados dio media sanci\u00f3n a la modificaci\u00f3n del Impuesto a las Ganancias","author":"Radio Music","date":"marzo 28, 2021","format":false,"excerpt":"Luego de una jornada extensa\u00a0la\u00a0C\u00e1mara de Diputados\u00a0dio media sanci\u00f3n la modifciaci\u00f3n del impuesto a la Ganancias. Desde el Frente de Todos, aseguraban, m\u00e1s all\u00e1 de la demora y del clima tenso que acompa\u00f1\u00f3 el inicio de la sesi\u00f3n, que la iniciativa que eleva el m\u00ednimo no imponible a 150 mil\u2026","rel":"","context":"En \u00abSin categor\u00eda\u00bb","block_context":{"text":"Sin categor\u00eda","link":"https:\/\/1005.com.ar\/index.php\/category\/sin-categoria\/"},"img":{"alt_text":"","src":"","width":0,"height":0},"classes":[]},{"id":1510,"url":"https:\/\/1005.com.ar\/index.php\/2021\/02\/09\/massa-le-puso-fecha-a-la-sancion-de-los-cambios-en-el-impuesto-a-las-ganancias\/","url_meta":{"origin":1909,"position":1},"title":"Massa le puso fecha a la sanci\u00f3n de los cambios en el impuesto a las Ganancias","author":"Radio Music","date":"febrero 9, 2021","format":false,"excerpt":"Explic\u00f3 c\u00f3mo ser\u00e1 el tr\u00e1mite legislativo","rel":"","context":"En \u00abSin categor\u00eda\u00bb","block_context":{"text":"Sin categor\u00eda","link":"https:\/\/1005.com.ar\/index.php\/category\/sin-categoria\/"},"img":{"alt_text":"","src":"https:\/\/i0.wp.com\/1005.com.ar\/wp-content\/uploads\/2021\/02\/139444-massa.jpeg?resize=350%2C200&ssl=1","width":350,"height":200,"srcset":"https:\/\/i0.wp.com\/1005.com.ar\/wp-content\/uploads\/2021\/02\/139444-massa.jpeg?resize=350%2C200&ssl=1 1x, https:\/\/i0.wp.com\/1005.com.ar\/wp-content\/uploads\/2021\/02\/139444-massa.jpeg?resize=525%2C300&ssl=1 1.5x, https:\/\/i0.wp.com\/1005.com.ar\/wp-content\/uploads\/2021\/02\/139444-massa.jpeg?resize=700%2C400&ssl=1 2x"},"classes":[]},{"id":1766,"url":"https:\/\/1005.com.ar\/index.php\/2021\/03\/05\/rebaja-del-impuesto-a-las-ganancias-confirman-el-inicio-del-tratamiento-de-la-ley-en-el-congreso\/","url_meta":{"origin":1909,"position":2},"title":"Rebaja del Impuesto a las Ganancias: confirman el inicio del tratamiento de la ley en el Congreso","author":"Radio Music","date":"marzo 5, 2021","format":false,"excerpt":"El diputado del Frente de Todos, Mario Casaretto, confirm\u00f3 que el pr\u00f3ximo martes se comenzar\u00e1 a tratar en plenario de comisiones el proyecto que establece una rebaja en el Impuesto a las Ganancias. \u201cSe escuchar\u00e1n a Ministros y funcionarios del Gobierno, a representantes del Movimiento Obrero y dem\u00e1s sectores, para\u2026","rel":"","context":"En \u00abSin categor\u00eda\u00bb","block_context":{"text":"Sin categor\u00eda","link":"https:\/\/1005.com.ar\/index.php\/category\/sin-categoria\/"},"img":{"alt_text":"","src":"https:\/\/i0.wp.com\/1005.com.ar\/wp-content\/uploads\/2021\/03\/el-proyecto-comenzara-tratarse-plenario-comisiones.jpeg?resize=350%2C200&ssl=1","width":350,"height":200,"srcset":"https:\/\/i0.wp.com\/1005.com.ar\/wp-content\/uploads\/2021\/03\/el-proyecto-comenzara-tratarse-plenario-comisiones.jpeg?resize=350%2C200&ssl=1 1x, https:\/\/i0.wp.com\/1005.com.ar\/wp-content\/uploads\/2021\/03\/el-proyecto-comenzara-tratarse-plenario-comisiones.jpeg?resize=525%2C300&ssl=1 1.5x"},"classes":[]},{"id":1803,"url":"https:\/\/1005.com.ar\/index.php\/2021\/03\/10\/ganancias-y-jubilados-las-condiciones-y-el-tramite-para-pagar-menos\/","url_meta":{"origin":1909,"position":3},"title":"Ganancias y jubilados: las condiciones y el tr\u00e1mite para pagar menos","author":"Radio Music","date":"marzo 10, 2021","format":false,"excerpt":"Desde 2017 y por una ley aprobada a fines del a\u00f1o previo, los haberes de los jubilados y pensionados tienen\u00a0un tratamiento diferente en el impuesto a las ganancias, respecto del que rige para los salarios\u00a0de los trabajadores activos. Concretamente, no se tributa si el ingreso mensual es de hasta el\u00a0monto\u2026","rel":"","context":"En \u00abSin categor\u00eda\u00bb","block_context":{"text":"Sin categor\u00eda","link":"https:\/\/1005.com.ar\/index.php\/category\/sin-categoria\/"},"img":{"alt_text":"","src":"https:\/\/i0.wp.com\/1005.com.ar\/wp-content\/uploads\/2021\/03\/CQ7VROO5XVF3RFDYWMAY3NW4AI.jpg?resize=350%2C200&ssl=1","width":350,"height":200,"srcset":"https:\/\/i0.wp.com\/1005.com.ar\/wp-content\/uploads\/2021\/03\/CQ7VROO5XVF3RFDYWMAY3NW4AI.jpg?resize=350%2C200&ssl=1 1x, https:\/\/i0.wp.com\/1005.com.ar\/wp-content\/uploads\/2021\/03\/CQ7VROO5XVF3RFDYWMAY3NW4AI.jpg?resize=525%2C300&ssl=1 1.5x, https:\/\/i0.wp.com\/1005.com.ar\/wp-content\/uploads\/2021\/03\/CQ7VROO5XVF3RFDYWMAY3NW4AI.jpg?resize=700%2C400&ssl=1 2x"},"classes":[]},{"id":1362,"url":"https:\/\/1005.com.ar\/index.php\/2021\/01\/29\/el-gobierno-reglamento-el-impuesto-a-la-riqueza-y-la-ley-entro-en-vigencia\/","url_meta":{"origin":1909,"position":4},"title":"El Gobierno reglament\u00f3 el impuesto a la riqueza y la ley entr\u00f3 en vigencia","author":"Radio Music","date":"enero 29, 2021","format":false,"excerpt":"Esperan recaudar $300.000 millones. Prev\u00e9 el cobro por \u00fanica vez de una tasa de entre el 2 y el 3,5% a los patrimonios de las personas f\u00edsicas que hayan declarado m\u00e1s de $200 millones","rel":"","context":"En \u00abSin categor\u00eda\u00bb","block_context":{"text":"Sin categor\u00eda","link":"https:\/\/1005.com.ar\/index.php\/category\/sin-categoria\/"},"img":{"alt_text":"","src":"https:\/\/i0.wp.com\/1005.com.ar\/wp-content\/uploads\/2021\/01\/FR7O6FV6VFDNBE6A6BUSGBUN6E.jpg?resize=350%2C200&ssl=1","width":350,"height":200,"srcset":"https:\/\/i0.wp.com\/1005.com.ar\/wp-content\/uploads\/2021\/01\/FR7O6FV6VFDNBE6A6BUSGBUN6E.jpg?resize=350%2C200&ssl=1 1x, https:\/\/i0.wp.com\/1005.com.ar\/wp-content\/uploads\/2021\/01\/FR7O6FV6VFDNBE6A6BUSGBUN6E.jpg?resize=525%2C300&ssl=1 1.5x, https:\/\/i0.wp.com\/1005.com.ar\/wp-content\/uploads\/2021\/01\/FR7O6FV6VFDNBE6A6BUSGBUN6E.jpg?resize=700%2C400&ssl=1 2x"},"classes":[]},{"id":5536,"url":"https:\/\/1005.com.ar\/index.php\/2024\/12\/22\/desde-el-23-de-diciembre\/","url_meta":{"origin":1909,"position":5},"title":"Desde el 23 de diciembre","author":"Julieta Di Rocco","date":"diciembre 22, 2024","format":false,"excerpt":"Fin del Impuesto PAIS: qu\u00e9 pasar\u00e1 con Netflix y Spotify https:\/\/www.pagina12.com.ar\/791986-fin-del-impuesto-pais-que-pasara-con-netflix-y-spotify","rel":"","context":"En \u00abSin categor\u00eda\u00bb","block_context":{"text":"Sin categor\u00eda","link":"https:\/\/1005.com.ar\/index.php\/category\/sin-categoria\/"},"img":{"alt_text":"","src":"https:\/\/i0.wp.com\/1005.com.ar\/wp-content\/uploads\/2024\/12\/900211-ns-jpg.jpg?resize=350%2C200&ssl=1","width":350,"height":200,"srcset":"https:\/\/i0.wp.com\/1005.com.ar\/wp-content\/uploads\/2024\/12\/900211-ns-jpg.jpg?resize=350%2C200&ssl=1 1x, https:\/\/i0.wp.com\/1005.com.ar\/wp-content\/uploads\/2024\/12\/900211-ns-jpg.jpg?resize=525%2C300&ssl=1 1.5x, https:\/\/i0.wp.com\/1005.com.ar\/wp-content\/uploads\/2024\/12\/900211-ns-jpg.jpg?resize=700%2C400&ssl=1 2x"},"classes":[]}],"jetpack_likes_enabled":true,"jetpack_sharing_enabled":true,"_links":{"self":[{"href":"https:\/\/1005.com.ar\/index.php\/wp-json\/wp\/v2\/posts\/1909","targetHints":{"allow":["GET"]}}],"collection":[{"href":"https:\/\/1005.com.ar\/index.php\/wp-json\/wp\/v2\/posts"}],"about":[{"href":"https:\/\/1005.com.ar\/index.php\/wp-json\/wp\/v2\/types\/post"}],"author":[{"embeddable":true,"href":"https:\/\/1005.com.ar\/index.php\/wp-json\/wp\/v2\/users\/3"}],"replies":[{"embeddable":true,"href":"https:\/\/1005.com.ar\/index.php\/wp-json\/wp\/v2\/comments?post=1909"}],"version-history":[{"count":0,"href":"https:\/\/1005.com.ar\/index.php\/wp-json\/wp\/v2\/posts\/1909\/revisions"}],"wp:featuredmedia":[{"embeddable":true,"href":"https:\/\/1005.com.ar\/index.php\/wp-json\/wp\/v2\/media\/1910"}],"wp:attachment":[{"href":"https:\/\/1005.com.ar\/index.php\/wp-json\/wp\/v2\/media?parent=1909"}],"wp:term":[{"taxonomy":"category","embeddable":true,"href":"https:\/\/1005.com.ar\/index.php\/wp-json\/wp\/v2\/categories?post=1909"},{"taxonomy":"post_tag","embeddable":true,"href":"https:\/\/1005.com.ar\/index.php\/wp-json\/wp\/v2\/tags?post=1909"}],"curies":[{"name":"wp","href":"https:\/\/api.w.org\/{rel}","templated":true}]}}