{"id":1906,"date":"2021-04-01T12:42:44","date_gmt":"2021-04-01T15:42:44","guid":{"rendered":"https:\/\/1005.com.ar\/?p=1906"},"modified":"2021-04-01T12:42:45","modified_gmt":"2021-04-01T15:42:45","slug":"pergolini-en-este-momento-mis-tiempos-no-son-los-de-boca","status":"publish","type":"post","link":"https:\/\/1005.com.ar\/index.php\/2021\/04\/01\/pergolini-en-este-momento-mis-tiempos-no-son-los-de-boca\/","title":{"rendered":"Pergolini: \u00abEn este momento, mis tiempos no son los de Boca\u00bb"},"content":{"rendered":"\n<p>Mario Pergolini, quien renunci\u00f3 el mi\u00e9rcoles a la vicepresidencia de Boca, explic\u00f3 este jueves las razones que lo llevarse dejar su cargo en el club. \u00abCuando no se pueden hacer las cosas que uno propone, lo mejor es dar un paso al costado\u00bb, afirm\u00f3 el conductor radial, que igualmente remarc\u00f3 \u00abel club est\u00e1 en buenas manos\u00bb, tras elogiar al presidente Jorge Ameal.<\/p>\n\n\n\n<p>\u00abEn este momento, mis tiempos no son los de Boca en este momento\u00bb, asever\u00f3 Pergolini luego de la decisi\u00f3n que dio a conocer el jueves, tras producirse un enfrentamiento con el Consejo de F\u00fatbol que conduce Juan Rom\u00e1n Riquelme, a ra\u00edz de que este cuerpo impuls\u00f3 una cuenta de Instagram y Youtube del predio de Ezeiza que choca directamente con el canal oficial del club.<\/p>\n\n\n\n<p>El conductor radial y empresario de medios se extendi\u00f3 durante varios minutos en su programa de la radio FM Vorterix y despu\u00e9s ampli\u00f3 sus dichos en di\u00e1logo con la prensa a la salida de la emisora.<\/p>\n\n\n\n<p>\u00abNo estoy enojado, pero s\u00ed frustrado y un poco triste\u00bb, admiti\u00f3 Pergolini, quien cont\u00f3 que ya ten\u00eda dudas sobre su futuro en el club incluso antes de las elecciones. \u00abCuando est\u00e1bamos en campa\u00f1a (en el segundo semestre de 2019) y tuvimos la suerte de sumar a (Juan Rom\u00e1n) Riquelme, que era sin dudas quien defin\u00eda todo esto, yo les hab\u00eda planteado que no iba a ser la gran diferencia, pero que ten\u00eda varias cosas para aportar y llevar a delante\u00bb.<\/p>\n\n\n\n<p>Sin embargo, Pergolini destac\u00f3 que ya en el cargo not\u00f3 \u00abque no pod\u00eda llevar a cabo su visi\u00f3n\u00bb y en ese sentido dej\u00f3 en claro que sus necesidades y ritmos chocan con los que se manejan en la instituci\u00f3n.&nbsp; \u00abCreo que el club lo va a hacer, tarde o temprano. Yo necesito ser m\u00e1s ejecutivo. A lo mejor, mis tiempos no son los de Boca\u00bb.<\/p>\n\n\n\n<p>Pergolini reiter\u00f3 la explicaci\u00f3n que dio ayer en el posteo subido a su cuenta en Instagram, en donde afirmaba: \u00abPresent\u00e9 la renuncia indeclinable a la vicepresidencia primera de Boca Juniors, porque yo amo este club pero no le puedo ofrecer lo mejor de mi en este momento\u00bb.<\/p>\n\n\n\n<p>En ese sentido, el empresario de medios asegur\u00f3 que prefiri\u00f3 renunciar ahora para que la gesti\u00f3n y las relaciones no se desgastaran m\u00e1s, cuando ya se dio cuenta de que no hab\u00eda posibilidades de modificar el panorama. \u00abM\u00e1s all\u00e1 de los enojos y frustraci\u00f3n, hay que tomar decisiones y mejor tomarlas m\u00e1s temprano que tarde. Estirarlo es alargar lo impostergable, desgastar las relaciones que est\u00e1n desgastadas, no es el caso, pero no me gusta ocupar lugares por ocupar\u00bb, expres\u00f3 Pergolini<\/p>\n\n\n\n<p>\u00abNo estoy enojado, estoy frustrado. Estoy triste de no poder lograrlo, a un lugar donde seguir\u00e9 yendo y aportando, as\u00ed como le dije a Jorge de seguir aportando si me necesita\u00bb, sintetiz\u00f3 el ahora ex vicepresidente xeneize.<\/p>\n\n\n\n<p><a href=\"https:\/\/www.pagina12.com.ar\/333149-pergolini-en-este-momento-mis-tiempos-no-son-los-de-boca\">https:\/\/www.pagina12.com.ar\/333149-pergolini-en-este-momento-mis-tiempos-no-son-los-de-boca<\/a><\/p>\n","protected":false},"excerpt":{"rendered":"<p>Mario Pergolini, quien renunci\u00f3 el mi\u00e9rcoles a la vicepresidencia de Boca, explic\u00f3 este jueves las razones que lo llevarse dejar<\/p>\n","protected":false},"author":3,"featured_media":1907,"comment_status":"open","ping_status":"closed","sticky":false,"template":"","format":"standard","meta":{"jetpack_post_was_ever_published":false,"_jetpack_newsletter_access":"","_jetpack_dont_email_post_to_subs":false,"_jetpack_newsletter_tier_id":0,"_jetpack_memberships_contains_paywalled_content":false,"_jetpack_memberships_contains_paid_content":false,"footnotes":"","jetpack_publicize_message":"","jetpack_publicize_feature_enabled":true,"jetpack_social_post_already_shared":true,"jetpack_social_options":{"image_generator_settings":{"template":"highway","default_image_id":0,"font":"","enabled":false},"version":2}},"categories":[1],"tags":[],"class_list":["post-1906","post","type-post","status-publish","format-standard","has-post-thumbnail","hentry","category-sin-categoria"],"jetpack_publicize_connections":[],"jetpack_featured_media_url":"https:\/\/1005.com.ar\/wp-content\/uploads\/2021\/04\/images.jpg","jetpack-related-posts":[{"id":1809,"url":"https:\/\/1005.com.ar\/index.php\/2021\/03\/10\/boca-las-dos-variantes-que-maneja-russo-para-el-superclasico\/","url_meta":{"origin":1906,"position":0},"title":"Boca: las dos variantes que maneja Russo para el Supercl\u00e1sico","author":"Radio Music","date":"marzo 10, 2021","format":false,"excerpt":"Luego de la aplastante goleada sobre V\u00e9lez por 7 a 1, el entrenador de Boca,\u00a0Miguel \u00c1ngel Russo,\u00a0maneja\u00a0dos dudas para el Supercl\u00e1sico\u00a0del domingo ante\u00a0River\u00a0en la Bombonera, que son la posible vuelta del defensor Carlos Izquierdoz y la conformaci\u00f3n del mediocampo. Izquierdoz, zaguero y referente del plantel xeneize, viene de tener una\u2026","rel":"","context":"En \u00abSin categor\u00eda\u00bb","block_context":{"text":"Sin categor\u00eda","link":"https:\/\/1005.com.ar\/index.php\/category\/sin-categoria\/"},"img":{"alt_text":"","src":"","width":0,"height":0},"classes":[]},{"id":1941,"url":"https:\/\/1005.com.ar\/index.php\/2021\/04\/12\/boca-y-river-debutan-como-visitantes-en-la-copa-libertadores\/","url_meta":{"origin":1906,"position":1},"title":"Boca y River debutan como visitantes en la Copa Libertadores","author":"Radio Music","date":"abril 12, 2021","format":false,"excerpt":"Boca y River debutar\u00e1n como visitantes en la edici\u00f3n 2021 de la Copa Libertadores, mientras que Argentinos ser\u00e1 el primer conjunto nacional en salir a la cancha, de acuerdo a lo establecido por la Conmebol este lunes. Si bien ya se hab\u00edan definido los grupos la semana pasada, en la\u2026","rel":"","context":"En \u00abSin categor\u00eda\u00bb","block_context":{"text":"Sin categor\u00eda","link":"https:\/\/1005.com.ar\/index.php\/category\/sin-categoria\/"},"img":{"alt_text":"","src":"","width":0,"height":0},"classes":[]},{"id":1160,"url":"https:\/\/1005.com.ar\/index.php\/2021\/01\/20\/fiesta-en-el-vestuario-de-boca-el-hit-del-7-0\/","url_meta":{"origin":1906,"position":2},"title":"Fiesta en el vestuario de Boca: el hit del 7-0","author":"Radio Music","date":"enero 20, 2021","format":false,"excerpt":"Despu\u00e9s de convertirse en las primeras campeonas profesionales del f\u00fatbol femenino, las Gladiadoras festejaron a lo grande y no se olvidaron de River en las celebraciones...","rel":"","context":"En \u00abSin categor\u00eda\u00bb","block_context":{"text":"Sin categor\u00eda","link":"https:\/\/1005.com.ar\/index.php\/category\/sin-categoria\/"},"img":{"alt_text":"","src":"https:\/\/i0.wp.com\/1005.com.ar\/wp-content\/uploads\/2021\/01\/Captura-de-pantalla-1107-6kqv39vq5n80.png?resize=350%2C200&ssl=1","width":350,"height":200,"srcset":"https:\/\/i0.wp.com\/1005.com.ar\/wp-content\/uploads\/2021\/01\/Captura-de-pantalla-1107-6kqv39vq5n80.png?resize=350%2C200&ssl=1 1x, https:\/\/i0.wp.com\/1005.com.ar\/wp-content\/uploads\/2021\/01\/Captura-de-pantalla-1107-6kqv39vq5n80.png?resize=525%2C300&ssl=1 1.5x, https:\/\/i0.wp.com\/1005.com.ar\/wp-content\/uploads\/2021\/01\/Captura-de-pantalla-1107-6kqv39vq5n80.png?resize=700%2C400&ssl=1 2x"},"classes":[]},{"id":1938,"url":"https:\/\/1005.com.ar\/index.php\/2021\/04\/12\/barbijosenlatv-periodistas-se-sumaron-con-el-uso-de-tapabocas-al-aire\/","url_meta":{"origin":1906,"position":3},"title":"#BarbijosEnLaTV: periodistas se sumaron con el uso de tapabocas al aire","author":"Radio Music","date":"abril 12, 2021","format":false,"excerpt":"La televisi\u00f3n p\u00fablica arranc\u00f3 su transmisi\u00f3n de este lunes con un mensaje claro: el barbijo o tapabocas debe ser utilizado en todo momento y circunstancia que se comparta con otra personas para evitar el contagio del nuevo coronavirus. \"Hoy nos ves con un aspecto distinto... Decidimos desde la empresa, en\u2026","rel":"","context":"En \u00abSin categor\u00eda\u00bb","block_context":{"text":"Sin categor\u00eda","link":"https:\/\/1005.com.ar\/index.php\/category\/sin-categoria\/"},"img":{"alt_text":"","src":"","width":0,"height":0},"classes":[]},{"id":2437,"url":"https:\/\/1005.com.ar\/index.php\/2021\/12\/08\/el-senado-sesiona-este-jueves-tras-la-jura-de-los-nuevos-legisladores\/","url_meta":{"origin":1906,"position":4},"title":"El Senado sesiona este jueves tras la jura de los nuevos legisladores","author":"Radio Music","date":"diciembre 8, 2021","format":false,"excerpt":"Despu\u00e9s de la ceremonia, los senadores\u00a0debatir\u00e1n un paquete de proyectos de ley y la validez de algunos Decretos de Necesidad y Urgencia (DNU)\u00a0emitidos por el Poder Ejecutivo durante el \u00faltimo a\u00f1o. https:\/\/www.telam.com.ar\/notas\/202112\/577255-senado-jura-legisladores-kirchner-congreso.html","rel":"","context":"En \u00abSin categor\u00eda\u00bb","block_context":{"text":"Sin categor\u00eda","link":"https:\/\/1005.com.ar\/index.php\/category\/sin-categoria\/"},"img":{"alt_text":"","src":"https:\/\/i0.wp.com\/1005.com.ar\/wp-content\/uploads\/2021\/12\/5dde53b35c954_900.jpg?resize=350%2C200&ssl=1","width":350,"height":200,"srcset":"https:\/\/i0.wp.com\/1005.com.ar\/wp-content\/uploads\/2021\/12\/5dde53b35c954_900.jpg?resize=350%2C200&ssl=1 1x, https:\/\/i0.wp.com\/1005.com.ar\/wp-content\/uploads\/2021\/12\/5dde53b35c954_900.jpg?resize=525%2C300&ssl=1 1.5x, https:\/\/i0.wp.com\/1005.com.ar\/wp-content\/uploads\/2021\/12\/5dde53b35c954_900.jpg?resize=700%2C400&ssl=1 2x"},"classes":[]},{"id":1579,"url":"https:\/\/1005.com.ar\/index.php\/2021\/02\/14\/alberto-fernandez-cristina-kirchner-mauricio-macri-y-todo-el-arco-politico-despidieron-al-ex-presidente-carlos-menem\/","url_meta":{"origin":1906,"position":5},"title":"Alberto Fern\u00e1ndez, Cristina Kirchner, Mauricio Macri y todo el arco pol\u00edtico despidieron al ex presidente Carlos Menem","author":"Radio Music","date":"febrero 14, 2021","format":false,"excerpt":"Dirigentes del oficialismo y la oposici\u00f3n manifestaron su pesar por el fallecimiento del ex presidente. \u201cVaya todo mi cari\u00f1o a Zulema, a Zulemita y a todos los que hoy lo lloran\u201d, expres\u00f3 el actual mandatario","rel":"","context":"En \u00abSin categor\u00eda\u00bb","block_context":{"text":"Sin categor\u00eda","link":"https:\/\/1005.com.ar\/index.php\/category\/sin-categoria\/"},"img":{"alt_text":"","src":"","width":0,"height":0},"classes":[]}],"jetpack_likes_enabled":true,"jetpack_sharing_enabled":true,"_links":{"self":[{"href":"https:\/\/1005.com.ar\/index.php\/wp-json\/wp\/v2\/posts\/1906","targetHints":{"allow":["GET"]}}],"collection":[{"href":"https:\/\/1005.com.ar\/index.php\/wp-json\/wp\/v2\/posts"}],"about":[{"href":"https:\/\/1005.com.ar\/index.php\/wp-json\/wp\/v2\/types\/post"}],"author":[{"embeddable":true,"href":"https:\/\/1005.com.ar\/index.php\/wp-json\/wp\/v2\/users\/3"}],"replies":[{"embeddable":true,"href":"https:\/\/1005.com.ar\/index.php\/wp-json\/wp\/v2\/comments?post=1906"}],"version-history":[{"count":0,"href":"https:\/\/1005.com.ar\/index.php\/wp-json\/wp\/v2\/posts\/1906\/revisions"}],"wp:featuredmedia":[{"embeddable":true,"href":"https:\/\/1005.com.ar\/index.php\/wp-json\/wp\/v2\/media\/1907"}],"wp:attachment":[{"href":"https:\/\/1005.com.ar\/index.php\/wp-json\/wp\/v2\/media?parent=1906"}],"wp:term":[{"taxonomy":"category","embeddable":true,"href":"https:\/\/1005.com.ar\/index.php\/wp-json\/wp\/v2\/categories?post=1906"},{"taxonomy":"post_tag","embeddable":true,"href":"https:\/\/1005.com.ar\/index.php\/wp-json\/wp\/v2\/tags?post=1906"}],"curies":[{"name":"wp","href":"https:\/\/api.w.org\/{rel}","templated":true}]}}