{"id":1800,"date":"2021-03-10T18:31:13","date_gmt":"2021-03-10T21:31:13","guid":{"rendered":"https:\/\/1005.com.ar\/?p=1800"},"modified":"2021-03-10T18:31:13","modified_gmt":"2021-03-10T21:31:13","slug":"la-tardia-autocritica-de-sarlo-no-debi-decir-por-debajo-de-la-mesa","status":"publish","type":"post","link":"https:\/\/1005.com.ar\/index.php\/2021\/03\/10\/la-tardia-autocritica-de-sarlo-no-debi-decir-por-debajo-de-la-mesa\/","title":{"rendered":"La tard\u00eda autocr\u00edtica de Sarlo: \u00abNo deb\u00ed decir por debajo de la mesa\u00bb"},"content":{"rendered":"\n<p><a href=\"https:\/\/www.pagina12.com.ar\/328659-beatriz-sarlo-reconocio-que-la-oferta-de-vacunacion-no-fue-b\">Tras presentarse ante la Justicia<\/a>&nbsp;por haber dicho que le ofrecieron vacunarse contra el coronavirus en forma irregular, la escritora&nbsp;<strong>Beatriz Sarlo<\/strong>&nbsp;<strong>asegur\u00f3 que no debi\u00f3 decir que la propuesta fue \u201cpor debajo de la mesa\u201d.<\/strong><\/p>\n\n\n\n<p>\u201c<strong>Me autocritico fuertemente, no deb\u00ed decir por\u00a0<\/strong>&#8216;<strong>debajo de la mesa<\/strong>&#8216;\u201d, afirm\u00f3 la ensayista y agreg\u00f3: \u201cQue me disculpe la Provincia &#8211;de Buenos Aires&#8211; por utilizar mal la expresi\u00f3n\u201d.<\/p>\n\n\n\n<p>Durante una entrevista en&nbsp;<em>RadioConVos<\/em>,&nbsp;<strong>Sarlo explic\u00f3 que desconoc\u00eda que el gobierno de Axel Kicillof estaba armando una campa\u00f1a de promoci\u00f3n<\/strong>&nbsp;con famosos, deportistas y referentes de la cultura para concientizar acerca de la importancia de aplicarse la vacuna contra la covid-19.&nbsp;&nbsp;<\/p>\n\n\n\n<p>En ese sentido, se\u00f1al\u00f3 que no ratifica que haya sido \u00abpor debajo de la mesa\u00bb, pero remarc\u00f3 que no le lleg\u00f3 \u00abcon las formas que tiene que ser una campa\u00f1a p\u00fablica\u00bb.<\/p>\n\n\n\n<p>\u201cSi voy a participar en algo necesito saber qui\u00e9nes otros van a participar. Nunca pongo mi firma, mucho menos mi cara. \u00bfPor qu\u00e9 Provincia est\u00e1 reclutando intelectuales porte\u00f1os? El \u00fanico nombre era yo. No estaban los otros nombres\u201d, indic\u00f3 a modo de justificaci\u00f3n por la pol\u00e9mica desatada.<\/p>\n\n\n\n<p>La semana pasada, la jueza Mar\u00eda Eugenia Capuchetti dispuso que Sarlo brindara declaraci\u00f3n testimonial en la causa que investiga el posible desv\u00edo de vacunas contra el coronavirus, a ra\u00edz de que la escritora hab\u00eda relatado en televisi\u00f3n que le hab\u00edan ofrecido inocularse cuando -seg\u00fan criterios epidemiol\u00f3gicos- a\u00fan no le correspond\u00eda.&nbsp;<\/p>\n\n\n\n<p>Seg\u00fan relat\u00f3 la acad\u00e9mica,&nbsp;<strong>hab\u00eda recibido una propuesta por parte de su editor<\/strong>, quien fue contactado por la esposa del gobernador Axel Kicillof, para vacunarse con el objetivo de&nbsp;<strong>contrarrestar la campa\u00f1a antivacunas y generar confianza en la poblaci\u00f3n.<\/strong><\/p>\n\n\n\n<p>\u00abEl ofrecimiento fue a fines de enero por intermedio de mi editor de Siglo XXI, Carlos D\u00edaz.\u00a0<strong>Por lo que yo entend\u00ed, desde provincia de Buenos Aires estaban vacunando para lograr fotos que persuadieran a la gente<\/strong>\u00ab, declar\u00f3 Sarlo\u00a0ante Capuchetti y el fiscal Eduardo Taiano.<\/p>\n\n\n\n<p>Por su parte, el Gobierno bonaerense desminti\u00f3 haberle ofrecido vacunarse \u00abantes de tiempo o sin esperar el turno\u00bb, y precis\u00f3 que, al comienzo de la campa\u00f1a de inmunizaci\u00f3n, se la hab\u00eda invitado a participar de una cruzada de concientizaci\u00f3n para contrarrestar la campa\u00f1a de desprestigio que por entonces impulsaban \u00abparte de los medios y algunos sectores de la oposici\u00f3n\u00bb.<\/p>\n\n\n\n<p>El gobernador Axel Kicillof record\u00f3 que, en enero, en Villa Gesell anunci\u00f3 el inicio de una campa\u00f1a denominada \u00ab<strong>Yo pongo el hombro<\/strong>\u00bb para sumar personalidades que se vacunar\u00edan en p\u00fablico para transmitir confianza a la sociedad y contrarrestar \u00abel desprestigio a la vacuna que impulsaba una parte de la oposici\u00f3n\u00bb.<br><br>\u00abLo anunci\u00e9 en una conferencia. Fue bien p\u00fablica y dije que destinar\u00eda cien vacunas porque la idea era que se vacunaran para terminar con ese tremendo trabajo de desprestigio\u00bb, subray\u00f3.<\/p>\n\n\n\n<p><a href=\"https:\/\/www.pagina12.com.ar\/328699-la-tardia-autocritica-de-sarlo-no-debi-decir-por-debajo-de-l\">https:\/\/www.pagina12.com.ar\/328699-la-tardia-autocritica-de-sarlo-no-debi-decir-por-debajo-de-l<\/a><\/p>\n","protected":false},"excerpt":{"rendered":"<p>La escritora adujo desconocer que se trataba de una campa\u00f1a p\u00fablica<\/p>\n","protected":false},"author":3,"featured_media":1801,"comment_status":"open","ping_status":"closed","sticky":false,"template":"","format":"standard","meta":{"jetpack_post_was_ever_published":false,"_jetpack_newsletter_access":"","_jetpack_dont_email_post_to_subs":false,"_jetpack_newsletter_tier_id":0,"_jetpack_memberships_contains_paywalled_content":false,"_jetpack_memberships_contains_paid_content":false,"footnotes":"","jetpack_publicize_message":"","jetpack_publicize_feature_enabled":true,"jetpack_social_post_already_shared":true,"jetpack_social_options":{"image_generator_settings":{"template":"highway","default_image_id":0,"font":"","enabled":false},"version":2}},"categories":[1],"tags":[],"class_list":["post-1800","post","type-post","status-publish","format-standard","has-post-thumbnail","hentry","category-sin-categoria"],"jetpack_publicize_connections":[],"jetpack_featured_media_url":"https:\/\/1005.com.ar\/wp-content\/uploads\/2021\/03\/descarga-5.jpg","jetpack-related-posts":[{"id":4413,"url":"https:\/\/1005.com.ar\/index.php\/2023\/10\/20\/elecciones-2023-amaro-sarlo-cierra-su-campana-en-apeadero\/","url_meta":{"origin":1800,"position":0},"title":"Elecciones 2023 | Amaro Sarlo cierra su campa\u00f1a en Apeadero","author":"Julieta Di Rocco","date":"octubre 20, 2023","format":false,"excerpt":"https:\/\/www.lamanana.com.ar\/estamos-capacitados-y-preparados-para-gobernar-por-un-saladillo-mejor\/","rel":"","context":"En \u00abSin categor\u00eda\u00bb","block_context":{"text":"Sin categor\u00eda","link":"https:\/\/1005.com.ar\/index.php\/category\/sin-categoria\/"},"img":{"alt_text":"","src":"https:\/\/i0.wp.com\/1005.com.ar\/wp-content\/uploads\/2023\/10\/sarlo1-696x350-1.jpg?resize=350%2C200&ssl=1","width":350,"height":200,"srcset":"https:\/\/i0.wp.com\/1005.com.ar\/wp-content\/uploads\/2023\/10\/sarlo1-696x350-1.jpg?resize=350%2C200&ssl=1 1x, https:\/\/i0.wp.com\/1005.com.ar\/wp-content\/uploads\/2023\/10\/sarlo1-696x350-1.jpg?resize=525%2C300&ssl=1 1.5x"},"classes":[]},{"id":4186,"url":"https:\/\/1005.com.ar\/index.php\/2023\/06\/27\/union-por-la-patria-tiene-lista-de-unidad-en-saladillo-amaro-sarlo-precandidato-a-intendente\/","url_meta":{"origin":1800,"position":1},"title":"Uni\u00f3n por la Patria tiene lista de Unidad en Saladillo | Amaro Sarlo precandidato a Intendente","author":"Julieta Di Rocco","date":"junio 27, 2023","format":false,"excerpt":"https:\/\/www.lasintesis.com.ar\/nota-union-por-la-patria-tiene-lista-de-unidad-en-saladillo-%7C-amaro-sarlo-precandidato-a-intendente-231823","rel":"","context":"En \u00abSin categor\u00eda\u00bb","block_context":{"text":"Sin categor\u00eda","link":"https:\/\/1005.com.ar\/index.php\/category\/sin-categoria\/"},"img":{"alt_text":"","src":"https:\/\/i0.wp.com\/1005.com.ar\/wp-content\/uploads\/2023\/06\/2f114cd6-8115-4fe6-84d9-d78da13adfc8.jpg?resize=350%2C200&ssl=1","width":350,"height":200,"srcset":"https:\/\/i0.wp.com\/1005.com.ar\/wp-content\/uploads\/2023\/06\/2f114cd6-8115-4fe6-84d9-d78da13adfc8.jpg?resize=350%2C200&ssl=1 1x, https:\/\/i0.wp.com\/1005.com.ar\/wp-content\/uploads\/2023\/06\/2f114cd6-8115-4fe6-84d9-d78da13adfc8.jpg?resize=525%2C300&ssl=1 1.5x, https:\/\/i0.wp.com\/1005.com.ar\/wp-content\/uploads\/2023\/06\/2f114cd6-8115-4fe6-84d9-d78da13adfc8.jpg?resize=700%2C400&ssl=1 2x, https:\/\/i0.wp.com\/1005.com.ar\/wp-content\/uploads\/2023\/06\/2f114cd6-8115-4fe6-84d9-d78da13adfc8.jpg?resize=1050%2C600&ssl=1 3x"},"classes":[]},{"id":4066,"url":"https:\/\/1005.com.ar\/index.php\/2023\/04\/16\/operativo-de-migraciones\/","url_meta":{"origin":1800,"position":2},"title":"OPERATIVO DE MIGRACIONES","author":"Julieta Di Rocco","date":"abril 16, 2023","format":false,"excerpt":"Para todos los extranjeros y extranjeras que viven en nuestra ciudad y que a\u00fan no tienen la residencia argentina, el d\u00eda de ayer se realiz\u00f3 un operativo de la Direcci\u00f3n Nacional de Migraciones dependiente del Ministerio del Interior de la Naci\u00f3n para que pudieran realizar dicho tr\u00e1mite de manera r\u00e1pida\u2026","rel":"","context":"En \u00abSin categor\u00eda\u00bb","block_context":{"text":"Sin categor\u00eda","link":"https:\/\/1005.com.ar\/index.php\/category\/sin-categoria\/"},"img":{"alt_text":"","src":"https:\/\/i0.wp.com\/1005.com.ar\/wp-content\/uploads\/2023\/04\/342034773_633325935275610_635320528090104369_n.jpg?resize=350%2C200&ssl=1","width":350,"height":200,"srcset":"https:\/\/i0.wp.com\/1005.com.ar\/wp-content\/uploads\/2023\/04\/342034773_633325935275610_635320528090104369_n.jpg?resize=350%2C200&ssl=1 1x, https:\/\/i0.wp.com\/1005.com.ar\/wp-content\/uploads\/2023\/04\/342034773_633325935275610_635320528090104369_n.jpg?resize=525%2C300&ssl=1 1.5x, https:\/\/i0.wp.com\/1005.com.ar\/wp-content\/uploads\/2023\/04\/342034773_633325935275610_635320528090104369_n.jpg?resize=700%2C400&ssl=1 2x, https:\/\/i0.wp.com\/1005.com.ar\/wp-content\/uploads\/2023\/04\/342034773_633325935275610_635320528090104369_n.jpg?resize=1050%2C600&ssl=1 3x"},"classes":[]},{"id":2269,"url":"https:\/\/1005.com.ar\/index.php\/2021\/09\/02\/la-vicegobernadora-brindo-su-apoyo-y-confianza-a-los-precandidatos-del-frente-de-todos\/","url_meta":{"origin":1800,"position":3},"title":"La Vicegobernadora brind\u00f3 su apoyo y confianza a los precandidatos del Frente de Todos","author":"Radio Music","date":"septiembre 2, 2021","format":false,"excerpt":"La vicegobernadora Ver\u00f3nica Magario en su visita a Saladillo demostr\u00f3 una vez m\u00e1s el conocimiento y cercan\u00eda a cada territorio de la Provincia. Comparti\u00f3 un caf\u00e9 con los precandidatos a concejales Amaro Sarlo, Soledad Petta y F\u00e9lix Crognale, el diputado Walter Abarca y la presidenta del Bloque de concejales del\u2026","rel":"","context":"En \u00abSin categor\u00eda\u00bb","block_context":{"text":"Sin categor\u00eda","link":"https:\/\/1005.com.ar\/index.php\/category\/sin-categoria\/"},"img":{"alt_text":"","src":"https:\/\/i0.wp.com\/1005.com.ar\/wp-content\/uploads\/2021\/09\/1630579005.jpeg?resize=350%2C200&ssl=1","width":350,"height":200,"srcset":"https:\/\/i0.wp.com\/1005.com.ar\/wp-content\/uploads\/2021\/09\/1630579005.jpeg?resize=350%2C200&ssl=1 1x, https:\/\/i0.wp.com\/1005.com.ar\/wp-content\/uploads\/2021\/09\/1630579005.jpeg?resize=525%2C300&ssl=1 1.5x, https:\/\/i0.wp.com\/1005.com.ar\/wp-content\/uploads\/2021\/09\/1630579005.jpeg?resize=700%2C400&ssl=1 2x"},"classes":[]},{"id":3795,"url":"https:\/\/1005.com.ar\/index.php\/2023\/01\/23\/visita-de-tolosa-paz-a-distritos-de-la-septima-seccion\/","url_meta":{"origin":1800,"position":4},"title":"Visita de Tolosa Paz a distritos de la s\u00e9ptima secci\u00f3n","author":"Julieta Di Rocco","date":"enero 23, 2023","format":false,"excerpt":"Estuvo en Roque P\u00e9rez y Tapalqu\u00e9 La Ministra de Desarrollo Social de la Naci\u00f3n, Victoria Tolosa Paz recorri\u00f3 los distritos de Roque P\u00e9rez y Tapalqu\u00e9 junto a los intendentes Jos\u00e9 Luis Horna y Gustavo Cocconi. Durante la recorrida fue acompa\u00f1ada por referentes del Frente de Todos de la s\u00e9ptima secci\u00f3n\u2026","rel":"","context":"En \u00abSin categor\u00eda\u00bb","block_context":{"text":"Sin categor\u00eda","link":"https:\/\/1005.com.ar\/index.php\/category\/sin-categoria\/"},"img":{"alt_text":"","src":"https:\/\/i0.wp.com\/1005.com.ar\/wp-content\/uploads\/2023\/01\/3241066c-9c87-4553-ac61-f5cf06c375ad.jpg?resize=350%2C200&ssl=1","width":350,"height":200,"srcset":"https:\/\/i0.wp.com\/1005.com.ar\/wp-content\/uploads\/2023\/01\/3241066c-9c87-4553-ac61-f5cf06c375ad.jpg?resize=350%2C200&ssl=1 1x, https:\/\/i0.wp.com\/1005.com.ar\/wp-content\/uploads\/2023\/01\/3241066c-9c87-4553-ac61-f5cf06c375ad.jpg?resize=525%2C300&ssl=1 1.5x, https:\/\/i0.wp.com\/1005.com.ar\/wp-content\/uploads\/2023\/01\/3241066c-9c87-4553-ac61-f5cf06c375ad.jpg?resize=700%2C400&ssl=1 2x"},"classes":[]},{"id":3360,"url":"https:\/\/1005.com.ar\/index.php\/2022\/08\/24\/reunion-en-el-hogar-golondrinas\/","url_meta":{"origin":1800,"position":5},"title":"Reuni\u00f3n en el Hogar Golondrinas","author":"Julieta Di Rocco","date":"agosto 24, 2022","format":false,"excerpt":"Este mi\u00e9rcoles se reunieron en el Hogar Golondrinas, Agostina Suriniti de la Secretaria General de de la Provincia, Amaro Sarlo, el Jefe de Anses y Diego Yanson, Jefe de PAMI Saladillo junto a la Presidenta de la Asociaci\u00f3n, Nerina Villanueva. En esta oportunidad, estuvieron charlando acerca de los distintos programas\u2026","rel":"","context":"En \u00abSin categor\u00eda\u00bb","block_context":{"text":"Sin categor\u00eda","link":"https:\/\/1005.com.ar\/index.php\/category\/sin-categoria\/"},"img":{"alt_text":"","src":"https:\/\/i0.wp.com\/1005.com.ar\/wp-content\/uploads\/2022\/08\/919a8e27-7cb1-4535-9574-57fa161eec88.jpg?resize=350%2C200&ssl=1","width":350,"height":200,"srcset":"https:\/\/i0.wp.com\/1005.com.ar\/wp-content\/uploads\/2022\/08\/919a8e27-7cb1-4535-9574-57fa161eec88.jpg?resize=350%2C200&ssl=1 1x, https:\/\/i0.wp.com\/1005.com.ar\/wp-content\/uploads\/2022\/08\/919a8e27-7cb1-4535-9574-57fa161eec88.jpg?resize=525%2C300&ssl=1 1.5x, https:\/\/i0.wp.com\/1005.com.ar\/wp-content\/uploads\/2022\/08\/919a8e27-7cb1-4535-9574-57fa161eec88.jpg?resize=700%2C400&ssl=1 2x, https:\/\/i0.wp.com\/1005.com.ar\/wp-content\/uploads\/2022\/08\/919a8e27-7cb1-4535-9574-57fa161eec88.jpg?resize=1050%2C600&ssl=1 3x, https:\/\/i0.wp.com\/1005.com.ar\/wp-content\/uploads\/2022\/08\/919a8e27-7cb1-4535-9574-57fa161eec88.jpg?resize=1400%2C800&ssl=1 4x"},"classes":[]}],"jetpack_likes_enabled":true,"jetpack_sharing_enabled":true,"_links":{"self":[{"href":"https:\/\/1005.com.ar\/index.php\/wp-json\/wp\/v2\/posts\/1800","targetHints":{"allow":["GET"]}}],"collection":[{"href":"https:\/\/1005.com.ar\/index.php\/wp-json\/wp\/v2\/posts"}],"about":[{"href":"https:\/\/1005.com.ar\/index.php\/wp-json\/wp\/v2\/types\/post"}],"author":[{"embeddable":true,"href":"https:\/\/1005.com.ar\/index.php\/wp-json\/wp\/v2\/users\/3"}],"replies":[{"embeddable":true,"href":"https:\/\/1005.com.ar\/index.php\/wp-json\/wp\/v2\/comments?post=1800"}],"version-history":[{"count":0,"href":"https:\/\/1005.com.ar\/index.php\/wp-json\/wp\/v2\/posts\/1800\/revisions"}],"wp:featuredmedia":[{"embeddable":true,"href":"https:\/\/1005.com.ar\/index.php\/wp-json\/wp\/v2\/media\/1801"}],"wp:attachment":[{"href":"https:\/\/1005.com.ar\/index.php\/wp-json\/wp\/v2\/media?parent=1800"}],"wp:term":[{"taxonomy":"category","embeddable":true,"href":"https:\/\/1005.com.ar\/index.php\/wp-json\/wp\/v2\/categories?post=1800"},{"taxonomy":"post_tag","embeddable":true,"href":"https:\/\/1005.com.ar\/index.php\/wp-json\/wp\/v2\/tags?post=1800"}],"curies":[{"name":"wp","href":"https:\/\/api.w.org\/{rel}","templated":true}]}}