{"id":1726,"date":"2021-03-03T19:19:37","date_gmt":"2021-03-03T22:19:37","guid":{"rendered":"https:\/\/1005.com.ar\/?p=1726"},"modified":"2021-03-03T19:19:39","modified_gmt":"2021-03-03T22:19:39","slug":"las-dos-claves-anunciadas-de-la-reforma-judicial","status":"publish","type":"post","link":"https:\/\/1005.com.ar\/index.php\/2021\/03\/03\/las-dos-claves-anunciadas-de-la-reforma-judicial\/","title":{"rendered":"Las dos claves anunciadas de la reforma judicial"},"content":{"rendered":"\n<p>Despu\u00e9s del discurso de Alberto Fern\u00e1ndez ante la Asamblea Legislativa, varios funcionarios y funcionarias se quedaron charlando con \u00e9l. Entre comentarios sobre el clima del evento, felicitaciones, subrayados y acotaciones sobre los gritos de Mario Negri, alguien que integra el gabinete le plante\u00f3 una duda:\u00a0<strong>\u00ab\u00bfDijiste juicio por jurados para delitos federales?\u00bb<\/strong>. La respuesta fue \u00abs\u00ed, dije eso\u00bb.\u00a0<\/p>\n\n\n\n<p>No hace falta abundar en el malestar que el Presidente explicit\u00f3 respecto del Poder Judicial y el Ministerio P\u00fablico. Fue obvio.&nbsp;<strong>Hablar de jurados populares con competencia federal es toda una novedad que pas\u00f3 desapercibida en la enumeraci\u00f3n de anuncios de leyes por enviar<\/strong>, ya que implica que los delitos graves como narcotr\u00e1fico, trata de personas, evasi\u00f3n, contrabando, secuestros extorsivos hasta lavado de activos, podr\u00edan ser juzgados por ciudadanos comunes, entre otros delitos conocidos que suelen aparecer. Har\u00e1 falta una ley que lo defina.&nbsp;<\/p>\n\n\n\n<p>El otro tema que no tuvo gran resonancia instant\u00e1nea, pero que estall\u00f3 y creci\u00f3 ayer,&nbsp; fue el&nbsp;<strong>llamado al Congreso para que ejerza el \u00abcontrol cruzado\u00bb sobre el sistema de justicia<\/strong>. Eso puede ocurrir de muchas maneras, pero el senador&nbsp;<strong>Oscar Parrilli&nbsp;<\/strong>anunci\u00f3 una de las posibles:&nbsp;<strong>\u00abEl Presidente pidi\u00f3 una comisi\u00f3n bicameral que investigue a la justicia<\/strong>\u00ab, dijo.&nbsp;&nbsp;<\/p>\n\n\n\n<p><strong>Fern\u00e1ndez le reclam\u00f3 al Congreso un papel activ<\/strong>o despu\u00e9s de enumerar una serie de casos conocidos que reflejan la utilizaci\u00f3n de la justicia para perseguir opositores y la protecci\u00f3n de los quienes se han encargado de ejercer esa persecuci\u00f3n. Como el del fiscal federal Carlos Stornelli, procesado en una causa donde se investiga una organizaci\u00f3n de espionaje con eslabones en el Estado.&nbsp;&nbsp;<\/p>\n\n\n\n<p>\u00abViendo todo esto, y con el solo prop\u00f3sito de mejorar la calidad institucional de la Rep\u00fablica,&nbsp;<strong>quiero pedirle al Congreso con much\u00edsimo respeto que asuma su rol de control cruzado sobre el Poder Judicial<\/strong>. As\u00ed lo prev\u00e9 nuestra Constituci\u00f3n Nacional. Institucionalmente, alguien debe ocuparse de ver lo que ha ocurrido y ver lo que est\u00e1 ocurriendo en la administraci\u00f3n de justicia de nuestra rep\u00fablica. No para interferir en sus decisiones, si no para que sirva cumpliendo el rol que el Estado de Derecho le ha asignado\u00bb, fue textualmente lo que dijo el Presidente.&nbsp;<\/p>\n\n\n\n<p>El llamado a que el Poder Legislativo asuma un papel activo frente al Poder Judicial&nbsp;<strong>fue de la mano de un reclamo por el fallido tratamiento de la reforma judicial y la ley de Ministerio P\u00fablico<\/strong>, ambas con media sanci\u00f3n en el Senado, trabadas en Diputados.<\/p>\n\n\n\n<p>Fern\u00e1ndez habl\u00f3 del \u00abcontrol cruzado\u00bb con el titular de la c\u00e1mara baja, Sergio Massa, para avanzar en esa direcci\u00f3n. Ese modo de control puede asumir muchas formas. Una multiplicidad que va desde el impulso de pedidos de juicio pol\u00edtico, como ocurri\u00f3 en 2003 con los supremos de la mayor\u00eda autom\u00e1tica menemista, hasta la modificaci\u00f3n de normas que ata\u00f1en al funcionamiento judicial.&nbsp;<\/p>\n\n\n\n<p>Pero&nbsp;<strong>quien asumi\u00f3 p\u00fablicamente la voz sobre este asunto fue Parrilli, quien introdujo la variante de la creaci\u00f3n de una comisi\u00f3n bicameral&nbsp;<\/strong>\u00abque investigue a la justicia\u00bb, y la atribuy\u00f3 a un pedido del propio Presidente.&nbsp;\u00abQue la sociedad vea c\u00f3mo est\u00e1 funcionando el Poder Judicial y cu\u00e1les son los cambios que hay que hacer\u00bb, se\u00f1al\u00f3 el senador del Frente de Todos. \u201cMe llena de satisfacci\u00f3n porque estamos poniendo en la discusi\u00f3n de la sociedad los verdaderos temas\u201d, abund\u00f3.&nbsp;<\/p>\n\n\n\n<p>Habr\u00e1 que ver si se puede llevar la comisi\u00f3n en cuesti\u00f3n a la pr\u00e1ctica.\u00a0<strong>Su creaci\u00f3n requiere la votaci\u00f3n de ambas c\u00e1maras, y del Senado en particular exige los dos tercios de los votos, algo de lo que el oficialismo no dispone.<\/strong>\u00a0Y que explica &#8211;por ejemplo&#8211; que hasta ahora no se haya designado nuevo procurador o procuradora general.\u00a0<strong>Diputados y senadores consultados por este diario se\u00f1alaron que todav\u00eda no ten\u00edan conocimiento de ninguna iniciativa concreta<\/strong>, pero dan por hecho de alg\u00fan modo el Congreso se har\u00e1 eco del se\u00f1alamiento presidencial.\u00a0<\/p>\n\n\n\n<h2 class=\"wp-block-heading\">Qu\u00e9 son los jurados populares<\/h2>\n\n\n\n<p><strong>No parece tan lejana la posibilidad de tratar una ley de jurados populares.<\/strong>&nbsp;La Constituci\u00f3n Nacional, en el art\u00edculo 75, establece que el Congreso debe dictar una norma para el establecimiento del juicio por jurados. Es algo que, adem\u00e1s, dispuso la Corte Suprema en un fallo conocido llamado \u00abCanales vs Neuqu\u00e9n\u00bb, de 2019, donde respald\u00f3 esta modalidad de enjuiciamiento.&nbsp;<\/p>\n\n\n\n<p><strong>Hasta ahora distintas provincias fueron aplicando sus propias leyes de juicio por jurados.<\/strong>\u00a0Lo tienen C\u00f3rdoba, Neuqu\u00e9n, Buenos Aires, Chaco, Mendoza, San Juan, Entre R\u00edos, Chubut.\u00a0<strong>En Chaco tambien hay jurado popular civil y comercial, toda una innovaci\u00f3n.<\/strong>\u00a0El sistema, de todos modos, nunca fue implementado a nivel federal.\u00a0<strong>Por lo general<\/strong>\u00a0se utiliza para delitos graves (con penas de prisi\u00f3n perpetua o un piso de 12 o 15 a\u00f1os de prisi\u00f3n) como los homicidios, violaciones, robos con arma. En C\u00f3rdoba se ha implementado para delitos de corrupci\u00f3n y hay condenas conocidas, como la que recay\u00f3 sobre Germ\u00e1n Kammerath por delitos contra la administraci\u00f3n p\u00fablica y contra un polic\u00eda por detenciones ilegales.\u00a0\u00a0<\/p>\n\n\n\n<p>\u00bfQu\u00e9 anunci\u00f3 el Presidente?&nbsp;<strong>\u00abPropiciaremos el establecimiento del juicio por jurados para la sanci\u00f3n de aquellos delitos graves que se cometan en el \u00e1mbito federal.<\/strong>&nbsp;Estaremos cumpliendo as\u00ed con una cl\u00e1usula de la Constituci\u00f3n Nacional de 1853 que nunca se hizo operativa a nivel federal. De lograr avanzar en esa idea, ser\u00e1 el pueblo, constituido en jurado popular, quien con todas las garant\u00edas constitucionales podr\u00e1 dictar su veredicto de inocencia o culpabilidad ante las conductas criminales que se sometan a su consideraci\u00f3n\u00bb, detall\u00f3. \u00abVengo a decirle al pa\u00eds con firmeza y convicci\u00f3n,que en esta hora hist\u00f3rica, urge reinstalar la confianza en nuestras instituciones (&#8230;) El pueblo argentino, a trav\u00e9s del juicio por jurados, tendr\u00e1 en sus manos la inmensa tarea de contribuir a recuperar la credibilidad en una real Justicia\u00bb, asegur\u00f3 tambi\u00e9n.&nbsp;&nbsp;<\/p>\n\n\n\n<p>Como sucede con todos los&nbsp;<a href=\"https:\/\/www.pagina12.com.ar\/326920-alberto-fernandez-apunto-a-la-corte-suprema\">proyectos de ley anunciados<\/a>&nbsp;en la apertura de sesiones (creaci\u00f3n de un tribunal intermedio, modificaci\u00f3n del art\u00edculo 280 del C\u00f3digo Procesal Civil y comercial, modificaci\u00f3n del Consejo de la Magistratura), t<strong>odav\u00eda ninguno est\u00e1 escrito<\/strong>.&nbsp;<\/p>\n\n\n\n<p><strong>La gran discusi\u00f3n que se viene respecto de los jurados para delitos federales ser\u00e1 la gravedad de los delitos que quedar\u00e1n incluidos<\/strong>, porque eso definir\u00e1 las posibildades de que queden abarcados los y las funcionarios\/as p\u00fablicos\/as.&nbsp;<\/p>\n\n\n\n<p>Por ejemplo, es imaginable que se aplique al crimen organizado y con eso a los delitos de narcotr\u00e1fico y trata de personas. Tambi\u00e9n es muy posible que entren los delitos tributarios.&nbsp;<strong>\u00bfUn Gianfranco Macri podr\u00eda ser juzgado por ciudadanos comunes?<\/strong>&nbsp;Con esta posible ley, s\u00ed, y los familiares que est\u00e9n implicados en la misma trama de presunta corrupci\u00f3n. Lavado de activos, en los t\u00e9rminos en que fue juzgado L\u00e1zaro B\u00e1ez, tambi\u00e9n podr\u00eda ser. Contrabando, es otro de los posibles.&nbsp;<\/p>\n\n\n\n<p>En ese punto seguramente estar\u00e1 la gran discusi\u00f3n y en los delitos m\u00e1s comunes contra la administraci\u00f3n p\u00fablica que tienen penas, por ejemplo, hasta seis a\u00f1os y que podr\u00e1n abarcar a quienes tienen o tuvieron cargos en la funci\u00f3n p\u00fablica. No fue para nada menor este anuncio del Presidente, que pocos advirtieron en el momento, pero que ya comienza a hacer ruido.\u00a0 \u00a0<\/p>\n\n\n\n<p><a href=\"https:\/\/www.pagina12.com.ar\/327173-las-dos-claves-anunciadas-de-la-reforma-judicial\">https:\/\/www.pagina12.com.ar\/327173-las-dos-claves-anunciadas-de-la-reforma-judicial<\/a><\/p>\n","protected":false},"excerpt":{"rendered":"<p>El Presidente hizo dos anuncios potentes que pocos advirtieron durante el discurso <\/p>\n","protected":false},"author":3,"featured_media":1727,"comment_status":"open","ping_status":"closed","sticky":false,"template":"","format":"standard","meta":{"jetpack_post_was_ever_published":false,"_jetpack_newsletter_access":"","_jetpack_dont_email_post_to_subs":false,"_jetpack_newsletter_tier_id":0,"_jetpack_memberships_contains_paywalled_content":false,"_jetpack_memberships_contains_paid_content":false,"footnotes":"","jetpack_publicize_message":"","jetpack_publicize_feature_enabled":true,"jetpack_social_post_already_shared":true,"jetpack_social_options":{"image_generator_settings":{"template":"highway","default_image_id":0,"font":"","enabled":false},"version":2}},"categories":[1],"tags":[],"class_list":["post-1726","post","type-post","status-publish","format-standard","has-post-thumbnail","hentry","category-sin-categoria"],"jetpack_publicize_connections":[],"jetpack_featured_media_url":"https:\/\/1005.com.ar\/wp-content\/uploads\/2021\/03\/images.jpg","jetpack-related-posts":[{"id":2412,"url":"https:\/\/1005.com.ar\/index.php\/2021\/11\/30\/la-muerte-del-nino-de-5-anos-en-la-pampa\/","url_meta":{"origin":1726,"position":0},"title":"La muerte del ni\u00f1o de 5 a\u00f1os en La Pampa","author":"Radio Music","date":"noviembre 30, 2021","format":false,"excerpt":"Lucio Dupuy sufr\u00eda \"maltrato infantil cr\u00f3nico\", seg\u00fan el fiscal Uno de los fiscales que integra la fiscal\u00eda especializada en delitos de Violencia Familiar de Santa Rosa, La Pampa, y que sigue de cerca el caso de Lucio Dupuy, el ni\u00f1o de 5 a\u00f1os que fue asesinado a golpes por su\u2026","rel":"","context":"En \u00abSin categor\u00eda\u00bb","block_context":{"text":"Sin categor\u00eda","link":"https:\/\/1005.com.ar\/index.php\/category\/sin-categoria\/"},"img":{"alt_text":"","src":"https:\/\/i0.wp.com\/1005.com.ar\/wp-content\/uploads\/2021\/11\/293585-whatsapp-20image-202021-11-30-20at-2009-45-05.jpeg?resize=350%2C200&ssl=1","width":350,"height":200,"srcset":"https:\/\/i0.wp.com\/1005.com.ar\/wp-content\/uploads\/2021\/11\/293585-whatsapp-20image-202021-11-30-20at-2009-45-05.jpeg?resize=350%2C200&ssl=1 1x, https:\/\/i0.wp.com\/1005.com.ar\/wp-content\/uploads\/2021\/11\/293585-whatsapp-20image-202021-11-30-20at-2009-45-05.jpeg?resize=525%2C300&ssl=1 1.5x, https:\/\/i0.wp.com\/1005.com.ar\/wp-content\/uploads\/2021\/11\/293585-whatsapp-20image-202021-11-30-20at-2009-45-05.jpeg?resize=700%2C400&ssl=1 2x"},"classes":[]},{"id":1757,"url":"https:\/\/1005.com.ar\/index.php\/2021\/03\/05\/una-clase-magistral-para-desenmascarar-el-lawfare\/","url_meta":{"origin":1726,"position":1},"title":"Una \u00abclase magistral\u00bb para desenmascarar el lawfare","author":"Radio Music","date":"marzo 5, 2021","format":false,"excerpt":"El oficialismo ante la exposici\u00f3n de Cristina Fern\u00e1ndez de Kirchner","rel":"","context":"En \u00abSin categor\u00eda\u00bb","block_context":{"text":"Sin categor\u00eda","link":"https:\/\/1005.com.ar\/index.php\/category\/sin-categoria\/"},"img":{"alt_text":"","src":"","width":0,"height":0},"classes":[]},{"id":3268,"url":"https:\/\/1005.com.ar\/index.php\/2022\/08\/03\/continuan-las-denuncias-sobre-una-persecucion-politica-y-judicial-contra-cristina\/","url_meta":{"origin":1726,"position":2},"title":"Contin\u00faan las denuncias sobre una \u201cpersecuci\u00f3n pol\u00edtica y judicial\u201d contra Cristina","author":"Julieta Di Rocco","date":"agosto 3, 2022","format":false,"excerpt":"En el contexto del juicio de la causa que se sigue por el presunto direccionamiento de la obra p\u00fablica en Santa Cruz entre 2003 y 2015, dirigentes y espacios pol\u00edticos oficialistas se siguen pronunciando en solidaridad con la vicepresidenta.\u00a0 https:\/\/www.telam.com.ar\/notas\/202208\/600528-denuncian-persecucion-contra-cristina-fernandez-de-kirchner.html","rel":"","context":"En \u00abSin categor\u00eda\u00bb","block_context":{"text":"Sin categor\u00eda","link":"https:\/\/1005.com.ar\/index.php\/category\/sin-categoria\/"},"img":{"alt_text":"","src":"https:\/\/i0.wp.com\/1005.com.ar\/wp-content\/uploads\/2022\/08\/62b0cf22c3597_900.jpg?resize=350%2C200&ssl=1","width":350,"height":200,"srcset":"https:\/\/i0.wp.com\/1005.com.ar\/wp-content\/uploads\/2022\/08\/62b0cf22c3597_900.jpg?resize=350%2C200&ssl=1 1x, https:\/\/i0.wp.com\/1005.com.ar\/wp-content\/uploads\/2022\/08\/62b0cf22c3597_900.jpg?resize=525%2C300&ssl=1 1.5x, https:\/\/i0.wp.com\/1005.com.ar\/wp-content\/uploads\/2022\/08\/62b0cf22c3597_900.jpg?resize=700%2C400&ssl=1 2x"},"classes":[]},{"id":3092,"url":"https:\/\/1005.com.ar\/index.php\/2022\/07\/11\/rechazaron-el-pedido-de-asilo-politico-de-pepin-rodriguez-simon\/","url_meta":{"origin":1726,"position":3},"title":"Rechazaron el pedido de asilo pol\u00edtico de Pep\u00edn Rodr\u00edguez Sim\u00f3n","author":"Julieta Di Rocco","date":"julio 11, 2022","format":false,"excerpt":"Est\u00e1 pr\u00f3fugo\u00a0desde el 8 de diciembre de 2020 Un Tribunal de Apelaciones de Uruguay rechaz\u00f3 la solicitud de refugio pol\u00edtico de Fabi\u00e1n \u201cPep\u00edn\u201d Rodr\u00edguez Sim\u00f3n, operador judicial de Macri durante su gobierno, que es investigado por delitos de extorsi\u00f3n. Est\u00e1 pr\u00f3fugo hace 580 d\u00edas. https:\/\/www.pagina12.com.ar\/436208-rechazaron-el-pedido-de-asilo-politico-de-pepin-rodriguez-si","rel":"","context":"En \u00abSin categor\u00eda\u00bb","block_context":{"text":"Sin categor\u00eda","link":"https:\/\/1005.com.ar\/index.php\/category\/sin-categoria\/"},"img":{"alt_text":"","src":"https:\/\/i0.wp.com\/1005.com.ar\/wp-content\/uploads\/2022\/07\/580172-e5bb1438-c8ed-45c9-8117-5847982cc8e5_0.jpg?resize=350%2C200&ssl=1","width":350,"height":200,"srcset":"https:\/\/i0.wp.com\/1005.com.ar\/wp-content\/uploads\/2022\/07\/580172-e5bb1438-c8ed-45c9-8117-5847982cc8e5_0.jpg?resize=350%2C200&ssl=1 1x, https:\/\/i0.wp.com\/1005.com.ar\/wp-content\/uploads\/2022\/07\/580172-e5bb1438-c8ed-45c9-8117-5847982cc8e5_0.jpg?resize=525%2C300&ssl=1 1.5x, https:\/\/i0.wp.com\/1005.com.ar\/wp-content\/uploads\/2022\/07\/580172-e5bb1438-c8ed-45c9-8117-5847982cc8e5_0.jpg?resize=700%2C400&ssl=1 2x"},"classes":[]},{"id":1826,"url":"https:\/\/1005.com.ar\/index.php\/2021\/03\/13\/el-fmigate-ya-es-una-causa-judicial-por-fraude\/","url_meta":{"origin":1726,"position":4},"title":"El FMIgate ya es una causa judicial por fraude","author":"Radio Music","date":"marzo 13, 2021","format":false,"excerpt":"Como hab\u00eda instruido el presidente\u00a0Alberto Fern\u00e1ndez\u00a0en el discurso inaugural de la Asamblea Legislativa del 1\u00b0 de marzo pasado,\u00a0la Oficina Anticorrupci\u00f3n realiz\u00f3 la denuncia penal contra Mauricio Macri y su equipo econ\u00f3mico\u00a0por el denominado\u00a0FMIgate, caso que fue detallado el domingo pasado en\u00a0P\u00e1gina\/12. Fern\u00e1ndez hab\u00eda dicho, textual, lo siguiente: *\u00a0\"Pongamos fin a\u2026","rel":"","context":"En \u00abSin categor\u00eda\u00bb","block_context":{"text":"Sin categor\u00eda","link":"https:\/\/1005.com.ar\/index.php\/category\/sin-categoria\/"},"img":{"alt_text":"","src":"https:\/\/i0.wp.com\/1005.com.ar\/wp-content\/uploads\/2021\/03\/foto0_1_112286_1-1.jpg?resize=350%2C200&ssl=1","width":350,"height":200,"srcset":"https:\/\/i0.wp.com\/1005.com.ar\/wp-content\/uploads\/2021\/03\/foto0_1_112286_1-1.jpg?resize=350%2C200&ssl=1 1x, https:\/\/i0.wp.com\/1005.com.ar\/wp-content\/uploads\/2021\/03\/foto0_1_112286_1-1.jpg?resize=525%2C300&ssl=1 1.5x"},"classes":[]},{"id":2082,"url":"https:\/\/1005.com.ar\/index.php\/2021\/06\/16\/alejandro-covello-el-bombardeo-del-55-no-tuvo-un-objetivo-militar-sino-civil\/","url_meta":{"origin":1726,"position":5},"title":"Alejandro Covello: \u00abEl bombardeo del &#8217;55 no tuvo un objetivo militar sino civil\u00bb","author":"Radio Music","date":"junio 16, 2021","format":false,"excerpt":"El 16 de junio de 1955 tuvo lugar el mayor atentado terrorista de la historia argentina.\u00a0Ese d\u00eda, 40 aviones de la Armada descargaron\u00a09 toneladas de bombas\u00a0sobre la poblaci\u00f3n civil que se hallaba en los alrededores de Plaza de Mayo. El realizador\u00a0Alejandro Covello, que adem\u00e1s es piloto aerocomercial, reconstruy\u00f3 todo lo\u2026","rel":"","context":"En \u00abSin categor\u00eda\u00bb","block_context":{"text":"Sin categor\u00eda","link":"https:\/\/1005.com.ar\/index.php\/category\/sin-categoria\/"},"img":{"alt_text":"","src":"https:\/\/i0.wp.com\/1005.com.ar\/wp-content\/uploads\/2021\/06\/descarga-2-1.jpg?resize=350%2C200&ssl=1","width":350,"height":200},"classes":[]}],"jetpack_likes_enabled":true,"jetpack_sharing_enabled":true,"_links":{"self":[{"href":"https:\/\/1005.com.ar\/index.php\/wp-json\/wp\/v2\/posts\/1726","targetHints":{"allow":["GET"]}}],"collection":[{"href":"https:\/\/1005.com.ar\/index.php\/wp-json\/wp\/v2\/posts"}],"about":[{"href":"https:\/\/1005.com.ar\/index.php\/wp-json\/wp\/v2\/types\/post"}],"author":[{"embeddable":true,"href":"https:\/\/1005.com.ar\/index.php\/wp-json\/wp\/v2\/users\/3"}],"replies":[{"embeddable":true,"href":"https:\/\/1005.com.ar\/index.php\/wp-json\/wp\/v2\/comments?post=1726"}],"version-history":[{"count":0,"href":"https:\/\/1005.com.ar\/index.php\/wp-json\/wp\/v2\/posts\/1726\/revisions"}],"wp:featuredmedia":[{"embeddable":true,"href":"https:\/\/1005.com.ar\/index.php\/wp-json\/wp\/v2\/media\/1727"}],"wp:attachment":[{"href":"https:\/\/1005.com.ar\/index.php\/wp-json\/wp\/v2\/media?parent=1726"}],"wp:term":[{"taxonomy":"category","embeddable":true,"href":"https:\/\/1005.com.ar\/index.php\/wp-json\/wp\/v2\/categories?post=1726"},{"taxonomy":"post_tag","embeddable":true,"href":"https:\/\/1005.com.ar\/index.php\/wp-json\/wp\/v2\/tags?post=1726"}],"curies":[{"name":"wp","href":"https:\/\/api.w.org\/{rel}","templated":true}]}}