{"id":1664,"date":"2021-02-26T12:34:54","date_gmt":"2021-02-26T15:34:54","guid":{"rendered":"https:\/\/1005.com.ar\/?p=1664"},"modified":"2021-02-26T12:34:56","modified_gmt":"2021-02-26T15:34:56","slug":"piden-por-la-vuelta-del-tren-que-une-saladillo-con-lobos-y-que-se-implemente-un-servicio-estudiantil","status":"publish","type":"post","link":"https:\/\/1005.com.ar\/index.php\/2021\/02\/26\/piden-por-la-vuelta-del-tren-que-une-saladillo-con-lobos-y-que-se-implemente-un-servicio-estudiantil\/","title":{"rendered":"Piden por la vuelta del tren que une Saladillo con Lobos y que se implemente un servicio estudiantil"},"content":{"rendered":"\n<p>Un grupo de vecinos de Roque Per\u00e9z inici\u00f3 en 2017 un pedido por la vuelta del servicio de 50 km que une Lobos y Saladillo, tramo que atraviesa a ocho localidades, entre ellas&nbsp; Lobos, Laguna de Lobos, Roque Per\u00e9z, Del Carril, Caz\u00f3n y Saladillo.<\/p>\n\n\n\n<p>En di\u00e1logo con LaNoticia1.com, Dami\u00e1n Grasetti, explic\u00f3 que hoy en d\u00eda son entre 4.000 y 5.000 los vecinos de su localidad que se sumaron al pedido y 50.000 en total de la traza completa, entre ellos 8.000 estudiantes.<\/p>\n\n\n\n<p>\u201cCuando iniciamos esto en 2017, que fue el \u00faltimo tren que pas\u00f3, se fueron sumando los vecinos y los pueblos. Arranc\u00f3 como un pedido local y se hizo viral. En el gobierno de Macri dejaron de mandar los trenes, pasaban dos por semana, de un d\u00eda para el otro no pasaron m\u00e1s\u201d, relat\u00f3 Grasetti.<\/p>\n\n\n\n<p>All\u00ed fue cuando comenzaron con el pedido de que comiencen a circular dos o tres servicios diarios Saladillo-Lobos y un cuatro que sea un tren estudiantil para que los chicos puedan estudiar en Lobos \u201cdonde hay un Centro de Formaci\u00f3n Profesional\u201d, explic\u00f3 el vecino.&nbsp;<\/p>\n\n\n\n<p>\u201cAs\u00ed los chicos podr\u00edan estudiar por medio del tren, pedimos que activen la circulaci\u00f3n en la zona, como hay en la Universidad de La Plata porque ac\u00e1 estamos literalmente aislados, no tenemos otra cosa que no sean combis o colectivos que salen una fortuna\u201d, se quej\u00f3 Grasetti.<\/p>\n\n\n\n<p>En este sentido explic\u00f3 que con el tren \u201cla gente podr\u00eda viajar tranquilamente a Lobos y de ah\u00ed hay otro ramal para ir a Capital inclusive\u201d y es que entre los beneficios que nombra el impulsor del reclamo se\u00f1al\u00f3: \u201cTeniendo el tren estamos conectados con todos los pueblos, esto genera desde que los chicos puedan estudiar hasta econom\u00edas regionales, que la gente pueda viajar a hacerse un estudio m\u00e9dico\u201d.<\/p>\n\n\n\n<p>\u201cQue la gente pueda tomarse el tren un d\u00eda o ir hasta Saladillo o Lobos a visitar un familiar. Yo tengo conocidos que no pueden hacerse estudios porque no tienen en qu\u00e9 ir cuando tenemos las v\u00edas f\u00e9rreas en perfecta condiciones. Hay gente que quiere ir a hacer una compra a Capital y no puede porque sale $4.000 un remis y con el tren $400\u201d, detall\u00f3.&nbsp;<\/p>\n\n\n\n<p>El pedido formal lo realizaron en 2018 cuando le hicieron llegar al entonces ministro de Transporte Guillermo Dietrich un pedido con casi 12 mil firmas que hab\u00edan juntado aunque \u201cno le dieron mucha importancia\u201d, lament\u00f3 el vecino.<\/p>\n\n\n\n<p>El cambio de gobierno significa una nueva esperanza para este grupo que busca volver a estar conectado. \u201cEstamos intentando llegar a alguien del Ministerio de Transporte, Trenes Argentinos con la intenci\u00f3n de que nos reciban, estamos en eso, est\u00e1n abriendo ramales en otros lados y tenemos la esperanza de que nos escuchen ac\u00e1 ya que somos muchos vecinos pidi\u00e9ndole\u201d, continu\u00f3.<\/p>\n\n\n\n<p>A modo de ejemplo, Grasetti se\u00f1al\u00f3: \u201cEstamos cerca de Navarro y a Navarro volvi\u00f3, a Carlos Casares, a Jun\u00edn, est\u00e1n abriendo los trenes y estamos en la espera aca todavia, cada vez se suma m\u00e1s gente y hay m\u00e1s demanda\u201d<\/p>\n","protected":false},"excerpt":{"rendered":"<p>Un grupo de vecinos de Roque Per\u00e9z inici\u00f3 en 2017 un pedido por la vuelta del servicio de 50 km<\/p>\n","protected":false},"author":3,"featured_media":1665,"comment_status":"open","ping_status":"closed","sticky":false,"template":"","format":"standard","meta":{"jetpack_post_was_ever_published":false,"_jetpack_newsletter_access":"","_jetpack_dont_email_post_to_subs":false,"_jetpack_newsletter_tier_id":0,"_jetpack_memberships_contains_paywalled_content":false,"_jetpack_memberships_contains_paid_content":false,"footnotes":"","jetpack_publicize_message":"","jetpack_publicize_feature_enabled":true,"jetpack_social_post_already_shared":true,"jetpack_social_options":{"image_generator_settings":{"template":"highway","default_image_id":0,"font":"","enabled":false},"version":2}},"categories":[1],"tags":[],"class_list":["post-1664","post","type-post","status-publish","format-standard","has-post-thumbnail","hentry","category-sin-categoria"],"jetpack_publicize_connections":[],"jetpack_featured_media_url":"https:\/\/1005.com.ar\/wp-content\/uploads\/2021\/02\/1796680_376710262471704_2005858353_n.jpg","jetpack-related-posts":[{"id":3795,"url":"https:\/\/1005.com.ar\/index.php\/2023\/01\/23\/visita-de-tolosa-paz-a-distritos-de-la-septima-seccion\/","url_meta":{"origin":1664,"position":0},"title":"Visita de Tolosa Paz a distritos de la s\u00e9ptima secci\u00f3n","author":"Julieta Di Rocco","date":"enero 23, 2023","format":false,"excerpt":"Estuvo en Roque P\u00e9rez y Tapalqu\u00e9 La Ministra de Desarrollo Social de la Naci\u00f3n, Victoria Tolosa Paz recorri\u00f3 los distritos de Roque P\u00e9rez y Tapalqu\u00e9 junto a los intendentes Jos\u00e9 Luis Horna y Gustavo Cocconi. Durante la recorrida fue acompa\u00f1ada por referentes del Frente de Todos de la s\u00e9ptima secci\u00f3n\u2026","rel":"","context":"En \u00abSin categor\u00eda\u00bb","block_context":{"text":"Sin categor\u00eda","link":"https:\/\/1005.com.ar\/index.php\/category\/sin-categoria\/"},"img":{"alt_text":"","src":"https:\/\/i0.wp.com\/1005.com.ar\/wp-content\/uploads\/2023\/01\/3241066c-9c87-4553-ac61-f5cf06c375ad.jpg?resize=350%2C200&ssl=1","width":350,"height":200,"srcset":"https:\/\/i0.wp.com\/1005.com.ar\/wp-content\/uploads\/2023\/01\/3241066c-9c87-4553-ac61-f5cf06c375ad.jpg?resize=350%2C200&ssl=1 1x, https:\/\/i0.wp.com\/1005.com.ar\/wp-content\/uploads\/2023\/01\/3241066c-9c87-4553-ac61-f5cf06c375ad.jpg?resize=525%2C300&ssl=1 1.5x, https:\/\/i0.wp.com\/1005.com.ar\/wp-content\/uploads\/2023\/01\/3241066c-9c87-4553-ac61-f5cf06c375ad.jpg?resize=700%2C400&ssl=1 2x"},"classes":[]},{"id":1869,"url":"https:\/\/1005.com.ar\/index.php\/2021\/03\/26\/nueva-reunion-por-la-posible-implementacion-de-transporte-publico-en-saladillo\/","url_meta":{"origin":1664,"position":1},"title":"Nueva reuni\u00f3n por la posible implementaci\u00f3n de transporte p\u00fablico en Saladillo","author":"Radio Music","date":"marzo 26, 2021","format":false,"excerpt":"En la \u00faltima reuni\u00f3n, los funcionarios municipales presentaron una encuesta para recopilar datos que permitan desarrollar un diagn\u00f3stico real del posible uso del servicio de transporte, edades de las personas interesadas, d\u00edas y horarios m\u00e1s necesarios, entre otras cuestiones. Adem\u00e1s el intendente recibi\u00f3 distintas propuestas referidas al tema y en\u2026","rel":"","context":"En \u00abSin categor\u00eda\u00bb","block_context":{"text":"Sin categor\u00eda","link":"https:\/\/1005.com.ar\/index.php\/category\/sin-categoria\/"},"img":{"alt_text":"","src":"https:\/\/i0.wp.com\/1005.com.ar\/wp-content\/uploads\/2021\/03\/saladillo_6.jpg?resize=350%2C200&ssl=1","width":350,"height":200},"classes":[]},{"id":3384,"url":"https:\/\/1005.com.ar\/index.php\/2022\/08\/25\/universidad-de-saladillo\/","url_meta":{"origin":1664,"position":2},"title":"Universidad de Saladillo","author":"Julieta Di Rocco","date":"agosto 25, 2022","format":false,"excerpt":"No todo es color de rosas, \"Cambiemos\" voto en contra.Si algo nos queda en claro es que gracias al peronismo, Saladillo tendr\u00e1 seguramente, si es que Cambiemos novota en contra como lo hizo ayer en la comisi\u00f3n de educaci\u00f3n del Congreso , un Universidad P\u00fablica para nuestraj\u00f3venes.Porque hago la salvedad\u2026","rel":"","context":"En \u00abSin categor\u00eda\u00bb","block_context":{"text":"Sin categor\u00eda","link":"https:\/\/1005.com.ar\/index.php\/category\/sin-categoria\/"},"img":{"alt_text":"","src":"https:\/\/i0.wp.com\/1005.com.ar\/wp-content\/uploads\/2022\/08\/image_content_35884364_20200616084929.jpg?resize=350%2C200&ssl=1","width":350,"height":200,"srcset":"https:\/\/i0.wp.com\/1005.com.ar\/wp-content\/uploads\/2022\/08\/image_content_35884364_20200616084929.jpg?resize=350%2C200&ssl=1 1x, https:\/\/i0.wp.com\/1005.com.ar\/wp-content\/uploads\/2022\/08\/image_content_35884364_20200616084929.jpg?resize=525%2C300&ssl=1 1.5x"},"classes":[]},{"id":3390,"url":"https:\/\/1005.com.ar\/index.php\/2022\/08\/29\/el-programa-acercar-estara-en-saladillo\/","url_meta":{"origin":1664,"position":3},"title":"EL PROGRAMA \u00abACERCAR\u00bb ESTAR\u00c1 EN SALADILLO","author":"Julieta Di Rocco","date":"agosto 29, 2022","format":false,"excerpt":"Esta semana, durante los d\u00edas mi\u00e9rcoles, jueves y viernes desde las 9 de la ma\u00f1ana hasta las 2 de la tarde se estar\u00e1 desarrollando en Saladillo el programa \"ACERCAR\", gestionado a trav\u00e9s de la Subsecretar\u00eda de Asuntos Municipales del Ministerio de Gobierno de la Provincia de Buenos Aires. El operativo\u2026","rel":"","context":"En \u00abSin categor\u00eda\u00bb","block_context":{"text":"Sin categor\u00eda","link":"https:\/\/1005.com.ar\/index.php\/category\/sin-categoria\/"},"img":{"alt_text":"","src":"https:\/\/i0.wp.com\/1005.com.ar\/wp-content\/uploads\/2022\/08\/ead98295-675d-4e80-a785-bab0a9490c38.jpg?resize=350%2C200&ssl=1","width":350,"height":200,"srcset":"https:\/\/i0.wp.com\/1005.com.ar\/wp-content\/uploads\/2022\/08\/ead98295-675d-4e80-a785-bab0a9490c38.jpg?resize=350%2C200&ssl=1 1x, https:\/\/i0.wp.com\/1005.com.ar\/wp-content\/uploads\/2022\/08\/ead98295-675d-4e80-a785-bab0a9490c38.jpg?resize=525%2C300&ssl=1 1.5x, https:\/\/i0.wp.com\/1005.com.ar\/wp-content\/uploads\/2022\/08\/ead98295-675d-4e80-a785-bab0a9490c38.jpg?resize=700%2C400&ssl=1 2x"},"classes":[]},{"id":5679,"url":"https:\/\/1005.com.ar\/index.php\/2025\/02\/10\/falla-en-el-sistema-interconectado-nacional-saco-de-servicio-un-alimentador-en-saladillo\/","url_meta":{"origin":1664,"position":4},"title":"FALLA EN EL SISTEMA INTERCONECTADO NACIONAL: Sac\u00f3 de servicio un alimentador en Saladillo.","author":"Julieta Di Rocco","date":"febrero 10, 2025","format":false,"excerpt":"Fuente: Canal 5 Saladillo","rel":"","context":"En \u00abSin categor\u00eda\u00bb","block_context":{"text":"Sin categor\u00eda","link":"https:\/\/1005.com.ar\/index.php\/category\/sin-categoria\/"},"img":{"alt_text":"","src":"","width":0,"height":0},"classes":[]},{"id":3080,"url":"https:\/\/1005.com.ar\/index.php\/2022\/07\/09\/bloque-de-concejales-frente-de-todos-saladillo\/","url_meta":{"origin":1664,"position":5},"title":"Bloque de Concejales Frente de Todos Saladillo","author":"Julieta Di Rocco","date":"julio 9, 2022","format":false,"excerpt":"La DGCy E aprob\u00f3 la ampliaci\u00f3n de la Escuela Primaria 11 Amaro Sarlo, presidente del Bloque del Frente de Todos, fue informado a trav\u00e9s de la Subsecretar\u00eda de Infraestructura Escolar de la DGC y E , que en el d\u00eda de ayer jueves 7, se aprob\u00f3 la realizaci\u00f3n de la\u2026","rel":"","context":"En \u00abSin categor\u00eda\u00bb","block_context":{"text":"Sin categor\u00eda","link":"https:\/\/1005.com.ar\/index.php\/category\/sin-categoria\/"},"img":{"alt_text":"","src":"https:\/\/i0.wp.com\/1005.com.ar\/wp-content\/uploads\/2022\/07\/264986345_3119232195014716_6724753189875289981_n.jpg?resize=350%2C200&ssl=1","width":350,"height":200,"srcset":"https:\/\/i0.wp.com\/1005.com.ar\/wp-content\/uploads\/2022\/07\/264986345_3119232195014716_6724753189875289981_n.jpg?resize=350%2C200&ssl=1 1x, https:\/\/i0.wp.com\/1005.com.ar\/wp-content\/uploads\/2022\/07\/264986345_3119232195014716_6724753189875289981_n.jpg?resize=525%2C300&ssl=1 1.5x, https:\/\/i0.wp.com\/1005.com.ar\/wp-content\/uploads\/2022\/07\/264986345_3119232195014716_6724753189875289981_n.jpg?resize=700%2C400&ssl=1 2x"},"classes":[]}],"jetpack_likes_enabled":true,"jetpack_sharing_enabled":true,"_links":{"self":[{"href":"https:\/\/1005.com.ar\/index.php\/wp-json\/wp\/v2\/posts\/1664","targetHints":{"allow":["GET"]}}],"collection":[{"href":"https:\/\/1005.com.ar\/index.php\/wp-json\/wp\/v2\/posts"}],"about":[{"href":"https:\/\/1005.com.ar\/index.php\/wp-json\/wp\/v2\/types\/post"}],"author":[{"embeddable":true,"href":"https:\/\/1005.com.ar\/index.php\/wp-json\/wp\/v2\/users\/3"}],"replies":[{"embeddable":true,"href":"https:\/\/1005.com.ar\/index.php\/wp-json\/wp\/v2\/comments?post=1664"}],"version-history":[{"count":0,"href":"https:\/\/1005.com.ar\/index.php\/wp-json\/wp\/v2\/posts\/1664\/revisions"}],"wp:featuredmedia":[{"embeddable":true,"href":"https:\/\/1005.com.ar\/index.php\/wp-json\/wp\/v2\/media\/1665"}],"wp:attachment":[{"href":"https:\/\/1005.com.ar\/index.php\/wp-json\/wp\/v2\/media?parent=1664"}],"wp:term":[{"taxonomy":"category","embeddable":true,"href":"https:\/\/1005.com.ar\/index.php\/wp-json\/wp\/v2\/categories?post=1664"},{"taxonomy":"post_tag","embeddable":true,"href":"https:\/\/1005.com.ar\/index.php\/wp-json\/wp\/v2\/tags?post=1664"}],"curies":[{"name":"wp","href":"https:\/\/api.w.org\/{rel}","templated":true}]}}