{"id":1655,"date":"2021-02-26T12:16:24","date_gmt":"2021-02-26T15:16:24","guid":{"rendered":"https:\/\/1005.com.ar\/?p=1655"},"modified":"2021-02-26T12:16:26","modified_gmt":"2021-02-26T15:16:26","slug":"ley-de-financiamiento-para-ciencia-y-tecnica-el-gran-triunfo-del-uno-por-ciento","status":"publish","type":"post","link":"https:\/\/1005.com.ar\/index.php\/2021\/02\/26\/ley-de-financiamiento-para-ciencia-y-tecnica-el-gran-triunfo-del-uno-por-ciento\/","title":{"rendered":"Ley de Financiamiento para Ciencia y T\u00e9cnica: El gran triunfo del uno por ciento"},"content":{"rendered":"\n<p>Cajoneada por cuatro a\u00f1os durante el gobierno de Mauricio Macri, la sanci\u00f3n de la\u00a0<strong>Ley de Financiamiento del Sistema Nacional de Ciencia, Tecnolog\u00eda e Innovaci\u00f3n<\/strong>\u00a0representa\u00a0la realizaci\u00f3n de la hist\u00f3rica lucha de la comunidad cient\u00edfica para que los recursos destinados al \u00e1rea de Ciencia y T\u00e9cnica tengan una participaci\u00f3n del uno por ciento del Producto Bruto Interno (PBI) del pa\u00eds. El proyecto,\u00a0<a href=\"https:\/\/www.pagina12.com.ar\/325942-el-senado-convirtio-en-ley-el-proyecto-para-aumentar-el-fina\">aprobado por unanimidad en el Senado<\/a>, establece que el Estado Nacional\u00a0<strong>deber\u00e1 ir aumentando el presupuesto destinado a la funci\u00f3n Ciencia y T\u00e9cnica\u00a0(de un actual 0,28 por ciento) hasta llegar al uno por ciento en el 2032<\/strong>.\u00a0<\/p>\n\n\n\n<p>\u00abLa pandemia revel\u00f3 para toda la sociedad la importancia de la ciencia y la tecnolog\u00eda. Hubo un cambio pol\u00edtico muy grande, qued\u00f3 plasmado que la ciencia debe ser una pol\u00edtica de Estado y esta ley firma el compromiso de que invertir\u00e1 de forma progresiva para que nunca m\u00e1s el sistema cient\u00edfico argentino pase por las crisis a los que nos han tenido acostumbrados los gobiernos neoliberales\u00bb, celebr\u00f3 el ministro&nbsp;de Ciencia, Tecnolog\u00eda e Innovaci\u00f3n de la Naci\u00f3n,&nbsp;<strong>Roberto Salvarezza<\/strong>, en di\u00e1logo con&nbsp;<strong>P\u00e1gina\/12<\/strong>.<\/p>\n\n\n\n<p>El mi\u00e9rcoles el Senado aprob\u00f3,<strong>&nbsp;con el voto afirmativo de todos los bloques pol\u00edticos<\/strong>, una iniciativa que establece el \u00abincremento progresivo y sostenido del presupuesto nacional destinado a la funci\u00f3n ciencia y t\u00e9cnica, por su capacidad estrat\u00e9gica para el desarrollo econ\u00f3mico, social y ambiental\u00bb.&nbsp;<\/p>\n\n\n\n<blockquote class=\"wp-block-quote is-layout-flow wp-block-quote-is-layout-flow\"><p>\u00abSignifica que ya no tendremos que ir recorriendo los escritorios de los legisladores para pedir por nuestro presupuesto\u00bb.&nbsp;<strong>Franchi<\/strong><\/p><\/blockquote>\n\n\n\n<p>\u00abNosotros ya ten\u00edamos, desde 2001, una ley nacional de Ciencia que afirmaba que el Estado Nacional iba a financiar el \u00e1rea a trav\u00e9s de la funci\u00f3n de Ciencia y T\u00e9cnica del presupuesto, pero&nbsp;<strong>no hab\u00eda un compromiso real ni una sostenibilidad en cuanto a qu\u00e9 monto iba representar<\/strong>. Esta ley se mete en el marco de financiamiento y pone al Estado a garantizar un financiamiento progresivo\u00bb, explic\u00f3 Salvarezza, quien acompa\u00f1\u00f3 todo el proceso legislativo del proyecto (redactado originalmente por el actual ministro de Interior,&nbsp;<strong>Wado De Pedro<\/strong>, cuando era diputado nacional).&nbsp;<\/p>\n\n\n\n<p>El objetivo central de la ley consiste en ir incrementando a\u00f1o a a\u00f1o los recursos destinados al \u00e1rea de Ciencia y T\u00e9cnica, que hoy representan el 0,28 por ciento del PBI, hasta llegar al uno por ciento del PBI en el 2032. La idea, en resumen, es&nbsp;<strong>cuatriplicar el presupuesto destinado a ciencia dentro de diez a\u00f1os<\/strong>.&nbsp;<\/p>\n\n\n\n<h2 class=\"wp-block-heading\">Un cambio total<\/h2>\n\n\n\n<p>\u00ab<strong>El 1 por ciento del PBI es una bandera de la comunidad cient\u00edfica desde siempre<\/strong>. Significa mucho para nosotros, porque significa que la ciencia y la tecnolog\u00eda pasaron a ser una pol\u00edtica de Estado.\u00a0<strong>Significa que no tenemos que ir recorriendo los escritorios de los legisladores para pedir por nuestro presupuesto<\/strong>\u00ab, reivindic\u00f3 la presidenta del Conicet,\u00a0<strong>Ana Franchi<\/strong>. \u00abA partir de ahora, el porcentaje del presupuesto dedicado a ciencia y tecnolog\u00eda aumenta un 15 por ciento a\u00f1o a a\u00f1o, hasta llegar al uno por ciento en 2032. Y, adem\u00e1s, tiene en cuenta que,\u00a0<strong>si un a\u00f1o baja el PBI, no puede destinar un menor presupuesto que el a\u00f1o anterior<\/strong>. Para nosotros es un cambio total, nos aseguramos nuestro presupuesto\u00bb.<\/p>\n\n\n\n<p><a href=\"https:\/\/www.pagina12.com.ar\/326200-ley-de-financiamiento-para-ciencia-y-tecnica-el-gran-triunfo\">https:\/\/www.pagina12.com.ar\/326200-ley-de-financiamiento-para-ciencia-y-tecnica-el-gran-triunfo<\/a><\/p>\n","protected":false},"excerpt":{"rendered":"<p>La comunidad cient\u00edfica celebra la sanci\u00f3n de la ley <\/p>\n","protected":false},"author":3,"featured_media":1656,"comment_status":"open","ping_status":"closed","sticky":false,"template":"","format":"standard","meta":{"jetpack_post_was_ever_published":false,"_jetpack_newsletter_access":"","_jetpack_dont_email_post_to_subs":false,"_jetpack_newsletter_tier_id":0,"_jetpack_memberships_contains_paywalled_content":false,"_jetpack_memberships_contains_paid_content":false,"footnotes":"","jetpack_publicize_message":"","jetpack_publicize_feature_enabled":true,"jetpack_social_post_already_shared":true,"jetpack_social_options":{"image_generator_settings":{"template":"highway","default_image_id":0,"font":"","enabled":false},"version":2}},"categories":[1],"tags":[],"class_list":["post-1655","post","type-post","status-publish","format-standard","has-post-thumbnail","hentry","category-sin-categoria"],"jetpack_publicize_connections":[],"jetpack_featured_media_url":"https:\/\/1005.com.ar\/wp-content\/uploads\/2021\/02\/5f6236af03fb2_800x450.jpg","jetpack-related-posts":[{"id":2945,"url":"https:\/\/1005.com.ar\/index.php\/2022\/06\/08\/siestas-cortas-por-que-la-ciencia-recomienda-dormir-entre-15-y-45-minutos\/","url_meta":{"origin":1655,"position":0},"title":"Siestas cortas: \u00bfPor qu\u00e9 la ciencia recomienda dormir entre 15 y 45 minutos?","author":"Julieta Di Rocco","date":"junio 8, 2022","format":false,"excerpt":"Aunque no reemplaza el descanso nocturno, poner una pausa para cortar el d\u00eda favorece el rendimiento cognitivo, el estado de alerta y de \u00e1nimo. https:\/\/www.pagina12.com.ar\/427120-siestas-cortas-por-que-la-ciencia-recomienda-dormir-entre-15","rel":"","context":"En \u00abSin categor\u00eda\u00bb","block_context":{"text":"Sin categor\u00eda","link":"https:\/\/1005.com.ar\/index.php\/category\/sin-categoria\/"},"img":{"alt_text":"","src":"https:\/\/i0.wp.com\/1005.com.ar\/wp-content\/uploads\/2022\/06\/555972-siesta_0.jpg?resize=350%2C200&ssl=1","width":350,"height":200,"srcset":"https:\/\/i0.wp.com\/1005.com.ar\/wp-content\/uploads\/2022\/06\/555972-siesta_0.jpg?resize=350%2C200&ssl=1 1x, https:\/\/i0.wp.com\/1005.com.ar\/wp-content\/uploads\/2022\/06\/555972-siesta_0.jpg?resize=525%2C300&ssl=1 1.5x, https:\/\/i0.wp.com\/1005.com.ar\/wp-content\/uploads\/2022\/06\/555972-siesta_0.jpg?resize=700%2C400&ssl=1 2x"},"classes":[]},{"id":6130,"url":"https:\/\/1005.com.ar\/index.php\/2025\/07\/05\/la-ciencia-argentina-a-un-paso-de-un-noqueo-irremontable\/","url_meta":{"origin":1655,"position":1},"title":"La ciencia argentina, a un paso de un noqueo irremontable","author":"Julieta Di Rocco","date":"julio 5, 2025","format":false,"excerpt":"El gobierno pone contra las cuerdas a los organismos cient\u00edficos https:\/\/www.pagina12.com.ar\/839753-la-ciencia-argentina-a-un-paso-de-un-noqueo-irremontable","rel":"","context":"En \u00abSin categor\u00eda\u00bb","block_context":{"text":"Sin categor\u00eda","link":"https:\/\/1005.com.ar\/index.php\/category\/sin-categoria\/"},"img":{"alt_text":"","src":"https:\/\/i0.wp.com\/1005.com.ar\/wp-content\/uploads\/2025\/07\/952422-000-48gd336-0.jpg?resize=350%2C200&ssl=1","width":350,"height":200,"srcset":"https:\/\/i0.wp.com\/1005.com.ar\/wp-content\/uploads\/2025\/07\/952422-000-48gd336-0.jpg?resize=350%2C200&ssl=1 1x, https:\/\/i0.wp.com\/1005.com.ar\/wp-content\/uploads\/2025\/07\/952422-000-48gd336-0.jpg?resize=525%2C300&ssl=1 1.5x, https:\/\/i0.wp.com\/1005.com.ar\/wp-content\/uploads\/2025\/07\/952422-000-48gd336-0.jpg?resize=700%2C400&ssl=1 2x"},"classes":[]},{"id":4019,"url":"https:\/\/1005.com.ar\/index.php\/2023\/03\/21\/siestas-cortas-por-que-la-ciencia-recomienda-dormir-entre-15-y-45-minutos-2\/","url_meta":{"origin":1655,"position":2},"title":"Siestas cortas: \u00bfPor qu\u00e9 la ciencia recomienda dormir entre 15 y 45 minutos?","author":"Julieta Di Rocco","date":"marzo 21, 2023","format":false,"excerpt":"https:\/\/www.pagina12.com.ar\/427120-siestas-cortas-por-que-la-ciencia-recomienda-dormir-entre-15","rel":"","context":"En \u00abSin categor\u00eda\u00bb","block_context":{"text":"Sin categor\u00eda","link":"https:\/\/1005.com.ar\/index.php\/category\/sin-categoria\/"},"img":{"alt_text":"","src":"https:\/\/i0.wp.com\/1005.com.ar\/wp-content\/uploads\/2023\/03\/555972-hombre-cansado-descansando-cama_0.jpg?resize=350%2C200&ssl=1","width":350,"height":200,"srcset":"https:\/\/i0.wp.com\/1005.com.ar\/wp-content\/uploads\/2023\/03\/555972-hombre-cansado-descansando-cama_0.jpg?resize=350%2C200&ssl=1 1x, https:\/\/i0.wp.com\/1005.com.ar\/wp-content\/uploads\/2023\/03\/555972-hombre-cansado-descansando-cama_0.jpg?resize=525%2C300&ssl=1 1.5x, https:\/\/i0.wp.com\/1005.com.ar\/wp-content\/uploads\/2023\/03\/555972-hombre-cansado-descansando-cama_0.jpg?resize=700%2C400&ssl=1 2x"},"classes":[]},{"id":5438,"url":"https:\/\/1005.com.ar\/index.php\/2024\/10\/04\/como-es-hacer-ciencia-en-la-era-milei-cuando-hay-fondos-pero-el-gobierno-decide-paralizarlos\/","url_meta":{"origin":1655,"position":3},"title":"C\u00f3mo es hacer ciencia en la era Milei, cuando hay fondos pero el Gobierno decide paralizarlos","author":"Julieta Di Rocco","date":"octubre 4, 2024","format":false,"excerpt":"https:\/\/www.eldiarioar.com\/unidad-de-investigacion\/ciencia-milei-plata-gobierno-retiene_1_11692317.html","rel":"","context":"En \u00abSin categor\u00eda\u00bb","block_context":{"text":"Sin categor\u00eda","link":"https:\/\/1005.com.ar\/index.php\/category\/sin-categoria\/"},"img":{"alt_text":"","src":"https:\/\/i0.wp.com\/1005.com.ar\/wp-content\/uploads\/2024\/10\/baa9c1d9-a54d-4367-a20f-3adf8b7c4c22_16-9-discover-aspect-ratio_default_0.webp?resize=350%2C200&ssl=1","width":350,"height":200,"srcset":"https:\/\/i0.wp.com\/1005.com.ar\/wp-content\/uploads\/2024\/10\/baa9c1d9-a54d-4367-a20f-3adf8b7c4c22_16-9-discover-aspect-ratio_default_0.webp?resize=350%2C200&ssl=1 1x, https:\/\/i0.wp.com\/1005.com.ar\/wp-content\/uploads\/2024\/10\/baa9c1d9-a54d-4367-a20f-3adf8b7c4c22_16-9-discover-aspect-ratio_default_0.webp?resize=525%2C300&ssl=1 1.5x, https:\/\/i0.wp.com\/1005.com.ar\/wp-content\/uploads\/2024\/10\/baa9c1d9-a54d-4367-a20f-3adf8b7c4c22_16-9-discover-aspect-ratio_default_0.webp?resize=700%2C400&ssl=1 2x, https:\/\/i0.wp.com\/1005.com.ar\/wp-content\/uploads\/2024\/10\/baa9c1d9-a54d-4367-a20f-3adf8b7c4c22_16-9-discover-aspect-ratio_default_0.webp?resize=1050%2C600&ssl=1 3x"},"classes":[]},{"id":3433,"url":"https:\/\/1005.com.ar\/index.php\/2022\/09\/03\/estudiar-la-vida-a-traves-de-la-muerte-le-donarias-tu-cuerpo-a-la-ciencia\/","url_meta":{"origin":1655,"position":4},"title":"Estudiar la vida a trav\u00e9s de la muerte: \u00bfLe donar\u00edas tu cuerpo a la ciencia?","author":"Julieta Di Rocco","date":"septiembre 3, 2022","format":false,"excerpt":"La cesi\u00f3n de cad\u00e1veres para el estudio cient\u00edfico es una acci\u00f3n voluntaria que contribuye al desarrollo de la medicina y a la formaci\u00f3n profesional en salud. C\u00f3mo se hace en Argentina. https:\/\/www.pagina12.com.ar\/477622-estudiar-la-vida-a-traves-de-la-muerte-le-donarias-tu-cuerpo","rel":"","context":"En \u00abSin categor\u00eda\u00bb","block_context":{"text":"Sin categor\u00eda","link":"https:\/\/1005.com.ar\/index.php\/category\/sin-categoria\/"},"img":{"alt_text":"","src":"https:\/\/i0.wp.com\/1005.com.ar\/wp-content\/uploads\/2022\/09\/630446-pexels-ivan-babydov-7788493_0.jpg?resize=350%2C200&ssl=1","width":350,"height":200,"srcset":"https:\/\/i0.wp.com\/1005.com.ar\/wp-content\/uploads\/2022\/09\/630446-pexels-ivan-babydov-7788493_0.jpg?resize=350%2C200&ssl=1 1x, https:\/\/i0.wp.com\/1005.com.ar\/wp-content\/uploads\/2022\/09\/630446-pexels-ivan-babydov-7788493_0.jpg?resize=525%2C300&ssl=1 1.5x, https:\/\/i0.wp.com\/1005.com.ar\/wp-content\/uploads\/2022\/09\/630446-pexels-ivan-babydov-7788493_0.jpg?resize=700%2C400&ssl=1 2x"},"classes":[]},{"id":6081,"url":"https:\/\/1005.com.ar\/index.php\/2025\/06\/14\/comer-puede-prevenir-el-alzheimer-que-alimentos-recomienda-la-ciencia-para-proteger-el-cerebro\/","url_meta":{"origin":1655,"position":5},"title":"\u00bfComer puede prevenir el Alzheimer?: qu\u00e9 alimentos recomienda la ciencia para proteger el cerebro","author":"Julieta Di Rocco","date":"junio 14, 2025","format":false,"excerpt":"https:\/\/www.infobae.com\/salud\/2025\/06\/14\/comer-puede-prevenir-el-alzheimer-que-alimentos-recomienda-la-ciencia-para-proteger-el-cerebro","rel":"","context":"En \u00abSin categor\u00eda\u00bb","block_context":{"text":"Sin categor\u00eda","link":"https:\/\/1005.com.ar\/index.php\/category\/sin-categoria\/"},"img":{"alt_text":"","src":"https:\/\/i0.wp.com\/1005.com.ar\/wp-content\/uploads\/2025\/06\/descarga-31.jpg?resize=350%2C200&ssl=1","width":350,"height":200},"classes":[]}],"jetpack_likes_enabled":true,"jetpack_sharing_enabled":true,"_links":{"self":[{"href":"https:\/\/1005.com.ar\/index.php\/wp-json\/wp\/v2\/posts\/1655","targetHints":{"allow":["GET"]}}],"collection":[{"href":"https:\/\/1005.com.ar\/index.php\/wp-json\/wp\/v2\/posts"}],"about":[{"href":"https:\/\/1005.com.ar\/index.php\/wp-json\/wp\/v2\/types\/post"}],"author":[{"embeddable":true,"href":"https:\/\/1005.com.ar\/index.php\/wp-json\/wp\/v2\/users\/3"}],"replies":[{"embeddable":true,"href":"https:\/\/1005.com.ar\/index.php\/wp-json\/wp\/v2\/comments?post=1655"}],"version-history":[{"count":0,"href":"https:\/\/1005.com.ar\/index.php\/wp-json\/wp\/v2\/posts\/1655\/revisions"}],"wp:featuredmedia":[{"embeddable":true,"href":"https:\/\/1005.com.ar\/index.php\/wp-json\/wp\/v2\/media\/1656"}],"wp:attachment":[{"href":"https:\/\/1005.com.ar\/index.php\/wp-json\/wp\/v2\/media?parent=1655"}],"wp:term":[{"taxonomy":"category","embeddable":true,"href":"https:\/\/1005.com.ar\/index.php\/wp-json\/wp\/v2\/categories?post=1655"},{"taxonomy":"post_tag","embeddable":true,"href":"https:\/\/1005.com.ar\/index.php\/wp-json\/wp\/v2\/tags?post=1655"}],"curies":[{"name":"wp","href":"https:\/\/api.w.org\/{rel}","templated":true}]}}