{"id":1645,"date":"2021-02-23T23:17:14","date_gmt":"2021-02-24T02:17:14","guid":{"rendered":"https:\/\/1005.com.ar\/?p=1645"},"modified":"2021-02-23T23:17:17","modified_gmt":"2021-02-24T02:17:17","slug":"saladillo-vacunados-felicitaciones-a-los-chicos-y-chicas-de-posta-de-vacunacion-local","status":"publish","type":"post","link":"https:\/\/1005.com.ar\/index.php\/2021\/02\/23\/saladillo-vacunados-felicitaciones-a-los-chicos-y-chicas-de-posta-de-vacunacion-local\/","title":{"rendered":"Saladillo: \u00a1Vacunados! felicitaciones a los chicos y chicas de POSTA DE VACUNACION LOCAL!!"},"content":{"rendered":"\n<p>Tuve la posibilidad de vacunarme tras haber sido citado desde la Posta de vacunaci\u00f3n local a trav\u00e9s del listado de inscripci\u00f3n, de acuerdo a lo estipulado por el gobierno de la provincia de Buenos Aires.<\/p>\n\n\n\n<p>Y hoy me toc\u00f3 como a tantos otros. Por ejemplo, a Nora Angelani, Julio Zaniratto o Dar\u00edo Garc\u00eda, todos mayores de 60 a\u00f1os (perd\u00f3n), que tambi\u00e9n recibieron la primera dosis de la vacuna Sputnik V como la reciben mayores de 70 y 80 a\u00f1os as\u00ed como trabajadores esenciales, de salud o docentes.<\/p>\n\n\n\n<p>En momentos de convulsi\u00f3n pol\u00edtica por lo ocurrido en el Ministerio de Salud de la Naci\u00f3n d\u00edas atr\u00e1s es importante la continuidad del Plan de vacunaci\u00f3n y, sobre todo, en las condiciones que se dan en nuestra ciudad, luego tambi\u00e9n de problemas felizmente superados con el aporte de todos y todas. Muy buena atenci\u00f3n, higiene, seguridad y explicaciones suficientes para ganar en tranquilidad tras la aplicaci\u00f3n.<\/p>\n\n\n\n<p>Y, adem\u00e1s, saber que est\u00e1 asegurada la continuidad de este plan por la llegada peri\u00f3dica y regular de nuevas dosis.<\/p>\n\n\n\n<p>A Saladillo llegaron una buena cantidad de dosis de Sputnik V, ayer de Astra Zeneca y la pr\u00f3xima semana de Sinopharm (China).<\/p>\n\n\n\n<p>Buenas noticias.&nbsp;<\/p>\n\n\n\n<p>(AVG)<\/p>\n","protected":false},"excerpt":{"rendered":"<p>Crece la cantidad en la Posta local<\/p>\n","protected":false},"author":3,"featured_media":1646,"comment_status":"open","ping_status":"closed","sticky":false,"template":"","format":"standard","meta":{"jetpack_post_was_ever_published":false,"_jetpack_newsletter_access":"","_jetpack_dont_email_post_to_subs":false,"_jetpack_newsletter_tier_id":0,"_jetpack_memberships_contains_paywalled_content":false,"_jetpack_memberships_contains_paid_content":false,"footnotes":"","jetpack_publicize_message":"","jetpack_publicize_feature_enabled":true,"jetpack_social_post_already_shared":true,"jetpack_social_options":{"image_generator_settings":{"template":"highway","default_image_id":0,"font":"","enabled":false},"version":2}},"categories":[1],"tags":[],"class_list":["post-1645","post","type-post","status-publish","format-standard","has-post-thumbnail","hentry","category-sin-categoria"],"jetpack_publicize_connections":[],"jetpack_featured_media_url":"https:\/\/1005.com.ar\/wp-content\/uploads\/2021\/02\/1614099093.jpeg","jetpack-related-posts":[{"id":1551,"url":"https:\/\/1005.com.ar\/index.php\/2021\/02\/12\/escuela-tecnica-1-la-posta-permanecera-hasta-el-28-de-febrero\/","url_meta":{"origin":1645,"position":0},"title":"Escuela T\u00e9cnica 1 | \u00abLa posta permanecer\u00e1 hasta el 28 de febrero\u00bb","author":"Radio Music","date":"febrero 12, 2021","format":false,"excerpt":"Saladillo: Aclaraciones sobre la vacunaci\u00f3n","rel":"","context":"En \u00abSin categor\u00eda\u00bb","block_context":{"text":"Sin categor\u00eda","link":"https:\/\/1005.com.ar\/index.php\/category\/sin-categoria\/"},"img":{"alt_text":"","src":"https:\/\/i0.wp.com\/1005.com.ar\/wp-content\/uploads\/2021\/02\/1613087322.jpeg?resize=350%2C200&ssl=1","width":350,"height":200,"srcset":"https:\/\/i0.wp.com\/1005.com.ar\/wp-content\/uploads\/2021\/02\/1613087322.jpeg?resize=350%2C200&ssl=1 1x, https:\/\/i0.wp.com\/1005.com.ar\/wp-content\/uploads\/2021\/02\/1613087322.jpeg?resize=525%2C300&ssl=1 1.5x, https:\/\/i0.wp.com\/1005.com.ar\/wp-content\/uploads\/2021\/02\/1613087322.jpeg?resize=700%2C400&ssl=1 2x"},"classes":[]},{"id":1589,"url":"https:\/\/1005.com.ar\/index.php\/2021\/02\/15\/el-reino-unido-ya-vacuno-contra-el-coronavirus-a-15-millones-de-personas\/","url_meta":{"origin":1645,"position":1},"title":"El Reino Unido ya vacun\u00f3 contra el coronavirus a 15 millones de personas","author":"Radio Music","date":"febrero 15, 2021","format":false,"excerpt":"Fue inoculado el personal de salud, mayores de 65 a\u00f1os y grupos de riesgo","rel":"","context":"En \u00abSin categor\u00eda\u00bb","block_context":{"text":"Sin categor\u00eda","link":"https:\/\/1005.com.ar\/index.php\/category\/sin-categoria\/"},"img":{"alt_text":"","src":"","width":0,"height":0},"classes":[]},{"id":2394,"url":"https:\/\/1005.com.ar\/index.php\/2021\/11\/26\/ya-son-mas-de-14-millones-las-personas-vacunadas-contra-el-covid-19-en-la-provincia\/","url_meta":{"origin":1645,"position":2},"title":"Ya son m\u00e1s de 14 millones las personas vacunadas contra el Covid-19 en la provincia","author":"Radio Music","date":"noviembre 26, 2021","format":false,"excerpt":"El ministro de Salud bonaerense, Nicol\u00e1s Kreplak, inform\u00f3 que ya hay m\u00e1s de 14 millones de personas vacunadas contra el coronavirus en la provincia de Buenos Aires y celebr\u00f3 que \"cada vez somos m\u00e1s\". \"Cada vez somos m\u00e1s y ese es el objetivo, pero no es el final. Llegamos a\u2026","rel":"","context":"En \u00abSin categor\u00eda\u00bb","block_context":{"text":"Sin categor\u00eda","link":"https:\/\/1005.com.ar\/index.php\/category\/sin-categoria\/"},"img":{"alt_text":"","src":"https:\/\/i0.wp.com\/1005.com.ar\/wp-content\/uploads\/2021\/11\/1637856765.jpeg?resize=350%2C200&ssl=1","width":350,"height":200,"srcset":"https:\/\/i0.wp.com\/1005.com.ar\/wp-content\/uploads\/2021\/11\/1637856765.jpeg?resize=350%2C200&ssl=1 1x, https:\/\/i0.wp.com\/1005.com.ar\/wp-content\/uploads\/2021\/11\/1637856765.jpeg?resize=525%2C300&ssl=1 1.5x, https:\/\/i0.wp.com\/1005.com.ar\/wp-content\/uploads\/2021\/11\/1637856765.jpeg?resize=700%2C400&ssl=1 2x"},"classes":[]},{"id":1243,"url":"https:\/\/1005.com.ar\/index.php\/2021\/01\/24\/comienza-esta-semana-la-vacunacion-a-docentes-de-la-provincia\/","url_meta":{"origin":1645,"position":3},"title":"Comienza esta semana la vacunaci\u00f3n a docentes de la Provincia","author":"Radio Music","date":"enero 24, 2021","format":false,"excerpt":"El proceso iniciar\u00e1 con maestros y personal auxiliar con factores de riesgo. A su vez, desde 1 de febrero se ampliar\u00e1 al resto de los miembros de la comunidad educativa.","rel":"","context":"En \u00abSin categor\u00eda\u00bb","block_context":{"text":"Sin categor\u00eda","link":"https:\/\/1005.com.ar\/index.php\/category\/sin-categoria\/"},"img":{"alt_text":"","src":"https:\/\/i0.wp.com\/1005.com.ar\/wp-content\/uploads\/2021\/01\/00000078x381.jpg?resize=350%2C200&ssl=1","width":350,"height":200},"classes":[]},{"id":3718,"url":"https:\/\/1005.com.ar\/index.php\/2023\/01\/10\/vacunacion-covid-2023-la-provincia-comienza-a-aplicar-nuevos-refuerzos\/","url_meta":{"origin":1645,"position":4},"title":"Vacunaci\u00f3n COVID 2023: La Provincia comienza a aplicar nuevos refuerzos","author":"Julieta Di Rocco","date":"enero 10, 2023","format":false,"excerpt":"Desde este 9 de enero, se aplica el primer refuerzo para ni\u00f1os de 6 meses a 2 a\u00f1os, el segundo refuerzo para personas de 3 a 17 a\u00f1os y el tercer refuerzo para mayores de 18 a\u00f1os. D\u00f3nde est\u00e1n las vacunatorios 2023 en Provincia de Buenos Aires. https:\/\/www.lanoticia1.com\/noticia\/vacunacion-covid-2023-la-provincia-comienza-aplicar-nuevos-refuerzos-144109.html","rel":"","context":"En \u00abSin categor\u00eda\u00bb","block_context":{"text":"Sin categor\u00eda","link":"https:\/\/1005.com.ar\/index.php\/category\/sin-categoria\/"},"img":{"alt_text":"","src":"https:\/\/i0.wp.com\/1005.com.ar\/wp-content\/uploads\/2023\/01\/Fl_f2PTWIAA3PVJ.jpg?resize=350%2C200&ssl=1","width":350,"height":200,"srcset":"https:\/\/i0.wp.com\/1005.com.ar\/wp-content\/uploads\/2023\/01\/Fl_f2PTWIAA3PVJ.jpg?resize=350%2C200&ssl=1 1x, https:\/\/i0.wp.com\/1005.com.ar\/wp-content\/uploads\/2023\/01\/Fl_f2PTWIAA3PVJ.jpg?resize=525%2C300&ssl=1 1.5x, https:\/\/i0.wp.com\/1005.com.ar\/wp-content\/uploads\/2023\/01\/Fl_f2PTWIAA3PVJ.jpg?resize=700%2C400&ssl=1 2x, https:\/\/i0.wp.com\/1005.com.ar\/wp-content\/uploads\/2023\/01\/Fl_f2PTWIAA3PVJ.jpg?resize=1050%2C600&ssl=1 3x"},"classes":[]},{"id":1983,"url":"https:\/\/1005.com.ar\/index.php\/2021\/04\/29\/kicillof-aseguro-que-la-provincia-esta-cerca-de-alcanzar-el-primer-hito-de-la-campana-de-vacunacion\/","url_meta":{"origin":1645,"position":5},"title":"Kicillof asegur\u00f3 que la provincia est\u00e1 cerca de alcanzar el primer hito de la campa\u00f1a de vacunaci\u00f3n","author":"Radio Music","date":"abril 29, 2021","format":false,"excerpt":"El gobernador bonaerense, Axel Kicillof, afirm\u00f3 hoy que la provincia de Buenos Aires est\u00e1 \"cada vez m\u00e1s cerca\" de alcanzar el primer hito en el plan de vacunaci\u00f3n contra el coronavirus. \"Estamos cada vez m\u00e1s cerca de alcanzar el primer hito en el plan #BuenosAiresVacunate\", poste\u00f3 el mandatario en redes\u2026","rel":"","context":"En \u00abSin categor\u00eda\u00bb","block_context":{"text":"Sin categor\u00eda","link":"https:\/\/1005.com.ar\/index.php\/category\/sin-categoria\/"},"img":{"alt_text":"","src":"https:\/\/i0.wp.com\/1005.com.ar\/wp-content\/uploads\/2021\/04\/0000395321.jpg?resize=350%2C200&ssl=1","width":350,"height":200,"srcset":"https:\/\/i0.wp.com\/1005.com.ar\/wp-content\/uploads\/2021\/04\/0000395321.jpg?resize=350%2C200&ssl=1 1x, https:\/\/i0.wp.com\/1005.com.ar\/wp-content\/uploads\/2021\/04\/0000395321.jpg?resize=525%2C300&ssl=1 1.5x, https:\/\/i0.wp.com\/1005.com.ar\/wp-content\/uploads\/2021\/04\/0000395321.jpg?resize=700%2C400&ssl=1 2x, https:\/\/i0.wp.com\/1005.com.ar\/wp-content\/uploads\/2021\/04\/0000395321.jpg?resize=1050%2C600&ssl=1 3x, https:\/\/i0.wp.com\/1005.com.ar\/wp-content\/uploads\/2021\/04\/0000395321.jpg?resize=1400%2C800&ssl=1 4x"},"classes":[]}],"jetpack_likes_enabled":true,"jetpack_sharing_enabled":true,"_links":{"self":[{"href":"https:\/\/1005.com.ar\/index.php\/wp-json\/wp\/v2\/posts\/1645","targetHints":{"allow":["GET"]}}],"collection":[{"href":"https:\/\/1005.com.ar\/index.php\/wp-json\/wp\/v2\/posts"}],"about":[{"href":"https:\/\/1005.com.ar\/index.php\/wp-json\/wp\/v2\/types\/post"}],"author":[{"embeddable":true,"href":"https:\/\/1005.com.ar\/index.php\/wp-json\/wp\/v2\/users\/3"}],"replies":[{"embeddable":true,"href":"https:\/\/1005.com.ar\/index.php\/wp-json\/wp\/v2\/comments?post=1645"}],"version-history":[{"count":0,"href":"https:\/\/1005.com.ar\/index.php\/wp-json\/wp\/v2\/posts\/1645\/revisions"}],"wp:featuredmedia":[{"embeddable":true,"href":"https:\/\/1005.com.ar\/index.php\/wp-json\/wp\/v2\/media\/1646"}],"wp:attachment":[{"href":"https:\/\/1005.com.ar\/index.php\/wp-json\/wp\/v2\/media?parent=1645"}],"wp:term":[{"taxonomy":"category","embeddable":true,"href":"https:\/\/1005.com.ar\/index.php\/wp-json\/wp\/v2\/categories?post=1645"},{"taxonomy":"post_tag","embeddable":true,"href":"https:\/\/1005.com.ar\/index.php\/wp-json\/wp\/v2\/tags?post=1645"}],"curies":[{"name":"wp","href":"https:\/\/api.w.org\/{rel}","templated":true}]}}