{"id":1606,"date":"2021-02-20T11:04:06","date_gmt":"2021-02-20T14:04:06","guid":{"rendered":"https:\/\/1005.com.ar\/?p=1606"},"modified":"2021-02-20T11:04:12","modified_gmt":"2021-02-20T14:04:12","slug":"las-jubilaciones-aumentaran-un-8-por-ciento","status":"publish","type":"post","link":"https:\/\/1005.com.ar\/index.php\/2021\/02\/20\/las-jubilaciones-aumentaran-un-8-por-ciento\/","title":{"rendered":"Las jubilaciones aumentar\u00e1n un 8 por ciento"},"content":{"rendered":"\n<p>Las jubilaciones, pensiones y asignaciones familiares tendr\u00e1n un\u00a0<strong>aumento del 8 por ciento en marzo<\/strong>, seg\u00fan anticiparon a\u00a0<strong>P\u00e1ginaI12\u00a0<\/strong>fuentes oficiales. La semana que viene ser\u00e1 anunciado oficialmente por la directora ejecutiva de Anses, Fernanda Raverta. Ser\u00e1 el primer incremento por la nueva ley de movilidad previsional, aprobada a fin de 2020 por el Congreso, que estableci\u00f3 una nueva f\u00f3rmula para actualizar los haberes.<\/p>\n\n\n\n<p>El 8 por ciento de aumento ser\u00e1 igual para todo el universo de jubilados, pensionados y asignaciones familiares, como la AUH. A ese n\u00famero se llega por la nueva f\u00f3rmula, que toma en un 50 por ciento la variaci\u00f3n interanual de la recaudaci\u00f3n tributaria de la Anses durante el cuarto trimestre del 2020. Y en otro 50 por ciento por la evoluci\u00f3n acumulada de los salarios, tambi\u00e9n del \u00faltimo trimestre del 2020.<\/p>\n\n\n\n<p>Se trata de la&nbsp;<strong>primera actualizaci\u00f3n en base a una ley de movilidad<\/strong>&nbsp;durante el gobierno de Alberto Fern\u00e1ndez, debido a que en diciembre de 2019 fue suspendida la movilidad (vigente desde 2017), a trav\u00e9s de la ley de solidaridad social que aprob\u00f3 el Congreso. En 2020 se dieron cuatro aumentos trimestrales por decreto, que fueron mayores para los jubilados de la m\u00ednima que para los de la m\u00e1xima, debido a que hubo un aumento con un componente de suma fija, y tres bonos para los haberes m\u00e1s bajos.<\/p>\n\n\n\n<p>Con el aumento de marzo, los analistas econ\u00f3micos proyectan que las jubilaciones y asignaciones perder\u00e1n contra la inflaci\u00f3n. Mientras que el ajuste ser\u00e1 del 8 por ciento, consultoras privadas consultadas por este diario estiman que la inflaci\u00f3n del primer trimestre ser\u00e1 mayor. Desde Ecolatina proyectan un 11,5 por ciento y desde LCG un 11,8 por ciento. Hasta el momento, el \u00fanico dato oficial es el de enero, donde el \u00edndice de precios al consumidor escal\u00f3 un 4 por ciento, seg\u00fan el Indec.<\/p>\n\n\n\n<p>\u201cEl incremento va a dar por debajo de la inflaci\u00f3n\u201d, afirm\u00f3 a&nbsp;<strong>P\u00e1ginaI12<\/strong>&nbsp;Carlos Mart\u00ednez, economista especializado en seguridad social. Sin embargo, estim\u00f3 que para mediados del 2021 se va a ir acomodando en l\u00ednea con la inflaci\u00f3n: \u201cLos pr\u00f3ximos aumentos van a tomar datos de la recuperaci\u00f3n fiscal y salarial, que ya viene siendo mayor, en especial contra un tan malo 2020\u201d, explic\u00f3 el investigador de la Universidad de General Sarmiento (UNGS).<\/p>\n\n\n\n<p>El jueves por la tarde,&nbsp;<strong>Raverta visit\u00f3 al presidente Alberto Fern\u00e1ndez en la Casa Rosada<\/strong>&nbsp;para conversar sobre el primer aumento que recibir\u00e1n los jubilados con la nueva f\u00f3rmula de movilidad. A fines del a\u00f1o pasado, la titular de Anses hab\u00eda dicho que si los salarios y la recaudaci\u00f3n no se recuperan, que son las variables que toma la f\u00f3rmula, \u201csiempre est\u00e1 la facultad del presidente de pagar un bono\u201d.<\/p>\n\n\n\n<p>Finalmente, tal como preve\u00edan expertos en seguridad social, como Miguel Fern\u00e1ndez Pastor,\u00a0<strong>fue beneficioso que la variaci\u00f3n salarial para incluir en la f\u00f3rmula se tomara tomando el n\u00famero m\u00e1s alto<\/strong>\u00a0entre lo que diera el Ripte (que mide el Ministerio de Trabajo) y el \u00cdndice de Salarios (que mide el Indec). En este primer aumento, se tomar\u00e1 el \u00cdndice de Salarios del Indec, que contempla tambi\u00e9n las subas de los informales, porque dio m\u00e1s alto que el Ripte. En el proyecto inicial s\u00f3lo se contemplaba el Ripte, y la modificaci\u00f3n fue sumada durante la discusi\u00f3n del proyecto en el Senado.<\/p>\n\n\n\n<p>El&nbsp;<strong>pr\u00f3ximo incremento por la ley de movilidad se realizar\u00e1 en junio de este a\u00f1o.<\/strong>&nbsp;Si bien la f\u00f3rmula impulsada por el macrismo en 2017 fue modificada por el Congreso a fines de 2020, lo que se mantuvo de esa movilidad, vigente entre 2017 y 2019, fueron los aumentos trimestrales. De haberse mantenido esa f\u00f3rmula, que actualizaba por inflaci\u00f3n con un fuerte rezago, este aumento de marzo&nbsp;<strong>hubiera sido del 7 por ciento, menor al 8 por ciento que efectivamente se otorgar\u00e1<\/strong>&nbsp;por el c\u00e1lculo de la nueva ley.<\/p>\n\n\n\n<p>Los jubilados llevan varios a\u00f1os de p\u00e9rdida de poder adquisitivo. Desde que se modific\u00f3 el sistema previsional y se instal\u00f3 la ley de movilidad en 2009, que se extendi\u00f3 hasta el 2017, los haberes le ganaron a la inflaci\u00f3n en 7 de los 9 a\u00f1os (perdieron en 2014 y 2016). A fines de 2017 el gobierno de Cambiemos impuls\u00f3 una nueva actualizaci\u00f3n, y los dos a\u00f1os que estuvo vigente, en 2018 y 2019, los jubilados perdieron contra la suba de precios. En 2020, con la movilidad suspendida, los aumentos se dieron por decreto, y el 80 por ciento le gan\u00f3 a la inflaci\u00f3n, si se toman en cuenta las subas y los bonos.\u00a0<\/p>\n\n\n\n<p><a href=\"https:\/\/www.pagina12.com.ar\/324843-las-jubilaciones-aumentaran-un-8-por-ciento\">https:\/\/www.pagina12.com.ar\/324843-las-jubilaciones-aumentaran-un-8-por-ciento<\/a><\/p>\n","protected":false},"excerpt":{"rendered":"<p>El anuncio oficial se realizar\u00e1 la semana pr\u00f3xima y la suba regir\u00e1 desde marzo<\/p>\n","protected":false},"author":3,"featured_media":1607,"comment_status":"open","ping_status":"closed","sticky":false,"template":"","format":"standard","meta":{"jetpack_post_was_ever_published":false,"_jetpack_newsletter_access":"","_jetpack_dont_email_post_to_subs":false,"_jetpack_newsletter_tier_id":0,"_jetpack_memberships_contains_paywalled_content":false,"_jetpack_memberships_contains_paid_content":false,"footnotes":"","jetpack_publicize_message":"","jetpack_publicize_feature_enabled":true,"jetpack_social_post_already_shared":true,"jetpack_social_options":{"image_generator_settings":{"template":"highway","default_image_id":0,"font":"","enabled":false},"version":2}},"categories":[1],"tags":[],"class_list":["post-1606","post","type-post","status-publish","format-standard","has-post-thumbnail","hentry","category-sin-categoria"],"jetpack_publicize_connections":[],"jetpack_featured_media_url":"https:\/\/1005.com.ar\/wp-content\/uploads\/2021\/02\/descarga-2-4.jpg","jetpack-related-posts":[{"id":1649,"url":"https:\/\/1005.com.ar\/index.php\/2021\/02\/26\/una-ayuda-extra-para-los-jubilados\/","url_meta":{"origin":1606,"position":0},"title":"Una ayuda extra para los jubilados","author":"Radio Music","date":"febrero 26, 2021","format":false,"excerpt":"El gobierno le dar\u00e1 un bono a los que menos ganan","rel":"","context":"En \u00abSin categor\u00eda\u00bb","block_context":{"text":"Sin categor\u00eda","link":"https:\/\/1005.com.ar\/index.php\/category\/sin-categoria\/"},"img":{"alt_text":"","src":"","width":0,"height":0},"classes":[]},{"id":2057,"url":"https:\/\/1005.com.ar\/index.php\/2021\/06\/07\/se-recupera-la-produccion-metalurgica\/","url_meta":{"origin":1606,"position":1},"title":"Se recupera la producci\u00f3n metal\u00fargica","author":"Radio Music","date":"junio 7, 2021","format":false,"excerpt":"La actividad metal\u00fargica creci\u00f3 51,8 por ciento interanual en abril, mientras que el nivel de producci\u00f3n cay\u00f3 4,4 por ciento respecto al mes previo, de acuerdo a la Asociaci\u00f3n de Industriales Metal\u00fargicos de la Rep\u00fablica Argentina (Adimra). Seg\u00fan un informe elaborado por el Departamento de Estudios Econ\u00f3micos de la entidad,\u2026","rel":"","context":"En \u00abSin categor\u00eda\u00bb","block_context":{"text":"Sin categor\u00eda","link":"https:\/\/1005.com.ar\/index.php\/category\/sin-categoria\/"},"img":{"alt_text":"","src":"","width":0,"height":0},"classes":[]},{"id":1787,"url":"https:\/\/1005.com.ar\/index.php\/2021\/03\/06\/preven-mas-crecimiento-para-2021\/","url_meta":{"origin":1606,"position":2},"title":"Prev\u00e9n m\u00e1s crecimiento para 2021","author":"Radio Music","date":"marzo 6, 2021","format":false,"excerpt":"Los consultores del mercado proyectaron en febrero que la inflaci\u00f3n minorista para diciembre de 2021 se ubicar\u00e1 en 48,1 por ciento. Se trata de una disminuci\u00f3n del 1,9 puntos porcentuales respecto de los pron\u00f3sticos del mes previo. As\u00ed lo detall\u00f3 el \u00faltimo informe de Relevamiento de Expectativas de Mercado del\u2026","rel":"","context":"En \u00abSin categor\u00eda\u00bb","block_context":{"text":"Sin categor\u00eda","link":"https:\/\/1005.com.ar\/index.php\/category\/sin-categoria\/"},"img":{"alt_text":"","src":"","width":0,"height":0},"classes":[]},{"id":3402,"url":"https:\/\/1005.com.ar\/index.php\/2022\/08\/29\/aumentan-los-valores-de-las-asignaciones-familiares-a-partir-de-septiembre-un-1553-mas\/","url_meta":{"origin":1606,"position":3},"title":"Aumentan los valores de las asignaciones familiares: a partir de septiembre un 15,53% m\u00e1s","author":"Julieta Di Rocco","date":"agosto 29, 2022","format":false,"excerpt":"https:\/\/www.telam.com.ar\/notas\/202208\/603103-aumento-asignaciones-familiares-anses.html","rel":"","context":"En \u00abSin categor\u00eda\u00bb","block_context":{"text":"Sin categor\u00eda","link":"https:\/\/1005.com.ar\/index.php\/category\/sin-categoria\/"},"img":{"alt_text":"","src":"https:\/\/i0.wp.com\/1005.com.ar\/wp-content\/uploads\/2022\/08\/629bae22a6d21_900.jpg?resize=350%2C200&ssl=1","width":350,"height":200,"srcset":"https:\/\/i0.wp.com\/1005.com.ar\/wp-content\/uploads\/2022\/08\/629bae22a6d21_900.jpg?resize=350%2C200&ssl=1 1x, https:\/\/i0.wp.com\/1005.com.ar\/wp-content\/uploads\/2022\/08\/629bae22a6d21_900.jpg?resize=525%2C300&ssl=1 1.5x, https:\/\/i0.wp.com\/1005.com.ar\/wp-content\/uploads\/2022\/08\/629bae22a6d21_900.jpg?resize=700%2C400&ssl=1 2x"},"classes":[]},{"id":2174,"url":"https:\/\/1005.com.ar\/index.php\/2021\/07\/13\/hoy-se-anunciara-el-pago-de-un-bono-de-5000-pesos-para-los-jubilados\/","url_meta":{"origin":1606,"position":4},"title":"Hoy se anunciar\u00e1 el pago de un bono de 5000 pesos para los jubilados","author":"Radio Music","date":"julio 13, 2021","format":false,"excerpt":"Ser\u00e1 para aquellos que cobren hasta dos jubilaciones m\u00ednimas, es decir el 80% de los beneficiarios. El gobierno nacional anunciar\u00e1 este martes el pago de un bono de cinco mil pesos para aquellos jubilados y pensionados que cobren hasta dos jubilaciones m\u00ednimas. La medida es para evitar que los adultos\u2026","rel":"","context":"En \u00abSin categor\u00eda\u00bb","block_context":{"text":"Sin categor\u00eda","link":"https:\/\/1005.com.ar\/index.php\/category\/sin-categoria\/"},"img":{"alt_text":"","src":"","width":0,"height":0},"classes":[]},{"id":2110,"url":"https:\/\/1005.com.ar\/index.php\/2021\/06\/20\/jubilaciones-la-anses-volvio-a-extender-ahora-hasta-el-31-de-diciembre-la-suspension-del-tramite-de-fe-de-vida-para-el-cobro-de-haberes\/","url_meta":{"origin":1606,"position":5},"title":"Jubilaciones: la Anses volvi\u00f3 a extender, ahora hasta el 31 de diciembre, la suspensi\u00f3n del tr\u00e1mite de Fe de Vida para el cobro de haberes","author":"Radio Music","date":"junio 20, 2021","format":false,"excerpt":"La Administraci\u00f3n Nacional de Seguridad Social (Anses) extendi\u00f3 nuevamente, ahora hasta el 31 de diciembre, la suspensi\u00f3n del tr\u00e1mite de \u201cfe de vida\u201d (que muchos conocen como \u201csupervivencia\u201d) para el cobro de jubilaciones y pensiones. De este modo, se\u00f1al\u00f3 la entidad en un comunicado,\u00a0\u201clos beneficiarios y beneficiarias no deben concurrir\u2026","rel":"","context":"En \u00abSin categor\u00eda\u00bb","block_context":{"text":"Sin categor\u00eda","link":"https:\/\/1005.com.ar\/index.php\/category\/sin-categoria\/"},"img":{"alt_text":"","src":"https:\/\/i0.wp.com\/1005.com.ar\/wp-content\/uploads\/2021\/06\/PMR2MEYGU5HBPONI4QOHEJC7QA.jpg?resize=350%2C200&ssl=1","width":350,"height":200,"srcset":"https:\/\/i0.wp.com\/1005.com.ar\/wp-content\/uploads\/2021\/06\/PMR2MEYGU5HBPONI4QOHEJC7QA.jpg?resize=350%2C200&ssl=1 1x, https:\/\/i0.wp.com\/1005.com.ar\/wp-content\/uploads\/2021\/06\/PMR2MEYGU5HBPONI4QOHEJC7QA.jpg?resize=525%2C300&ssl=1 1.5x, https:\/\/i0.wp.com\/1005.com.ar\/wp-content\/uploads\/2021\/06\/PMR2MEYGU5HBPONI4QOHEJC7QA.jpg?resize=700%2C400&ssl=1 2x"},"classes":[]}],"jetpack_likes_enabled":true,"jetpack_sharing_enabled":true,"_links":{"self":[{"href":"https:\/\/1005.com.ar\/index.php\/wp-json\/wp\/v2\/posts\/1606","targetHints":{"allow":["GET"]}}],"collection":[{"href":"https:\/\/1005.com.ar\/index.php\/wp-json\/wp\/v2\/posts"}],"about":[{"href":"https:\/\/1005.com.ar\/index.php\/wp-json\/wp\/v2\/types\/post"}],"author":[{"embeddable":true,"href":"https:\/\/1005.com.ar\/index.php\/wp-json\/wp\/v2\/users\/3"}],"replies":[{"embeddable":true,"href":"https:\/\/1005.com.ar\/index.php\/wp-json\/wp\/v2\/comments?post=1606"}],"version-history":[{"count":0,"href":"https:\/\/1005.com.ar\/index.php\/wp-json\/wp\/v2\/posts\/1606\/revisions"}],"wp:featuredmedia":[{"embeddable":true,"href":"https:\/\/1005.com.ar\/index.php\/wp-json\/wp\/v2\/media\/1607"}],"wp:attachment":[{"href":"https:\/\/1005.com.ar\/index.php\/wp-json\/wp\/v2\/media?parent=1606"}],"wp:term":[{"taxonomy":"category","embeddable":true,"href":"https:\/\/1005.com.ar\/index.php\/wp-json\/wp\/v2\/categories?post=1606"},{"taxonomy":"post_tag","embeddable":true,"href":"https:\/\/1005.com.ar\/index.php\/wp-json\/wp\/v2\/tags?post=1606"}],"curies":[{"name":"wp","href":"https:\/\/api.w.org\/{rel}","templated":true}]}}