{"id":1570,"date":"2021-02-14T17:56:06","date_gmt":"2021-02-14T20:56:06","guid":{"rendered":"https:\/\/1005.com.ar\/?p=1570"},"modified":"2021-02-14T17:56:09","modified_gmt":"2021-02-14T20:56:09","slug":"river-tendra-una-dura-parada-ante-estudiantes-en-su-debut-en-la-copa-de-la-liga-profesional","status":"publish","type":"post","link":"https:\/\/1005.com.ar\/index.php\/2021\/02\/14\/river-tendra-una-dura-parada-ante-estudiantes-en-su-debut-en-la-copa-de-la-liga-profesional\/","title":{"rendered":"River tendr\u00e1 una dura parada ante Estudiantes en su debut en la Copa de la Liga Profesional"},"content":{"rendered":"\n<p><strong>River<\/strong>, que dej\u00f3 atr\u00e1s la decepci\u00f3n que sufri\u00f3 en la&nbsp;<strong>Copa Libertadores<\/strong>&nbsp;y que durante la semana pas\u00f3 de fase en la<strong>&nbsp;Copa Argentina<\/strong>, visitar\u00e1 a&nbsp;<strong>Estudiantes de La Plata,&nbsp;<\/strong>que presentar\u00e1 el debut de&nbsp;<strong>Ricardo Zielinski&nbsp;<\/strong>como t\u00e9cnico, intentando sumar el primer triunfo en la<strong>&nbsp;Copa de la Liga Profesional.<\/strong><\/p>\n\n\n\n<p>El partido, v\u00e1lido por la<strong>&nbsp;Zona A,&nbsp;<\/strong>se jugar\u00e1 desde las&nbsp;<strong>21:30<\/strong>&nbsp;en el nuevo estadio del&nbsp;<em>Pincha<\/em>, con el arbitraje de&nbsp;<strong>Facundo Tello&nbsp;<\/strong>y ser\u00e1 televisado por la se\u00f1al&nbsp;<em>TNT Sports<\/em>.<\/p>\n\n\n\n<p>El&nbsp;<em>Millonario&nbsp;<\/em>logr\u00f3 el m\u00e1s valioso \u00e9xito en el inicio de esta temporada al mantener en el banco de suplentes como entrenador a&nbsp;<strong>Marcelo Gallardo.&nbsp;<\/strong>El&nbsp;<em>Mu\u00f1eco<\/em>&nbsp;es la marca registrada de este&nbsp;<strong>River<\/strong>, tanto en el nivel t\u00e1ctico como en lo ajeno al campo de juego, manejando con maestr\u00eda todo el entorno del club.<\/p>\n\n\n\n<p>Es cierto,\u00a0<strong>se le escaparon dos Copas Libertadores<\/strong>, la\u00a0<strong>2019\u00a0<\/strong>en una incre\u00edble final ante\u00a0<strong>Flamengo\u00a0<\/strong>y en la de\u00a0<strong>2020<\/strong>, que finaliz\u00f3 en enero de este a\u00f1o, al ser eliminado ante\u00a0<strong>Palmeiras\u00a0<\/strong>pese a haber sido superior claramente al t\u00e9rmino de los<strong>\u00a0180 minutos de las semifinales,<\/strong>\u00a0pero lo alcanzado por el entrenador es notable.<\/p>\n\n\n\n<p><a href=\"https:\/\/www.infobae.com\/deportes\/2021\/02\/14\/river-debuta-en-la-copa-de-la-liga-profesional-en-su-visita-a-estudiantes\/\">https:\/\/www.infobae.com\/deportes\/2021\/02\/14\/river-debuta-en-la-copa-de-la-liga-profesional-en-su-visita-a-estudiantes\/<\/a><\/p>\n","protected":false},"excerpt":{"rendered":"<p>El equipo de Marcelo Gallardo har\u00e1 su presentaci\u00f3n en La Plata. El Pincha iniciar\u00e1 la era del Ruso Zielinski<\/p>\n","protected":false},"author":3,"featured_media":1571,"comment_status":"open","ping_status":"closed","sticky":false,"template":"","format":"standard","meta":{"jetpack_post_was_ever_published":false,"_jetpack_newsletter_access":"","_jetpack_dont_email_post_to_subs":false,"_jetpack_newsletter_tier_id":0,"_jetpack_memberships_contains_paywalled_content":false,"_jetpack_memberships_contains_paid_content":false,"footnotes":"","jetpack_publicize_message":"","jetpack_publicize_feature_enabled":true,"jetpack_social_post_already_shared":true,"jetpack_social_options":{"image_generator_settings":{"template":"highway","default_image_id":0,"font":"","enabled":false},"version":2}},"categories":[1],"tags":[],"class_list":["post-1570","post","type-post","status-publish","format-standard","has-post-thumbnail","hentry","category-sin-categoria"],"jetpack_publicize_connections":[],"jetpack_featured_media_url":"https:\/\/1005.com.ar\/wp-content\/uploads\/2021\/02\/ZYAQZOHTVZABTKK6WT6X4BTY4U.jpg","jetpack-related-posts":[{"id":1612,"url":"https:\/\/1005.com.ar\/index.php\/2021\/02\/20\/river-vuelve-al-monumental-para-enderezar-el-rumbo-en-la-copa-de-la-liga\/","url_meta":{"origin":1570,"position":0},"title":"River vuelve al Monumental para enderezar el rumbo en la Copa de la Liga","author":"Radio Music","date":"febrero 20, 2021","format":false,"excerpt":"El equipo de N\u00fa\u00f1ez jugar\u00e1 en su cancha luego de casi un a\u00f1o","rel":"","context":"En \u00abSin categor\u00eda\u00bb","block_context":{"text":"Sin categor\u00eda","link":"https:\/\/1005.com.ar\/index.php\/category\/sin-categoria\/"},"img":{"alt_text":"","src":"","width":0,"height":0},"classes":[]},{"id":2846,"url":"https:\/\/1005.com.ar\/index.php\/2022\/04\/11\/river-esequiel-barco-el-titular-que-marcelo-gallardo-no-tendra-disponible-durante-casi-un-mes-para-los-dos-frentes\/","url_meta":{"origin":1570,"position":1},"title":"River: Esequiel Barco, el titular que Marcelo Gallardo no tendr\u00e1 disponible durante casi un mes para los dos frentes","author":"Julieta Di Rocco","date":"abril 11, 2022","format":false,"excerpt":"El ex Independiente se perder\u00eda entre seis y siete partidos, entre la Copa de la Liga y la Copa Libertadores","rel":"","context":"En \u00abSin categor\u00eda\u00bb","block_context":{"text":"Sin categor\u00eda","link":"https:\/\/1005.com.ar\/index.php\/category\/sin-categoria\/"},"img":{"alt_text":"","src":"https:\/\/i0.wp.com\/1005.com.ar\/wp-content\/uploads\/2022\/04\/YAIY5VEMZRFZHG3TIWGZVCUIZY.webp?resize=350%2C200&ssl=1","width":350,"height":200,"srcset":"https:\/\/i0.wp.com\/1005.com.ar\/wp-content\/uploads\/2022\/04\/YAIY5VEMZRFZHG3TIWGZVCUIZY.webp?resize=350%2C200&ssl=1 1x, https:\/\/i0.wp.com\/1005.com.ar\/wp-content\/uploads\/2022\/04\/YAIY5VEMZRFZHG3TIWGZVCUIZY.webp?resize=525%2C300&ssl=1 1.5x, https:\/\/i0.wp.com\/1005.com.ar\/wp-content\/uploads\/2022\/04\/YAIY5VEMZRFZHG3TIWGZVCUIZY.webp?resize=700%2C400&ssl=1 2x, https:\/\/i0.wp.com\/1005.com.ar\/wp-content\/uploads\/2022\/04\/YAIY5VEMZRFZHG3TIWGZVCUIZY.webp?resize=1050%2C600&ssl=1 3x"},"classes":[]},{"id":1999,"url":"https:\/\/1005.com.ar\/index.php\/2021\/05\/09\/la-tabla-al-rojo-vivo-en-vivo-con-superclasico-incluido-asi-estan-los-cruces-de-cuartos-de-final-de-la-copa-de-la-liga\/","url_meta":{"origin":1570,"position":2},"title":"La tabla, al rojo vivo en vivo: con Supercl\u00e1sico incluido, as\u00ed est\u00e1n los cruces de cuartos de final de la Copa de la Liga","author":"Radio Music","date":"mayo 9, 2021","format":false,"excerpt":"La\u00a0Copa de la Liga\u00a0est\u00e1 en horas decisivas. En una tarde vibrante,\u00a0Racing\u00a0venci\u00f3 2-0 a\u00a0San Lorenzo\u00a0(dos gritos de Chancalay)\u00a0y le arrebat\u00f3 la plaza en la pr\u00f3xima etapa. Y\u00a0River\u00a0super\u00f3 4-1 a\u00a0Aldosivi, con goles de\u00a0Gonzalo Montiel, Rafael Santos Borr\u00e9, Jos\u00e9 Paradela y Mat\u00edas Su\u00e1rez. As\u00ed, tambi\u00e9n se garantiz\u00f3 su espacio en la fase de\u2026","rel":"","context":"En \u00abSin categor\u00eda\u00bb","block_context":{"text":"Sin categor\u00eda","link":"https:\/\/1005.com.ar\/index.php\/category\/sin-categoria\/"},"img":{"alt_text":"","src":"https:\/\/i0.wp.com\/1005.com.ar\/wp-content\/uploads\/2021\/05\/IPV4RTMQKRCCHBMI3EJMUNTFLA.jpg?resize=350%2C200&ssl=1","width":350,"height":200,"srcset":"https:\/\/i0.wp.com\/1005.com.ar\/wp-content\/uploads\/2021\/05\/IPV4RTMQKRCCHBMI3EJMUNTFLA.jpg?resize=350%2C200&ssl=1 1x, https:\/\/i0.wp.com\/1005.com.ar\/wp-content\/uploads\/2021\/05\/IPV4RTMQKRCCHBMI3EJMUNTFLA.jpg?resize=525%2C300&ssl=1 1.5x, https:\/\/i0.wp.com\/1005.com.ar\/wp-content\/uploads\/2021\/05\/IPV4RTMQKRCCHBMI3EJMUNTFLA.jpg?resize=700%2C400&ssl=1 2x"},"classes":[]},{"id":1775,"url":"https:\/\/1005.com.ar\/index.php\/2021\/03\/05\/river-plate-gallardo-presencio-esta-manana-el-partido-de-la-reserva-ante-argentinos\/","url_meta":{"origin":1570,"position":3},"title":"River Plate: Gallardo presenci\u00f3 esta ma\u00f1ana el partido de la reserva ante Argentinos","author":"Radio Music","date":"marzo 5, 2021","format":false,"excerpt":"El\u00a0director t\u00e9cnico de River Plate, Marcelo Gallardo, sorprendi\u00f3 esta ma\u00f1ana al presenciar el partido de la divisi\u00f3n Reserva en el River Camp, horas despu\u00e9s de coronar la Supercopa Argentina que signific\u00f3 el duod\u00e9cimo t\u00edtulo de su gesti\u00f3n en N\u00fa\u00f1ez. Vestido\u00a0con ropa de entrenamiento y provisto de un mate y un\u2026","rel":"","context":"En \u00abSin categor\u00eda\u00bb","block_context":{"text":"Sin categor\u00eda","link":"https:\/\/1005.com.ar\/index.php\/category\/sin-categoria\/"},"img":{"alt_text":"","src":"","width":0,"height":0},"classes":[]},{"id":2373,"url":"https:\/\/1005.com.ar\/index.php\/2021\/11\/26\/marcelo-gallardo-ante-la-decision-mas-dificil-de-su-vida-sigue-en-river-o-se-va\/","url_meta":{"origin":1570,"position":4},"title":"Marcelo Gallardo ante \u00abla decisi\u00f3n m\u00e1s dif\u00edcil\u00bb de su vida: \u00bfSigue en River o se va?","author":"Radio Music","date":"noviembre 26, 2021","format":false,"excerpt":"Marcelo Gallardo\u00a0reconoci\u00f3 tras el t\u00edtulo ganado por\u00a0River\u00a0en la Liga Profesional resolver\u00e1 qu\u00e9 camino tomar\u00e1 tras el vencimiento de su contrato el mes pr\u00f3ximo. Seg\u00fan dijo,\u00a0definir su futuro ser\u00e1\u00a0\"la decisi\u00f3n m\u00e1s dif\u00edcil\" de su vida. \"Todo lo que pasamos fue un mont\u00f3n, con siete a\u00f1os de un gran desgaste donde hoy\u2026","rel":"","context":"En \u00abSin categor\u00eda\u00bb","block_context":{"text":"Sin categor\u00eda","link":"https:\/\/1005.com.ar\/index.php\/category\/sin-categoria\/"},"img":{"alt_text":"","src":"https:\/\/i0.wp.com\/1005.com.ar\/wp-content\/uploads\/2021\/11\/292656-whatsapp-20image-202021-11-26-20at-209-02-43-20am.jpeg?resize=350%2C200&ssl=1","width":350,"height":200,"srcset":"https:\/\/i0.wp.com\/1005.com.ar\/wp-content\/uploads\/2021\/11\/292656-whatsapp-20image-202021-11-26-20at-209-02-43-20am.jpeg?resize=350%2C200&ssl=1 1x, https:\/\/i0.wp.com\/1005.com.ar\/wp-content\/uploads\/2021\/11\/292656-whatsapp-20image-202021-11-26-20at-209-02-43-20am.jpeg?resize=525%2C300&ssl=1 1.5x, https:\/\/i0.wp.com\/1005.com.ar\/wp-content\/uploads\/2021\/11\/292656-whatsapp-20image-202021-11-26-20at-209-02-43-20am.jpeg?resize=700%2C400&ssl=1 2x"},"classes":[]},{"id":5057,"url":"https:\/\/1005.com.ar\/index.php\/2024\/05\/05\/estudiantes-campeon-de-la-copa-de-la-liga-por-penales\/","url_meta":{"origin":1570,"position":5},"title":"\u00a1Estudiantes campe\u00f3n de la Copa de la Liga por penales!","author":"Julieta Di Rocco","date":"mayo 5, 2024","format":false,"excerpt":"https:\/\/www.pagina12.com.ar\/734141-velez-vs-estudiantes-por-la-copa-de-la-liga-minuto-a-minuto","rel":"","context":"En \u00abSin categor\u00eda\u00bb","block_context":{"text":"Sin categor\u00eda","link":"https:\/\/1005.com.ar\/index.php\/category\/sin-categoria\/"},"img":{"alt_text":"","src":"https:\/\/i0.wp.com\/1005.com.ar\/wp-content\/uploads\/2024\/05\/estudiantes1jpg.webp?resize=350%2C200&ssl=1","width":350,"height":200,"srcset":"https:\/\/i0.wp.com\/1005.com.ar\/wp-content\/uploads\/2024\/05\/estudiantes1jpg.webp?resize=350%2C200&ssl=1 1x, https:\/\/i0.wp.com\/1005.com.ar\/wp-content\/uploads\/2024\/05\/estudiantes1jpg.webp?resize=525%2C300&ssl=1 1.5x, https:\/\/i0.wp.com\/1005.com.ar\/wp-content\/uploads\/2024\/05\/estudiantes1jpg.webp?resize=700%2C400&ssl=1 2x"},"classes":[]}],"jetpack_likes_enabled":true,"jetpack_sharing_enabled":true,"_links":{"self":[{"href":"https:\/\/1005.com.ar\/index.php\/wp-json\/wp\/v2\/posts\/1570","targetHints":{"allow":["GET"]}}],"collection":[{"href":"https:\/\/1005.com.ar\/index.php\/wp-json\/wp\/v2\/posts"}],"about":[{"href":"https:\/\/1005.com.ar\/index.php\/wp-json\/wp\/v2\/types\/post"}],"author":[{"embeddable":true,"href":"https:\/\/1005.com.ar\/index.php\/wp-json\/wp\/v2\/users\/3"}],"replies":[{"embeddable":true,"href":"https:\/\/1005.com.ar\/index.php\/wp-json\/wp\/v2\/comments?post=1570"}],"version-history":[{"count":0,"href":"https:\/\/1005.com.ar\/index.php\/wp-json\/wp\/v2\/posts\/1570\/revisions"}],"wp:featuredmedia":[{"embeddable":true,"href":"https:\/\/1005.com.ar\/index.php\/wp-json\/wp\/v2\/media\/1571"}],"wp:attachment":[{"href":"https:\/\/1005.com.ar\/index.php\/wp-json\/wp\/v2\/media?parent=1570"}],"wp:term":[{"taxonomy":"category","embeddable":true,"href":"https:\/\/1005.com.ar\/index.php\/wp-json\/wp\/v2\/categories?post=1570"},{"taxonomy":"post_tag","embeddable":true,"href":"https:\/\/1005.com.ar\/index.php\/wp-json\/wp\/v2\/tags?post=1570"}],"curies":[{"name":"wp","href":"https:\/\/api.w.org\/{rel}","templated":true}]}}