{"id":1510,"date":"2021-02-09T13:02:37","date_gmt":"2021-02-09T16:02:37","guid":{"rendered":"https:\/\/1005.com.ar\/?p=1510"},"modified":"2021-02-09T13:02:39","modified_gmt":"2021-02-09T16:02:39","slug":"massa-le-puso-fecha-a-la-sancion-de-los-cambios-en-el-impuesto-a-las-ganancias","status":"publish","type":"post","link":"https:\/\/1005.com.ar\/index.php\/2021\/02\/09\/massa-le-puso-fecha-a-la-sancion-de-los-cambios-en-el-impuesto-a-las-ganancias\/","title":{"rendered":"Massa le puso fecha a la sanci\u00f3n de los cambios en el impuesto a las Ganancias"},"content":{"rendered":"\n<p>El titular de la C\u00e1mara de Diputados adelant\u00f3 que participar\u00e1n del debate los\u00a0representantes de la AFIP y los gremios de los sectores alcanzados por las modificaciones,\u00a0as\u00ed como tambi\u00e9n los jubilados y pensionados. \u00abEl respaldo del conjunto del Parlamento est\u00e1 garantizado\u201d, remarc\u00f3.<\/p>\n\n\n\n<p>El presidente de la C\u00e1mara de Diputados,\u00a0<strong>Sergio Massa<\/strong>, asegur\u00f3 que\u00a0<strong><a href=\"https:\/\/www.pagina12.com.ar\/322467-los-cambios-en-el-impuesto-a-las-ganancias\">el proyecto de ley que sube a 150 mil pesos el piso del Impuesto a las Ganancias<\/a>\u00a0tiene \u201cel respaldo del conjunto del Parlamento\u201d<\/strong>\u00a0y afirm\u00f3 que\u00a0<strong>el objetivo ser\u00eda que se aplique a partir de marzo<\/strong>, m\u00e1s all\u00e1 de que pueda ser aprobado antes o despu\u00e9s de ese mes.<\/p>\n\n\n\n<p><strong>\u201cLa recuperaci\u00f3n del bolsillo es parte de la recuperaci\u00f3n de la Argentina\u201d<\/strong>, resalt\u00f3 el dirigente del Frente Renovador durante una entrevista en la que explic\u00f3 que la aprobaci\u00f3n de esa iniciativa presentada ayer&nbsp;<a href=\"https:\/\/www.pagina12.com.ar\/322610-impuesto-a-las-ganancias-como-decidio-el-gobierno-impulsar-q\">depender\u00e1 de los tiempos del tratamiento parlamentario<\/a>.<\/p>\n\n\n\n<p>Los pasos ser\u00e1n los siguientes: la encargada de convocar al debate ser\u00e1 la Comisi\u00f3n de Presupuesto de la C\u00e1mara baja y los&nbsp;<strong>primeros en desfilar por las audiencias de consulta ser\u00e1n los representantes de la Administraci\u00f3n Federal de Ingresos P\u00fablicos (AFIP)<\/strong>, con quienes Massa dise\u00f1\u00f3 el proyecto.<\/p>\n\n\n\n<p><strong>Luego se convocar\u00e1 a los gremios<\/strong>&nbsp;de los sectores en que tendr\u00e1 impacto en la elevaci\u00f3n del m\u00ednimo no imponible, as\u00ed como tambi\u00e9n los jubilados y pensionados. \u201cEntre los 1.267.000 trabajadores que dejan de pagarlo hay industriales, docentes, de servicios financieros y dem\u00e1s. As\u00ed que inexorablemente (los gremios) van a tener una participaci\u00f3n en la discusi\u00f3n\u201d, afirm\u00f3 Massa.<\/p>\n\n\n\n<p><strong>\u201cSeguramente este proceso de dictamen se inicie en el per\u00edodo de sesiones extraordinarias y vamos a ver si llegamos a sancionarlo antes del 1 de marzo o si el presidente Alberto Fern\u00e1ndez abre (el per\u00edodo ordinario) y posteriormente tenemos el pleno para el tratamiento\u201d<\/strong>, explic\u00f3 a Radio La Red.<\/p>\n\n\n\n<p>Luego, la entrada en vigencia de esa variaci\u00f3n va a depender de cu\u00e1ndo sea la sanci\u00f3n y la reglamentaci\u00f3n.&nbsp;<strong>\u201cSi lo sancionamos en los \u00faltimos d\u00edas de febrero o de los primeros d\u00edas de marzo, a partir del sueldo de marzo deja de pagar\u201d<\/strong>, calcul\u00f3<\/p>\n\n\n\n<p>Lo cierto es que \u201c<strong>varios legisladores ya han firmado el proyecto<\/strong>, con lo cual el respaldo del conjunto del Parlamento est\u00e1 garantizado\u201d, remarc\u00f3 aunque no precis\u00f3 qu\u00e9 bloques acompa\u00f1ar\u00edan la iniciativa y si entre el los se encuentra el de Juntos por el Cambio.<\/p>\n\n\n\n<p>La iniciativa establece que solo paguen ganancias aquellos que perciben una remuneraci\u00f3n bruta superior a los&nbsp;<strong>150 mil pesos mensuales<\/strong>, sin contar el aguinaldo; y&nbsp;<strong>los jubilados que cobre un equivalente a ocho haberes m\u00ednimos<\/strong>&nbsp;(152.282,32 pesos). De ser aprobado, el beneficio impactar\u00e1 en 1.267.000 trabajadores y jubilados, es decir el 63,4 por ciento de los contribuyentes alcanzados por ese impuesto.<\/p>\n\n\n\n<p>Hasta ahora, quienes lo pagan son los empleados solteros sin hijos menores con un sueldo neto mensual de 74.810 pesos; los casados con dos hijos menores que cobran desde 98.963 pesos; y los jubilados y pensionados que perciben un equivalente a seis haberes m\u00ednimos (114.210 pesos).<\/p>\n\n\n\n<p>Uno de los objetivos de esta modificaci\u00f3n es que el sector que pagaba ese impuesto vuelva a ser el 10 por ciento de los que cobran los sueldos m\u00e1s altos del pa\u00eds.<strong>&nbsp;\u201cEn 2015 lo pagaba el 11,9 por ciento y en 2019 terminaron pagando el 24 por ciento\u201d<\/strong>, compar\u00f3 el titular de Diputados para ejemplificar el modo en que&nbsp;<strong>el gobierno de Mauricio Macri acrecent\u00f3 la cantidad de contribuyentes afectados<\/strong>.<\/p>\n\n\n\n<p>Massa explic\u00f3 tambi\u00e9n que la AFIP prev\u00e9 un mecanismo para morigerar el impacto en las escalas superiores a los 150 mil pesos.\u00a0<strong>\u201cPara que no se produzca un salto brusco en las escalas, habr\u00e1 un esquema de delegaci\u00f3n a la AFIP para que reglamente\u201d un sistema \u201cprogresivo y proporcional hasta los 220 mil pesos\u201d<\/strong>, de modo tal que los trabajadores que ganan m\u00e1s de 150 mil paguen porcentajes seg\u00fan los criterios que rigen en la actualidad.<\/p>\n\n\n\n<p><a href=\"https:\/\/www.pagina12.com.ar\/322684-massa-le-puso-fecha-a-la-sancion-de-los-cambios-en-el-impues\">https:\/\/www.pagina12.com.ar\/322684-massa-le-puso-fecha-a-la-sancion-de-los-cambios-en-el-impues<\/a><\/p>\n","protected":false},"excerpt":{"rendered":"<p>Explic\u00f3 c\u00f3mo ser\u00e1 el tr\u00e1mite legislativo <\/p>\n","protected":false},"author":3,"featured_media":1511,"comment_status":"open","ping_status":"closed","sticky":false,"template":"","format":"standard","meta":{"jetpack_post_was_ever_published":false,"_jetpack_newsletter_access":"","_jetpack_dont_email_post_to_subs":false,"_jetpack_newsletter_tier_id":0,"_jetpack_memberships_contains_paywalled_content":false,"_jetpack_memberships_contains_paid_content":false,"footnotes":"","jetpack_publicize_message":"","jetpack_publicize_feature_enabled":true,"jetpack_social_post_already_shared":true,"jetpack_social_options":{"image_generator_settings":{"template":"highway","default_image_id":0,"font":"","enabled":false},"version":2}},"categories":[1],"tags":[],"class_list":["post-1510","post","type-post","status-publish","format-standard","has-post-thumbnail","hentry","category-sin-categoria"],"jetpack_publicize_connections":[],"jetpack_featured_media_url":"https:\/\/1005.com.ar\/wp-content\/uploads\/2021\/02\/139444-massa.jpeg","jetpack-related-posts":[{"id":1872,"url":"https:\/\/1005.com.ar\/index.php\/2021\/03\/28\/diputados-dio-media-sancion-a-la-modificacion-del-impuesto-a-las-ganancias\/","url_meta":{"origin":1510,"position":0},"title":"Diputados dio media sanci\u00f3n a la modificaci\u00f3n del Impuesto a las Ganancias","author":"Radio Music","date":"marzo 28, 2021","format":false,"excerpt":"Luego de una jornada extensa\u00a0la\u00a0C\u00e1mara de Diputados\u00a0dio media sanci\u00f3n la modifciaci\u00f3n del impuesto a la Ganancias. Desde el Frente de Todos, aseguraban, m\u00e1s all\u00e1 de la demora y del clima tenso que acompa\u00f1\u00f3 el inicio de la sesi\u00f3n, que la iniciativa que eleva el m\u00ednimo no imponible a 150 mil\u2026","rel":"","context":"En \u00abSin categor\u00eda\u00bb","block_context":{"text":"Sin categor\u00eda","link":"https:\/\/1005.com.ar\/index.php\/category\/sin-categoria\/"},"img":{"alt_text":"","src":"","width":0,"height":0},"classes":[]},{"id":1909,"url":"https:\/\/1005.com.ar\/index.php\/2021\/04\/01\/seran-1042-los-y-las-saladillenses-que-dejen-de-pagar-el-impuesto\/","url_meta":{"origin":1510,"position":1},"title":"Ser\u00e1n 1042 los y las saladillenses que dejen de pagar el impuesto","author":"Radio Music","date":"abril 1, 2021","format":false,"excerpt":"Con un amplio respaldo pol\u00edtico, la c\u00e1mara de Diputados de la naci\u00f3n le dio media sanci\u00f3n a la reforma del pol\u00e9mico impuesto a las ganancias. El proyecto impulsado por Sergio Massa y que tendr\u00e1 un impacto positivo inmediato en nuestra ciudad, se aprob\u00f3 por 241 votos portados por el Frente\u2026","rel":"","context":"En \u00abSin categor\u00eda\u00bb","block_context":{"text":"Sin categor\u00eda","link":"https:\/\/1005.com.ar\/index.php\/category\/sin-categoria\/"},"img":{"alt_text":"","src":"https:\/\/i0.wp.com\/1005.com.ar\/wp-content\/uploads\/2021\/04\/1617224205.jpeg?resize=350%2C200&ssl=1","width":350,"height":200,"srcset":"https:\/\/i0.wp.com\/1005.com.ar\/wp-content\/uploads\/2021\/04\/1617224205.jpeg?resize=350%2C200&ssl=1 1x, https:\/\/i0.wp.com\/1005.com.ar\/wp-content\/uploads\/2021\/04\/1617224205.jpeg?resize=525%2C300&ssl=1 1.5x, https:\/\/i0.wp.com\/1005.com.ar\/wp-content\/uploads\/2021\/04\/1617224205.jpeg?resize=700%2C400&ssl=1 2x"},"classes":[]},{"id":1766,"url":"https:\/\/1005.com.ar\/index.php\/2021\/03\/05\/rebaja-del-impuesto-a-las-ganancias-confirman-el-inicio-del-tratamiento-de-la-ley-en-el-congreso\/","url_meta":{"origin":1510,"position":2},"title":"Rebaja del Impuesto a las Ganancias: confirman el inicio del tratamiento de la ley en el Congreso","author":"Radio Music","date":"marzo 5, 2021","format":false,"excerpt":"El diputado del Frente de Todos, Mario Casaretto, confirm\u00f3 que el pr\u00f3ximo martes se comenzar\u00e1 a tratar en plenario de comisiones el proyecto que establece una rebaja en el Impuesto a las Ganancias. \u201cSe escuchar\u00e1n a Ministros y funcionarios del Gobierno, a representantes del Movimiento Obrero y dem\u00e1s sectores, para\u2026","rel":"","context":"En \u00abSin categor\u00eda\u00bb","block_context":{"text":"Sin categor\u00eda","link":"https:\/\/1005.com.ar\/index.php\/category\/sin-categoria\/"},"img":{"alt_text":"","src":"https:\/\/i0.wp.com\/1005.com.ar\/wp-content\/uploads\/2021\/03\/el-proyecto-comenzara-tratarse-plenario-comisiones.jpeg?resize=350%2C200&ssl=1","width":350,"height":200,"srcset":"https:\/\/i0.wp.com\/1005.com.ar\/wp-content\/uploads\/2021\/03\/el-proyecto-comenzara-tratarse-plenario-comisiones.jpeg?resize=350%2C200&ssl=1 1x, https:\/\/i0.wp.com\/1005.com.ar\/wp-content\/uploads\/2021\/03\/el-proyecto-comenzara-tratarse-plenario-comisiones.jpeg?resize=525%2C300&ssl=1 1.5x"},"classes":[]},{"id":1803,"url":"https:\/\/1005.com.ar\/index.php\/2021\/03\/10\/ganancias-y-jubilados-las-condiciones-y-el-tramite-para-pagar-menos\/","url_meta":{"origin":1510,"position":3},"title":"Ganancias y jubilados: las condiciones y el tr\u00e1mite para pagar menos","author":"Radio Music","date":"marzo 10, 2021","format":false,"excerpt":"Desde 2017 y por una ley aprobada a fines del a\u00f1o previo, los haberes de los jubilados y pensionados tienen\u00a0un tratamiento diferente en el impuesto a las ganancias, respecto del que rige para los salarios\u00a0de los trabajadores activos. Concretamente, no se tributa si el ingreso mensual es de hasta el\u00a0monto\u2026","rel":"","context":"En \u00abSin categor\u00eda\u00bb","block_context":{"text":"Sin categor\u00eda","link":"https:\/\/1005.com.ar\/index.php\/category\/sin-categoria\/"},"img":{"alt_text":"","src":"https:\/\/i0.wp.com\/1005.com.ar\/wp-content\/uploads\/2021\/03\/CQ7VROO5XVF3RFDYWMAY3NW4AI.jpg?resize=350%2C200&ssl=1","width":350,"height":200,"srcset":"https:\/\/i0.wp.com\/1005.com.ar\/wp-content\/uploads\/2021\/03\/CQ7VROO5XVF3RFDYWMAY3NW4AI.jpg?resize=350%2C200&ssl=1 1x, https:\/\/i0.wp.com\/1005.com.ar\/wp-content\/uploads\/2021\/03\/CQ7VROO5XVF3RFDYWMAY3NW4AI.jpg?resize=525%2C300&ssl=1 1.5x, https:\/\/i0.wp.com\/1005.com.ar\/wp-content\/uploads\/2021\/03\/CQ7VROO5XVF3RFDYWMAY3NW4AI.jpg?resize=700%2C400&ssl=1 2x"},"classes":[]},{"id":2303,"url":"https:\/\/1005.com.ar\/index.php\/2021\/09\/27\/la-camara-de-diputados-lanza-un-portal-con-informacion-legislativa-de-genero\/","url_meta":{"origin":1510,"position":4},"title":"La C\u00e1mara de Diputados lanza un portal con informaci\u00f3n legislativa de g\u00e9nero","author":"Radio Music","date":"septiembre 27, 2021","format":false,"excerpt":"Se trata de una nueva herramienta destinada a acercar las pol\u00edticas de\u00a0igualdad y diversidad\u00a0a la comunidad, a las personas trabajadoras de la C\u00e1mara, los medios de difusi\u00f3n y a organismos nacionales e internacionales.El flamante sitio ofrece un buscador para consultar las\u00a0leyes aprobadas en materia g\u00e9nero, as\u00ed como los proyectos en\u2026","rel":"","context":"En \u00abSin categor\u00eda\u00bb","block_context":{"text":"Sin categor\u00eda","link":"https:\/\/1005.com.ar\/index.php\/category\/sin-categoria\/"},"img":{"alt_text":"","src":"https:\/\/i0.wp.com\/1005.com.ar\/wp-content\/uploads\/2021\/09\/196737-foto-20principal-0.jpg?resize=350%2C200&ssl=1","width":350,"height":200,"srcset":"https:\/\/i0.wp.com\/1005.com.ar\/wp-content\/uploads\/2021\/09\/196737-foto-20principal-0.jpg?resize=350%2C200&ssl=1 1x, https:\/\/i0.wp.com\/1005.com.ar\/wp-content\/uploads\/2021\/09\/196737-foto-20principal-0.jpg?resize=525%2C300&ssl=1 1.5x, https:\/\/i0.wp.com\/1005.com.ar\/wp-content\/uploads\/2021\/09\/196737-foto-20principal-0.jpg?resize=700%2C400&ssl=1 2x"},"classes":[]},{"id":3175,"url":"https:\/\/1005.com.ar\/index.php\/2022\/07\/21\/massa-y-el-presidente-del-congreso-de-honduras-firmaron-un-acuerdo-de-cooperacion\/","url_meta":{"origin":1510,"position":5},"title":"Massa y el presidente del Congreso de Honduras firmaron un acuerdo de cooperaci\u00f3n","author":"Julieta Di Rocco","date":"julio 21, 2022","format":false,"excerpt":"El presidente de la C\u00e1mara de Diputados recibi\u00f3 a Luis Redondo, en un reuni\u00f3n enfocada en las oportunidades para ampliar los marcos de cooperaci\u00f3n de ambos pa\u00edses y en el que se firm\u00f3 un acuerdo institucional en materia legislativa. https:\/\/www.telam.com.ar\/notas\/202207\/599285-massa-presidente-del-congreso-honduras-acuerdo-cooperacion.html","rel":"","context":"En \u00abSin categor\u00eda\u00bb","block_context":{"text":"Sin categor\u00eda","link":"https:\/\/1005.com.ar\/index.php\/category\/sin-categoria\/"},"img":{"alt_text":"","src":"https:\/\/i0.wp.com\/1005.com.ar\/wp-content\/uploads\/2022\/07\/62d9ee0c04270_900.jpg?resize=350%2C200&ssl=1","width":350,"height":200,"srcset":"https:\/\/i0.wp.com\/1005.com.ar\/wp-content\/uploads\/2022\/07\/62d9ee0c04270_900.jpg?resize=350%2C200&ssl=1 1x, https:\/\/i0.wp.com\/1005.com.ar\/wp-content\/uploads\/2022\/07\/62d9ee0c04270_900.jpg?resize=525%2C300&ssl=1 1.5x, https:\/\/i0.wp.com\/1005.com.ar\/wp-content\/uploads\/2022\/07\/62d9ee0c04270_900.jpg?resize=700%2C400&ssl=1 2x"},"classes":[]}],"jetpack_likes_enabled":true,"jetpack_sharing_enabled":true,"_links":{"self":[{"href":"https:\/\/1005.com.ar\/index.php\/wp-json\/wp\/v2\/posts\/1510","targetHints":{"allow":["GET"]}}],"collection":[{"href":"https:\/\/1005.com.ar\/index.php\/wp-json\/wp\/v2\/posts"}],"about":[{"href":"https:\/\/1005.com.ar\/index.php\/wp-json\/wp\/v2\/types\/post"}],"author":[{"embeddable":true,"href":"https:\/\/1005.com.ar\/index.php\/wp-json\/wp\/v2\/users\/3"}],"replies":[{"embeddable":true,"href":"https:\/\/1005.com.ar\/index.php\/wp-json\/wp\/v2\/comments?post=1510"}],"version-history":[{"count":0,"href":"https:\/\/1005.com.ar\/index.php\/wp-json\/wp\/v2\/posts\/1510\/revisions"}],"wp:featuredmedia":[{"embeddable":true,"href":"https:\/\/1005.com.ar\/index.php\/wp-json\/wp\/v2\/media\/1511"}],"wp:attachment":[{"href":"https:\/\/1005.com.ar\/index.php\/wp-json\/wp\/v2\/media?parent=1510"}],"wp:term":[{"taxonomy":"category","embeddable":true,"href":"https:\/\/1005.com.ar\/index.php\/wp-json\/wp\/v2\/categories?post=1510"},{"taxonomy":"post_tag","embeddable":true,"href":"https:\/\/1005.com.ar\/index.php\/wp-json\/wp\/v2\/tags?post=1510"}],"curies":[{"name":"wp","href":"https:\/\/api.w.org\/{rel}","templated":true}]}}