{"id":1473,"date":"2021-02-06T13:18:59","date_gmt":"2021-02-06T16:18:59","guid":{"rendered":"https:\/\/1005.com.ar\/?p=1473"},"modified":"2021-02-06T13:19:00","modified_gmt":"2021-02-06T16:19:00","slug":"conmocion-en-el-futbol-se-suicido-el-morro-garcia","status":"publish","type":"post","link":"https:\/\/1005.com.ar\/index.php\/2021\/02\/06\/conmocion-en-el-futbol-se-suicido-el-morro-garcia\/","title":{"rendered":"Conmoci\u00f3n en el futbol: Se suicid\u00f3 el Morro Garc\u00eda"},"content":{"rendered":"\n<p>El delantero de Godoy Cruz ten\u00eda 30 a\u00f1os y estaba bajo tratamiento psiqui\u00e1trico. Lo encontraron sin vida en su departamento de Mendoza.<\/p>\n\n\n\n<p>Santiago Garc\u00eda fue encontrado sin vida en su departamento de Mendoza y poco despu\u00e9s se confirm\u00f3 que se trat\u00f3 de un suicidio. El delantero de Godoy Cruz ten\u00eda 30 a\u00f1os y estaba bajo tratamiento psiqui\u00e1trico por un cuadro de depresi\u00f3n.<\/p>\n\n\n\n<p>El futbolista que todav\u00eda pertenec\u00eda al Tomba hab\u00eda sido separado del plantel y, a pesar de contar con varias propuestas para emigrar, su decisi\u00f3n fue quedarse en aquella provincia. Las alternativas que manejaba su representante (Daniel Fonseca) eran de V\u00e9lez, Estudiantes y Gimnasia.<\/p>\n\n\n\n<p><a href=\"https:\/\/www.tycsports.com\/liga-profesional-de-futbol\/se-suicido-el-morro-garcia-godoy-cruz-id319741.html\">https:\/\/www.tycsports.com\/liga-profesional-de-futbol\/se-suicido-el-morro-garcia-godoy-cruz-id319741.html<\/a><\/p>\n","protected":false},"excerpt":{"rendered":"<p>El delantero de Godoy Cruz ten\u00eda 30 a\u00f1os y estaba bajo tratamiento psiqui\u00e1trico. Lo encontraron sin vida en su departamento de Mendoza.<\/p>\n","protected":false},"author":3,"featured_media":1474,"comment_status":"open","ping_status":"closed","sticky":false,"template":"","format":"standard","meta":{"jetpack_post_was_ever_published":false,"_jetpack_newsletter_access":"","_jetpack_dont_email_post_to_subs":false,"_jetpack_newsletter_tier_id":0,"_jetpack_memberships_contains_paywalled_content":false,"_jetpack_memberships_contains_paid_content":false,"footnotes":"","jetpack_publicize_message":"","jetpack_publicize_feature_enabled":true,"jetpack_social_post_already_shared":true,"jetpack_social_options":{"image_generator_settings":{"template":"highway","default_image_id":0,"font":"","enabled":false},"version":2}},"categories":[1],"tags":[],"class_list":["post-1473","post","type-post","status-publish","format-standard","has-post-thumbnail","hentry","category-sin-categoria"],"jetpack_publicize_connections":[],"jetpack_featured_media_url":"https:\/\/1005.com.ar\/wp-content\/uploads\/2021\/02\/morro-garcia_862x485.jpg","jetpack-related-posts":[{"id":1282,"url":"https:\/\/1005.com.ar\/index.php\/2021\/01\/26\/los-dos-juveniles-que-blindo-river-por-varios-millones-de-dolares-uno-ya-debuto-bajo-el-ala-de-marcelo-gallardo\/","url_meta":{"origin":1473,"position":0},"title":"Los dos juveniles que blind\u00f3 River por varios millones de d\u00f3lares: uno ya debut\u00f3 bajo el ala de Marcelo Gallardo","author":"Radio Music","date":"enero 26, 2021","format":false,"excerpt":"El proyecto del conjunto Millonario avanza a paso firme y la dirigencia decidi\u00f3 resguardarse a dos prometedores canteranos","rel":"","context":"En \u00abSin categor\u00eda\u00bb","block_context":{"text":"Sin categor\u00eda","link":"https:\/\/1005.com.ar\/index.php\/category\/sin-categoria\/"},"img":{"alt_text":"","src":"https:\/\/i0.wp.com\/1005.com.ar\/wp-content\/uploads\/2021\/01\/EGPSRWNZDVCHHITD4VNTJPSFUQ.jpg?resize=350%2C200&ssl=1","width":350,"height":200,"srcset":"https:\/\/i0.wp.com\/1005.com.ar\/wp-content\/uploads\/2021\/01\/EGPSRWNZDVCHHITD4VNTJPSFUQ.jpg?resize=350%2C200&ssl=1 1x, https:\/\/i0.wp.com\/1005.com.ar\/wp-content\/uploads\/2021\/01\/EGPSRWNZDVCHHITD4VNTJPSFUQ.jpg?resize=525%2C300&ssl=1 1.5x, https:\/\/i0.wp.com\/1005.com.ar\/wp-content\/uploads\/2021\/01\/EGPSRWNZDVCHHITD4VNTJPSFUQ.jpg?resize=700%2C400&ssl=1 2x"},"classes":[]},{"id":1859,"url":"https:\/\/1005.com.ar\/index.php\/2021\/03\/26\/river-plate-vuelve-casco-en-lugar-de-martinez\/","url_meta":{"origin":1473,"position":1},"title":"River Plate: Vuelve Casco en lugar de Mart\u00ednez","author":"Radio Music","date":"marzo 26, 2021","format":false,"excerpt":"El\u00a0entrenador de River Plate, Marcelo Gallardo, prepara\u00a0un cambio en la formaci\u00f3n para el cl\u00e1sico del domingo ante Racing, por la Copa de la Liga Profesional de F\u00fatbol, en busca de su segundo triunfo consecutivo. Por otra parte,\u00a0el plantel millonario se someti\u00f3 a los hisopados de rigor en el River Camp\u2026","rel":"","context":"En \u00abSin categor\u00eda\u00bb","block_context":{"text":"Sin categor\u00eda","link":"https:\/\/1005.com.ar\/index.php\/category\/sin-categoria\/"},"img":{"alt_text":"","src":"","width":0,"height":0},"classes":[]},{"id":1892,"url":"https:\/\/1005.com.ar\/index.php\/2021\/04\/01\/la-nueva-vida-de-susan-boyle-la-mujer-que-emociono-al-mundo-con-su-voz-termino-en-un-psiquiatrico-y-gano-35-millones-de-euros\/","url_meta":{"origin":1473,"position":2},"title":"La nueva vida de Susan Boyle, la mujer que emocion\u00f3 al mundo con su voz, termin\u00f3 en un psiqui\u00e1trico y gan\u00f3 35 millones de euros","author":"Radio Music","date":"abril 1, 2021","format":false,"excerpt":"Entr\u00f3 al escenario caminando r\u00e1pido sobre sus taquitos color beige, enfundada en un vestido al tono, sin dise\u00f1o ni estridencias. Nadie le prest\u00f3 mucha atenci\u00f3n. Susan Boyle\u00a0parec\u00eda m\u00e1s grande que sus 47 a\u00f1os. Llevaba el pelo desprolijo, ten\u00eda unas cejas espesas instaladas debajo de su frente y su robusta figura\u2026","rel":"","context":"En \u00abSin categor\u00eda\u00bb","block_context":{"text":"Sin categor\u00eda","link":"https:\/\/1005.com.ar\/index.php\/category\/sin-categoria\/"},"img":{"alt_text":"","src":"https:\/\/i0.wp.com\/1005.com.ar\/wp-content\/uploads\/2021\/04\/PCRNVCOFW5EYPA53QUJXK6Q2OQ.jpg?resize=350%2C200&ssl=1","width":350,"height":200,"srcset":"https:\/\/i0.wp.com\/1005.com.ar\/wp-content\/uploads\/2021\/04\/PCRNVCOFW5EYPA53QUJXK6Q2OQ.jpg?resize=350%2C200&ssl=1 1x, https:\/\/i0.wp.com\/1005.com.ar\/wp-content\/uploads\/2021\/04\/PCRNVCOFW5EYPA53QUJXK6Q2OQ.jpg?resize=525%2C300&ssl=1 1.5x, https:\/\/i0.wp.com\/1005.com.ar\/wp-content\/uploads\/2021\/04\/PCRNVCOFW5EYPA53QUJXK6Q2OQ.jpg?resize=700%2C400&ssl=1 2x"},"classes":[]},{"id":1548,"url":"https:\/\/1005.com.ar\/index.php\/2021\/02\/12\/radiografia-completa-del-mercado-de-pases-argentino-las-salidas-resonantes-los-refuerzos-destacados-y-los-10-nuevos-entrenadores\/","url_meta":{"origin":1473,"position":3},"title":"Radiograf\u00eda completa del mercado de pases argentino: las salidas resonantes, los refuerzos destacados y los 10 nuevos entrenadores","author":"Radio Music","date":"febrero 12, 2021","format":false,"excerpt":"El f\u00fatbol est\u00e1 por comenzar y los clubes se siguen moviendo en busca del mejor plantel posible para la pr\u00f3xima Copa de la Liga Profesional","rel":"","context":"En \u00abSin categor\u00eda\u00bb","block_context":{"text":"Sin categor\u00eda","link":"https:\/\/1005.com.ar\/index.php\/category\/sin-categoria\/"},"img":{"alt_text":"","src":"https:\/\/i0.wp.com\/1005.com.ar\/wp-content\/uploads\/2021\/02\/UPLSY2DLJBEZZLOJA24PCKYUNA.jpg?resize=350%2C200&ssl=1","width":350,"height":200,"srcset":"https:\/\/i0.wp.com\/1005.com.ar\/wp-content\/uploads\/2021\/02\/UPLSY2DLJBEZZLOJA24PCKYUNA.jpg?resize=350%2C200&ssl=1 1x, https:\/\/i0.wp.com\/1005.com.ar\/wp-content\/uploads\/2021\/02\/UPLSY2DLJBEZZLOJA24PCKYUNA.jpg?resize=525%2C300&ssl=1 1.5x, https:\/\/i0.wp.com\/1005.com.ar\/wp-content\/uploads\/2021\/02\/UPLSY2DLJBEZZLOJA24PCKYUNA.jpg?resize=700%2C400&ssl=1 2x"},"classes":[]},{"id":2116,"url":"https:\/\/1005.com.ar\/index.php\/2021\/06\/20\/diego-contame-otra-vez-el-gol-a-los-ingleses-el-gol-de-todos-los-goles\/","url_meta":{"origin":1473,"position":4},"title":"Diego, contame otra vez el gol a los ingleses, el gol de todos los goles&#8230;","author":"Radio Music","date":"junio 20, 2021","format":false,"excerpt":"Por primera vez en 35 a\u00f1os, Maradona est\u00e1 ausente para festejar su conquista m\u00e1s grande frente a Inglaterra en el Mundial de M\u00e9xico \u201886. Su bi\u00f3grafo rescata la narraci\u00f3n de esa obra maestra que le hiciera el 10, una tarde de recuerdos en La Habana, Cuba La obra dar\u00e1 el\u2026","rel":"","context":"En \u00abSin categor\u00eda\u00bb","block_context":{"text":"Sin categor\u00eda","link":"https:\/\/1005.com.ar\/index.php\/category\/sin-categoria\/"},"img":{"alt_text":"","src":"https:\/\/i0.wp.com\/1005.com.ar\/wp-content\/uploads\/2021\/06\/4T7EF773YVCELDV6PNWM75D5FM.jpg?resize=350%2C200&ssl=1","width":350,"height":200,"srcset":"https:\/\/i0.wp.com\/1005.com.ar\/wp-content\/uploads\/2021\/06\/4T7EF773YVCELDV6PNWM75D5FM.jpg?resize=350%2C200&ssl=1 1x, https:\/\/i0.wp.com\/1005.com.ar\/wp-content\/uploads\/2021\/06\/4T7EF773YVCELDV6PNWM75D5FM.jpg?resize=525%2C300&ssl=1 1.5x, https:\/\/i0.wp.com\/1005.com.ar\/wp-content\/uploads\/2021\/06\/4T7EF773YVCELDV6PNWM75D5FM.jpg?resize=700%2C400&ssl=1 2x"},"classes":[]},{"id":2029,"url":"https:\/\/1005.com.ar\/index.php\/2021\/05\/18\/50-anos-de-whats-going-on-la-obra-maestra-de-marvin-gaye\/","url_meta":{"origin":1473,"position":5},"title":"50 a\u00f1os de \u00abWhat&#8217;s Going On\u00bb, la obra maestra de Marvin Gaye","author":"Radio Music","date":"mayo 18, 2021","format":false,"excerpt":"En mayo de 1971, el m\u00fasico dio a conocer un disco con\u00a0canciones de alto vuelo que abordaron la pobreza, la discriminaci\u00f3n, la violencia policial, la corrupc\u00edon pol\u00edtica y los horrores de la guerra. \"Editalo o nunca m\u00e1s voy a grabar para vos\",\u00a0fue la \u00e1spera advertencia de\u00a0Marvin Gaye a Berry Gordy,\u00a0luego\u2026","rel":"","context":"En \u00abSin categor\u00eda\u00bb","block_context":{"text":"Sin categor\u00eda","link":"https:\/\/1005.com.ar\/index.php\/category\/sin-categoria\/"},"img":{"alt_text":"","src":"","width":0,"height":0},"classes":[]}],"jetpack_likes_enabled":true,"jetpack_sharing_enabled":true,"_links":{"self":[{"href":"https:\/\/1005.com.ar\/index.php\/wp-json\/wp\/v2\/posts\/1473","targetHints":{"allow":["GET"]}}],"collection":[{"href":"https:\/\/1005.com.ar\/index.php\/wp-json\/wp\/v2\/posts"}],"about":[{"href":"https:\/\/1005.com.ar\/index.php\/wp-json\/wp\/v2\/types\/post"}],"author":[{"embeddable":true,"href":"https:\/\/1005.com.ar\/index.php\/wp-json\/wp\/v2\/users\/3"}],"replies":[{"embeddable":true,"href":"https:\/\/1005.com.ar\/index.php\/wp-json\/wp\/v2\/comments?post=1473"}],"version-history":[{"count":0,"href":"https:\/\/1005.com.ar\/index.php\/wp-json\/wp\/v2\/posts\/1473\/revisions"}],"wp:featuredmedia":[{"embeddable":true,"href":"https:\/\/1005.com.ar\/index.php\/wp-json\/wp\/v2\/media\/1474"}],"wp:attachment":[{"href":"https:\/\/1005.com.ar\/index.php\/wp-json\/wp\/v2\/media?parent=1473"}],"wp:term":[{"taxonomy":"category","embeddable":true,"href":"https:\/\/1005.com.ar\/index.php\/wp-json\/wp\/v2\/categories?post=1473"},{"taxonomy":"post_tag","embeddable":true,"href":"https:\/\/1005.com.ar\/index.php\/wp-json\/wp\/v2\/tags?post=1473"}],"curies":[{"name":"wp","href":"https:\/\/api.w.org\/{rel}","templated":true}]}}