{"id":1399,"date":"2021-01-30T11:46:34","date_gmt":"2021-01-30T14:46:34","guid":{"rendered":"https:\/\/1005.com.ar\/?p=1399"},"modified":"2021-01-30T11:48:34","modified_gmt":"2021-01-30T14:48:34","slug":"nuestro-hasta-pronto-dolor-por-la-muerte-de-yuna-rodriguez","status":"publish","type":"post","link":"https:\/\/1005.com.ar\/index.php\/2021\/01\/30\/nuestro-hasta-pronto-dolor-por-la-muerte-de-yuna-rodriguez\/","title":{"rendered":"Nuestro \u00abhasta pronto\u00bb&#8230; Dolor por la muerte de \u201cYuna\u201d Rodr\u00edguez"},"content":{"rendered":"\n<p><em>Durante a\u00f1os, junto a su amigo Miguel \u00c1ngel Rial integr\u00f3 Los del Pa\u00eds<\/em><\/p>\n\n\n\n<p>Debido una dolencia que padec\u00eda desde hace un tiempo, falleci\u00f3 este viernes el reconocido m\u00fasico y cantor de Saladillo Juan Carlos \u201cYuna\u201d Rodr\u00edguez.<\/p>\n\n\n\n<p>El Gobierno municipal lament\u00f3 la muerte de quien fuera uno de los m\u00e1ximos exponentes de la m\u00fasica y la cultura local.<\/p>\n\n\n\n<p>\u201cYuna fue un grandioso m\u00fasico. Lo caracterizaba su car\u00e1cter alegre y jovial. Muchos hemos sido los que pudimos conocerlo y valorarlo\u201d, se\u00f1alaron.<\/p>\n\n\n\n<p>Su paso por el d\u00fao Los del Pa\u00eds junto a Miguel \u00c1ngel Rial enriqueci\u00f3 y puso en un valor superior nuestra m\u00fasica folcl\u00f3rica.<\/p>\n\n\n\n<p>Con su incansable peregrinar por los escenarios del pa\u00eds, hizo conocer Saladillo y contribuy\u00f3 a enriquecer nuestra identidad.<\/p>\n\n\n\n<p>\u201cAcompa\u00f1amos en este dif\u00edcil momento a sus familiares y amigos. Hasta siempre querido Yuna.\u201d<\/p>\n","protected":false},"excerpt":{"rendered":"<p>Durante a\u00f1os, junto a su amigo Miguel \u00c1ngel Rial integr\u00f3 Los del Pa\u00eds<\/p>\n","protected":false},"author":3,"featured_media":1402,"comment_status":"open","ping_status":"closed","sticky":false,"template":"","format":"standard","meta":{"jetpack_post_was_ever_published":false,"_jetpack_newsletter_access":"","_jetpack_dont_email_post_to_subs":false,"_jetpack_newsletter_tier_id":0,"_jetpack_memberships_contains_paywalled_content":false,"_jetpack_memberships_contains_paid_content":false,"footnotes":"","jetpack_publicize_message":"","jetpack_publicize_feature_enabled":true,"jetpack_social_post_already_shared":true,"jetpack_social_options":{"image_generator_settings":{"template":"highway","default_image_id":0,"font":"","enabled":false},"version":2}},"categories":[1],"tags":[],"class_list":["post-1399","post","type-post","status-publish","format-standard","has-post-thumbnail","hentry","category-sin-categoria"],"jetpack_publicize_connections":[],"jetpack_featured_media_url":"https:\/\/1005.com.ar\/wp-content\/uploads\/2021\/01\/descarga-9.jpg","jetpack-related-posts":[{"id":3061,"url":"https:\/\/1005.com.ar\/index.php\/2022\/07\/05\/el-pj-de-saladillo-recordo-a-peron-a-48-anos-de-su-muerte\/","url_meta":{"origin":1399,"position":0},"title":"El PJ de Saladillo record\u00f3 a Per\u00f3n a 48 a\u00f1os de su muerte","author":"Julieta Di Rocco","date":"julio 5, 2022","format":false,"excerpt":"El Partido Justicialista de Saladillo convoc\u00f3 a su militancia a un acto con el fin de conmemorar el 48\u00b0 aniversario del fallecimiento de Juan Domingo Per\u00f3n, figura m\u00e1xima del justicialismo. Este encuentro tuvo lugar anoche en su local partidario de la calle Mitre. https:\/\/www.lamanana.com.ar\/el-pj-de-saladillo-recordo-a-peron-a-48-anos-de-su-muerte\/","rel":"","context":"En \u00abSin categor\u00eda\u00bb","block_context":{"text":"Sin categor\u00eda","link":"https:\/\/1005.com.ar\/index.php\/category\/sin-categoria\/"},"img":{"alt_text":"","src":"https:\/\/i0.wp.com\/1005.com.ar\/wp-content\/uploads\/2022\/07\/peron-pj01-696x522-1.jpeg?resize=350%2C200&ssl=1","width":350,"height":200,"srcset":"https:\/\/i0.wp.com\/1005.com.ar\/wp-content\/uploads\/2022\/07\/peron-pj01-696x522-1.jpeg?resize=350%2C200&ssl=1 1x, https:\/\/i0.wp.com\/1005.com.ar\/wp-content\/uploads\/2022\/07\/peron-pj01-696x522-1.jpeg?resize=525%2C300&ssl=1 1.5x"},"classes":[]},{"id":3390,"url":"https:\/\/1005.com.ar\/index.php\/2022\/08\/29\/el-programa-acercar-estara-en-saladillo\/","url_meta":{"origin":1399,"position":1},"title":"EL PROGRAMA \u00abACERCAR\u00bb ESTAR\u00c1 EN SALADILLO","author":"Julieta Di Rocco","date":"agosto 29, 2022","format":false,"excerpt":"Esta semana, durante los d\u00edas mi\u00e9rcoles, jueves y viernes desde las 9 de la ma\u00f1ana hasta las 2 de la tarde se estar\u00e1 desarrollando en Saladillo el programa \"ACERCAR\", gestionado a trav\u00e9s de la Subsecretar\u00eda de Asuntos Municipales del Ministerio de Gobierno de la Provincia de Buenos Aires. El operativo\u2026","rel":"","context":"En \u00abSin categor\u00eda\u00bb","block_context":{"text":"Sin categor\u00eda","link":"https:\/\/1005.com.ar\/index.php\/category\/sin-categoria\/"},"img":{"alt_text":"","src":"https:\/\/i0.wp.com\/1005.com.ar\/wp-content\/uploads\/2022\/08\/ead98295-675d-4e80-a785-bab0a9490c38.jpg?resize=350%2C200&ssl=1","width":350,"height":200,"srcset":"https:\/\/i0.wp.com\/1005.com.ar\/wp-content\/uploads\/2022\/08\/ead98295-675d-4e80-a785-bab0a9490c38.jpg?resize=350%2C200&ssl=1 1x, https:\/\/i0.wp.com\/1005.com.ar\/wp-content\/uploads\/2022\/08\/ead98295-675d-4e80-a785-bab0a9490c38.jpg?resize=525%2C300&ssl=1 1.5x, https:\/\/i0.wp.com\/1005.com.ar\/wp-content\/uploads\/2022\/08\/ead98295-675d-4e80-a785-bab0a9490c38.jpg?resize=700%2C400&ssl=1 2x"},"classes":[]},{"id":2091,"url":"https:\/\/1005.com.ar\/index.php\/2021\/06\/16\/tras-el-covid-positivo-del-intendente-de-saladillo-asumio-alejandro-armendariz-h-en-forma-interina\/","url_meta":{"origin":1399,"position":2},"title":"Tras el Covid positivo del intendente de Saladillo, asumi\u00f3 Alejandro Armend\u00e1riz (h) en forma interina","author":"Radio Music","date":"junio 16, 2021","format":false,"excerpt":"El Intendente de Saladillo Jos\u00e9 Luis Salom\u00f3n deber\u00e1 permanecer aislado en su domicilio por resultar positivo de coronavirus. En su lugar asumi\u00f3 el presidente del Concejo Deliberante, Alejandro Armend\u00e1riz. \"De acuerdo a ello y en el marco de lo dispuesto por los art\u00edculos 15\u00b0 y 87\u00b0 de la Ley Org\u00e1nica\u2026","rel":"","context":"En \u00abSin categor\u00eda\u00bb","block_context":{"text":"Sin categor\u00eda","link":"https:\/\/1005.com.ar\/index.php\/category\/sin-categoria\/"},"img":{"alt_text":"","src":"https:\/\/i0.wp.com\/1005.com.ar\/wp-content\/uploads\/2021\/06\/salomonarmendariz.jpg?resize=350%2C200&ssl=1","width":350,"height":200},"classes":[]},{"id":3384,"url":"https:\/\/1005.com.ar\/index.php\/2022\/08\/25\/universidad-de-saladillo\/","url_meta":{"origin":1399,"position":3},"title":"Universidad de Saladillo","author":"Julieta Di Rocco","date":"agosto 25, 2022","format":false,"excerpt":"No todo es color de rosas, \"Cambiemos\" voto en contra.Si algo nos queda en claro es que gracias al peronismo, Saladillo tendr\u00e1 seguramente, si es que Cambiemos novota en contra como lo hizo ayer en la comisi\u00f3n de educaci\u00f3n del Congreso , un Universidad P\u00fablica para nuestraj\u00f3venes.Porque hago la salvedad\u2026","rel":"","context":"En \u00abSin categor\u00eda\u00bb","block_context":{"text":"Sin categor\u00eda","link":"https:\/\/1005.com.ar\/index.php\/category\/sin-categoria\/"},"img":{"alt_text":"","src":"https:\/\/i0.wp.com\/1005.com.ar\/wp-content\/uploads\/2022\/08\/image_content_35884364_20200616084929.jpg?resize=350%2C200&ssl=1","width":350,"height":200,"srcset":"https:\/\/i0.wp.com\/1005.com.ar\/wp-content\/uploads\/2022\/08\/image_content_35884364_20200616084929.jpg?resize=350%2C200&ssl=1 1x, https:\/\/i0.wp.com\/1005.com.ar\/wp-content\/uploads\/2022\/08\/image_content_35884364_20200616084929.jpg?resize=525%2C300&ssl=1 1.5x"},"classes":[]},{"id":2113,"url":"https:\/\/1005.com.ar\/index.php\/2021\/06\/20\/la-foto-viral-del-padre-que-pedia-trabajo-junto-a-su-bebe-en-la-calle-y-la-cadena-de-solidaridad-social-que-cambio-su-vida\/","url_meta":{"origin":1399,"position":4},"title":"La foto viral del padre que ped\u00eda trabajo junto a su beb\u00e9 en la calle y la cadena de solidaridad social que cambi\u00f3 su vida","author":"Radio Music","date":"junio 20, 2021","format":false,"excerpt":"Hace poco m\u00e1s de tres semanas,\u00a0\u00c1ngel Ariel Ustares, de 34 a\u00f1os, ni en sus sue\u00f1os m\u00e1s optimistas imagin\u00f3 que el D\u00eda del Padre de hoy lo encontrar\u00eda\u00a0a punto de conseguir un trabajo en una multinacional, con la seguridad de permanecer al menos durante un mes bajo el techo de una\u2026","rel":"","context":"En \u00abSin categor\u00eda\u00bb","block_context":{"text":"Sin categor\u00eda","link":"https:\/\/1005.com.ar\/index.php\/category\/sin-categoria\/"},"img":{"alt_text":"","src":"","width":0,"height":0},"classes":[]},{"id":1193,"url":"https:\/\/1005.com.ar\/index.php\/2021\/01\/22\/a-39-anos-de-la-primera-actuacion-de-luis-miguel-en-una-pequena-televisora-mexicana-el-momento-que-cambio-su-vida\/","url_meta":{"origin":1399,"position":5},"title":"A 39 a\u00f1os de la primera actuaci\u00f3n de Luis Miguel en una peque\u00f1a televisora mexicana: el momento que cambi\u00f3 su vida","author":"Radio Music","date":"enero 22, 2021","format":false,"excerpt":"\u201cEl Sol\u201d cumple 39 a\u00f1os de trayectoria art\u00edstica y recordamos su primera aparici\u00f3n en televisi\u00f3n nacional El astro de la m\u00fasica Luis Miguel, cuya trayectoria art\u00edstica ha sido de \u00e9xitos y pol\u00e9micas, celebra 39 a\u00f1os de carrera. El cantante debut\u00f3 en 1981 en\u00a0un canal local chihuahuense sin saber que se\u2026","rel":"","context":"En \u00abSin categor\u00eda\u00bb","block_context":{"text":"Sin categor\u00eda","link":"https:\/\/1005.com.ar\/index.php\/category\/sin-categoria\/"},"img":{"alt_text":"","src":"https:\/\/i0.wp.com\/1005.com.ar\/wp-content\/uploads\/2021\/01\/LuisMiguel.png?resize=350%2C200&ssl=1","width":350,"height":200,"srcset":"https:\/\/i0.wp.com\/1005.com.ar\/wp-content\/uploads\/2021\/01\/LuisMiguel.png?resize=350%2C200&ssl=1 1x, https:\/\/i0.wp.com\/1005.com.ar\/wp-content\/uploads\/2021\/01\/LuisMiguel.png?resize=525%2C300&ssl=1 1.5x"},"classes":[]}],"jetpack_likes_enabled":true,"jetpack_sharing_enabled":true,"_links":{"self":[{"href":"https:\/\/1005.com.ar\/index.php\/wp-json\/wp\/v2\/posts\/1399","targetHints":{"allow":["GET"]}}],"collection":[{"href":"https:\/\/1005.com.ar\/index.php\/wp-json\/wp\/v2\/posts"}],"about":[{"href":"https:\/\/1005.com.ar\/index.php\/wp-json\/wp\/v2\/types\/post"}],"author":[{"embeddable":true,"href":"https:\/\/1005.com.ar\/index.php\/wp-json\/wp\/v2\/users\/3"}],"replies":[{"embeddable":true,"href":"https:\/\/1005.com.ar\/index.php\/wp-json\/wp\/v2\/comments?post=1399"}],"version-history":[{"count":0,"href":"https:\/\/1005.com.ar\/index.php\/wp-json\/wp\/v2\/posts\/1399\/revisions"}],"wp:featuredmedia":[{"embeddable":true,"href":"https:\/\/1005.com.ar\/index.php\/wp-json\/wp\/v2\/media\/1402"}],"wp:attachment":[{"href":"https:\/\/1005.com.ar\/index.php\/wp-json\/wp\/v2\/media?parent=1399"}],"wp:term":[{"taxonomy":"category","embeddable":true,"href":"https:\/\/1005.com.ar\/index.php\/wp-json\/wp\/v2\/categories?post=1399"},{"taxonomy":"post_tag","embeddable":true,"href":"https:\/\/1005.com.ar\/index.php\/wp-json\/wp\/v2\/tags?post=1399"}],"curies":[{"name":"wp","href":"https:\/\/api.w.org\/{rel}","templated":true}]}}