{"id":1344,"date":"2021-01-28T11:45:33","date_gmt":"2021-01-28T14:45:33","guid":{"rendered":"https:\/\/1005.com.ar\/?p=1344"},"modified":"2021-01-28T11:45:35","modified_gmt":"2021-01-28T14:45:35","slug":"un-documental-sobre-el-stud-free-pub-emblema-del-under-de-los-80","status":"publish","type":"post","link":"https:\/\/1005.com.ar\/index.php\/2021\/01\/28\/un-documental-sobre-el-stud-free-pub-emblema-del-under-de-los-80\/","title":{"rendered":"Un documental sobre el Stud Free Pub, emblema del under de los 80"},"content":{"rendered":"\n<p>Con entrevistas al Indio Solari y Charly Garc\u00eda, entre otros. Stud Free Pub (Una buena historia), dirigido por Ariel \u00abTopo\u00bb Raiman, se podr\u00e1 ver este jueves\u00a0a las 22, gratis, por streaming. Rescata a trav\u00e9s de im\u00e1genes y testimonios la esencia de un local que marc\u00f3 una \u00e9poca y vio pasar a muchas de las mejores bandas de los m\u00e1s diversos estilos.\u00a0\u00a0<\/p>\n\n\n\n<p>Las median\u00edas de los ochenta fueron\u00a0<strong>una \u00e9poca gloriosa del under en Buenos Aires<\/strong>. Con su cartel de ne\u00f3n, el\u00a0<strong>Stud Free Pub<\/strong>\u00a0\u2013antes, Stud Bar-, se anunciaba al 5665 de Avenida del Libertador, en un\u00a0<strong>Bajo Belgrano<\/strong>\u00a0mucho menos concheto que el actual. Al salir del t\u00fanel de cara al norte, hacia la calle La Pampa, el horizonte se recortaba solo, libre de siluetas macizas de torres. El paisaje ten\u00eda tonos inexplorados y hasta un cierto malevaje propio. As\u00ed lo testimonian muchos habitu\u00e9s de uno de los enclaves fundamentales de esa cultura, en el documental\u00a0<strong><em>Stud Free Pub (Una buena historia)<\/em>, estrenado en la edici\u00f3n 2019 del Festival Internacional de Cine de Mar del Plata, y que este jueves a las 22 se va a poder disfrutar gratis, a trav\u00e9s de comunidadcinefila.org<\/strong>.<\/p>\n\n\n\n<p>Despu\u00e9s de que el productor\u00a0<strong>Dami\u00e1n Originario<\/strong>\u00a0le acercara la idea de reconstruir el mito,\u00a0<strong>el director del documental fue Ariel \u201cTopo\u201d Raiman, baterista de Los Pericos y realizador audiovisual, que en aquella \u00e9poca viv\u00eda cerca y era habitu\u00e9 del Stud, como p\u00fablico, y como m\u00fasico de Camouflage<\/strong>. Al cabo de m\u00e1s de cuatro a\u00f1os de buceo filmogr\u00e1fico, entrevistas y tropiezos burocr\u00e1ticos, finalmente logr\u00f3 parir 90 minutos con material de archivo hist\u00f3rico, y charlas con m\u00e1s de 50 de los personajes que pulularon por un recinto que supo combinar la magia de los antros con sofisticaci\u00f3n est\u00e9tica, desde 1982 hasta 1985, cuando no se renov\u00f3 el alquiler, y el Stud pas\u00f3 a los libros.<\/p>\n\n\n\n<p><a href=\"https:\/\/www.pagina12.com.ar\/320056-un-documental-sobre-el-stud-free-pub-emblema-del-under-de-lo\">https:\/\/www.pagina12.com.ar\/320056-un-documental-sobre-el-stud-free-pub-emblema-del-under-de-lo<\/a><\/p>\n","protected":false},"excerpt":{"rendered":"<p>Stud Free Pub (Una buena historia), dirigido por Ariel \u00abTopo\u00bb Raiman, se podr\u00e1 ver este jueves a las 22, gratis, por streaming. Rescata a trav\u00e9s de im\u00e1genes y testimonios la esencia de un local que marc\u00f3 una \u00e9poca y vio pasar a muchas de las mejores bandas de los m\u00e1s diversos estilos.  <\/p>\n","protected":false},"author":3,"featured_media":1345,"comment_status":"open","ping_status":"closed","sticky":false,"template":"","format":"standard","meta":{"jetpack_post_was_ever_published":false,"_jetpack_newsletter_access":"","_jetpack_dont_email_post_to_subs":false,"_jetpack_newsletter_tier_id":0,"_jetpack_memberships_contains_paywalled_content":false,"_jetpack_memberships_contains_paid_content":false,"footnotes":"","jetpack_publicize_message":"","jetpack_publicize_feature_enabled":true,"jetpack_social_post_already_shared":true,"jetpack_social_options":{"image_generator_settings":{"template":"highway","default_image_id":0,"font":"","enabled":false},"version":2}},"categories":[1],"tags":[],"class_list":["post-1344","post","type-post","status-publish","format-standard","has-post-thumbnail","hentry","category-sin-categoria"],"jetpack_publicize_connections":[],"jetpack_featured_media_url":"https:\/\/1005.com.ar\/wp-content\/uploads\/2021\/01\/descarga-4-1.jpg","jetpack-related-posts":[{"id":2088,"url":"https:\/\/1005.com.ar\/index.php\/2021\/06\/16\/el-psicoanalisis-su-horizonte-y-la-subjetividad-de-la-epoca\/","url_meta":{"origin":1344,"position":0},"title":"El psicoan\u00e1lisis, su horizonte y la subjetividad de la \u00e9poca","author":"Radio Music","date":"junio 16, 2021","format":false,"excerpt":"Hemos escuchado y repetido en innumerables ocasiones la frase de Lacan: \u201cMejor pues que renuncie quien no pueda unir a su horizonte la subjetividad de la \u00e9poca\u201d, que puede leerse en un escrito de 1953, \u201cFunci\u00f3n y campo de la palabra\u201d, donde el autor plantea un retorno a los fundamentos\u2026","rel":"","context":"En \u00abSin categor\u00eda\u00bb","block_context":{"text":"Sin categor\u00eda","link":"https:\/\/1005.com.ar\/index.php\/category\/sin-categoria\/"},"img":{"alt_text":"","src":"https:\/\/i0.wp.com\/1005.com.ar\/wp-content\/uploads\/2021\/06\/descarga-4-1.jpg?resize=350%2C200&ssl=1","width":350,"height":200},"classes":[]},{"id":1806,"url":"https:\/\/1005.com.ar\/index.php\/2021\/03\/10\/murio-lou-ottens-el-creador-del-cassette\/","url_meta":{"origin":1344,"position":1},"title":"Muri\u00f3 Lou Ottens, el creador del cassette","author":"Radio Music","date":"marzo 10, 2021","format":false,"excerpt":"Una de las creaciones que marc\u00f3 una generaci\u00f3n:\u00a0el\u00a0cassette. Su creador Lou Ottens muri\u00f3 a los 94 a\u00f1os siendo un gran inventor.\u00a0El cassette permiti\u00f3 avanzar tecnol\u00f3gicamente y por ejemplo escuchar m\u00fasica en un auto, siendo f\u00e1cil transportarlo o a trav\u00e9s de un walkman. Este objeto tan avanzado para la \u00e9poca conquist\u00f3\u2026","rel":"","context":"En \u00abSin categor\u00eda\u00bb","block_context":{"text":"Sin categor\u00eda","link":"https:\/\/1005.com.ar\/index.php\/category\/sin-categoria\/"},"img":{"alt_text":"","src":"https:\/\/i0.wp.com\/1005.com.ar\/wp-content\/uploads\/2021\/03\/murio-lou-ottens-el-creador-del-cassette.jpg?resize=350%2C200&ssl=1","width":350,"height":200,"srcset":"https:\/\/i0.wp.com\/1005.com.ar\/wp-content\/uploads\/2021\/03\/murio-lou-ottens-el-creador-del-cassette.jpg?resize=350%2C200&ssl=1 1x, https:\/\/i0.wp.com\/1005.com.ar\/wp-content\/uploads\/2021\/03\/murio-lou-ottens-el-creador-del-cassette.jpg?resize=525%2C300&ssl=1 1.5x, https:\/\/i0.wp.com\/1005.com.ar\/wp-content\/uploads\/2021\/03\/murio-lou-ottens-el-creador-del-cassette.jpg?resize=700%2C400&ssl=1 2x, https:\/\/i0.wp.com\/1005.com.ar\/wp-content\/uploads\/2021\/03\/murio-lou-ottens-el-creador-del-cassette.jpg?resize=1050%2C600&ssl=1 3x"},"classes":[]},{"id":1561,"url":"https:\/\/1005.com.ar\/index.php\/2021\/02\/14\/murio-carlos-menem\/","url_meta":{"origin":1344,"position":2},"title":"Muri\u00f3 Carlos Menem","author":"Radio Music","date":"febrero 14, 2021","format":false,"excerpt":"El expresidente, exgobernador y senador de La Rioja Carlos Menem falleci\u00f3 a los 90 a\u00f1os en el Sanatorio Los Arcos, donde hab\u00eda sido internado hace un tiempo por un cuadro de infecci\u00f3n urinaria.","rel":"","context":"En \u00abSin categor\u00eda\u00bb","block_context":{"text":"Sin categor\u00eda","link":"https:\/\/1005.com.ar\/index.php\/category\/sin-categoria\/"},"img":{"alt_text":"","src":"","width":0,"height":0},"classes":[]},{"id":2063,"url":"https:\/\/1005.com.ar\/index.php\/2021\/06\/07\/inauguran-una-muestra-virtual-con-fotos-amateurs-de-recitales-de-los-80-y-los-90\/","url_meta":{"origin":1344,"position":3},"title":"Inauguran una muestra virtual con fotos amateurs de recitales de los &#8217;80 y los &#8217;90","author":"Radio Music","date":"junio 7, 2021","format":false,"excerpt":"El sitio web\u00a0Divagario\u00a0acaba de habilitar su espacio virtual a la muestra \u201cProhibido ingresar con c\u00e1maras fotogr\u00e1ficas\u201d. Se trata de una exposici\u00f3n online de fotos in\u00e9ditas tomadas a m\u00fasicos argentinos -con epicentro en el rock- por\u00a0dos fot\u00f3grafos \u201camateurs\u201d\u00a0durante las d\u00e9cadas del '80 y del '90. El material -perteneciente a\u00a0Gabriel Patrono y\u2026","rel":"","context":"En \u00abSin categor\u00eda\u00bb","block_context":{"text":"Sin categor\u00eda","link":"https:\/\/1005.com.ar\/index.php\/category\/sin-categoria\/"},"img":{"alt_text":"","src":"","width":0,"height":0},"classes":[]},{"id":1689,"url":"https:\/\/1005.com.ar\/index.php\/2021\/02\/28\/barcelona-no-sabe-cuidar-a-sus-idolos\/","url_meta":{"origin":1344,"position":4},"title":"\u00abBarcelona no sabe cuidar a sus \u00eddolos\u00bb","author":"Radio Music","date":"febrero 28, 2021","format":false,"excerpt":"Di\u00e1logo con el catal\u00e1n Ram\u00f3n Besa, autor de Maradona, historia de un desencuentro","rel":"","context":"En \u00abSin categor\u00eda\u00bb","block_context":{"text":"Sin categor\u00eda","link":"https:\/\/1005.com.ar\/index.php\/category\/sin-categoria\/"},"img":{"alt_text":"","src":"https:\/\/i0.wp.com\/1005.com.ar\/wp-content\/uploads\/2021\/02\/descarga-1-7.jpg?resize=350%2C200&ssl=1","width":350,"height":200},"classes":[]},{"id":3071,"url":"https:\/\/1005.com.ar\/index.php\/2022\/07\/09\/pesce-no-tengo-miedo-a-una-hiperinflacion-no-estan-dadas-las-condiciones\/","url_meta":{"origin":1344,"position":5},"title":"Pesce: \u00abNo tengo miedo a una hiperinflaci\u00f3n, no est\u00e1n dadas las condiciones\u00bb","author":"Julieta Di Rocco","date":"julio 9, 2022","format":false,"excerpt":"El funcionario descart\u00f3 que exista un atraso cambiario y dijo que una de las mayores dificultades que afronta la econom\u00eda es la restricci\u00f3n energ\u00e9tica. https:\/\/www.pagina12.com.ar\/435756-pesce-no-tengo-miedo-a-una-hiperinflacion-no-estan-dadas-las","rel":"","context":"En \u00abSin categor\u00eda\u00bb","block_context":{"text":"Sin categor\u00eda","link":"https:\/\/1005.com.ar\/index.php\/category\/sin-categoria\/"},"img":{"alt_text":"","src":"https:\/\/i0.wp.com\/1005.com.ar\/wp-content\/uploads\/2022\/07\/578033-1637784007211124653-20-281-29.jpg?resize=350%2C200&ssl=1","width":350,"height":200,"srcset":"https:\/\/i0.wp.com\/1005.com.ar\/wp-content\/uploads\/2022\/07\/578033-1637784007211124653-20-281-29.jpg?resize=350%2C200&ssl=1 1x, https:\/\/i0.wp.com\/1005.com.ar\/wp-content\/uploads\/2022\/07\/578033-1637784007211124653-20-281-29.jpg?resize=525%2C300&ssl=1 1.5x, https:\/\/i0.wp.com\/1005.com.ar\/wp-content\/uploads\/2022\/07\/578033-1637784007211124653-20-281-29.jpg?resize=700%2C400&ssl=1 2x"},"classes":[]}],"jetpack_likes_enabled":true,"jetpack_sharing_enabled":true,"_links":{"self":[{"href":"https:\/\/1005.com.ar\/index.php\/wp-json\/wp\/v2\/posts\/1344","targetHints":{"allow":["GET"]}}],"collection":[{"href":"https:\/\/1005.com.ar\/index.php\/wp-json\/wp\/v2\/posts"}],"about":[{"href":"https:\/\/1005.com.ar\/index.php\/wp-json\/wp\/v2\/types\/post"}],"author":[{"embeddable":true,"href":"https:\/\/1005.com.ar\/index.php\/wp-json\/wp\/v2\/users\/3"}],"replies":[{"embeddable":true,"href":"https:\/\/1005.com.ar\/index.php\/wp-json\/wp\/v2\/comments?post=1344"}],"version-history":[{"count":0,"href":"https:\/\/1005.com.ar\/index.php\/wp-json\/wp\/v2\/posts\/1344\/revisions"}],"wp:featuredmedia":[{"embeddable":true,"href":"https:\/\/1005.com.ar\/index.php\/wp-json\/wp\/v2\/media\/1345"}],"wp:attachment":[{"href":"https:\/\/1005.com.ar\/index.php\/wp-json\/wp\/v2\/media?parent=1344"}],"wp:term":[{"taxonomy":"category","embeddable":true,"href":"https:\/\/1005.com.ar\/index.php\/wp-json\/wp\/v2\/categories?post=1344"},{"taxonomy":"post_tag","embeddable":true,"href":"https:\/\/1005.com.ar\/index.php\/wp-json\/wp\/v2\/tags?post=1344"}],"curies":[{"name":"wp","href":"https:\/\/api.w.org\/{rel}","templated":true}]}}