{"id":1282,"date":"2021-01-26T10:54:45","date_gmt":"2021-01-26T13:54:45","guid":{"rendered":"https:\/\/1005.com.ar\/?p=1282"},"modified":"2021-01-26T10:54:47","modified_gmt":"2021-01-26T13:54:47","slug":"los-dos-juveniles-que-blindo-river-por-varios-millones-de-dolares-uno-ya-debuto-bajo-el-ala-de-marcelo-gallardo","status":"publish","type":"post","link":"https:\/\/1005.com.ar\/index.php\/2021\/01\/26\/los-dos-juveniles-que-blindo-river-por-varios-millones-de-dolares-uno-ya-debuto-bajo-el-ala-de-marcelo-gallardo\/","title":{"rendered":"Los dos juveniles que blind\u00f3 River por varios millones de d\u00f3lares: uno ya debut\u00f3 bajo el ala de Marcelo Gallardo"},"content":{"rendered":"\n<p>El proyecto del conjunto Millonario avanza a paso firme y la dirigencia decidi\u00f3 resguardarse a dos prometedores canteranos<\/p>\n\n\n\n<p>\u201cEl objetivo primordial de este modelo tiene como punto preponderante tener en su plantel profesional jugadores formados en la cantera del club y, en especial, si fueron formados desde el F\u00fatbol Infantil, ya que estos jugadores tendr\u00e1n el arraigo a la instituci\u00f3n a flor de piel.&nbsp;<strong>La idea es que para diciembre de 2021 la mitad del plantel de Primera est\u00e9 conformado por jugadores de inferiores<\/strong>\u201d,&nbsp;<a href=\"https:\/\/www.infobae.com\/deportes-2\/2020\/05\/21\/los-pedidos-de-marcelo-gallardo-y-el-mandamiento-a-cumplir-los-secretos-de-las-inferiores-de-river-contados-por-gabriel-rodriguez\/\" target=\"_blank\" rel=\"noreferrer noopener\">le reconoci\u00f3 Gabriel Rodr\u00edguez<\/a>&nbsp;-hist\u00f3rico descubridor de talentos de River- a&nbsp;<strong>Infobae&nbsp;<\/strong>en mayo del a\u00f1o pasado.<\/p>\n\n\n\n<p>Y el proyecto avanza a paso firme en N\u00fa\u00f1ez. Pese a que la pandemia no permiti\u00f3 que los juveniles de los distintos clubes del f\u00fatbol argentino puedan tener sus habituales competencia,\u00a0<strong>Marcelo Gallardo utiliz\u00f3 la Copa Diego Armando Maradona para poder darle rodaje a algunas joyas de la cantera.<\/strong><\/p>\n\n\n\n<p>Una de ellas es&nbsp;<strong>Santiago Sim\u00f3n<\/strong>, quien seg\u00fan le confiaron a&nbsp;<strong>Infobae<\/strong>&nbsp;firm\u00f3 su primer&nbsp;<strong>contrato con la instituci\u00f3n hasta diciembre de 2022 y con una cl\u00e1usula de 20 millones.<\/strong><\/p>\n\n\n\n<p>El joven de 18 a\u00f1os oriundo de Jos\u00e9 C. Paz, provincia de Buenos Aires, fue&nbsp;<a href=\"https:\/\/www.infobae.com\/deportes\/2020\/11\/20\/santiago-simon-el-juvenil-que-sorprendio-a-gallardo-y-que-podria-ser-el-n-35-en-debutar-bajo-su-mandato-en-river\/\" target=\"_blank\" rel=\"noreferrer noopener\">el canterano n\u00famero 35 en debutar bajo las \u00f3rdenes del&nbsp;<em>Mu\u00f1eco<\/em>.<\/a>&nbsp;Su presentaci\u00f3n fue al ingresar a falta de 18 minutos por Cristian Ferreira en la victoria por 2 a 0 ante Banfield. Luego sum\u00f3 minutos en el triunfo por 3 a 1 ante Godoy Cruz (entr\u00f3 por Nacho Fern\u00e1ndez).<\/p>\n\n\n\n<p>\u201c<strong>Soy un jugador con mucha velocidad y potencia. Me gusta desbordar y patear mucho al arco. Juego de volante por la derecha y tambi\u00e9n de puntero por la misma banda.<\/strong>\u00a0En Sexta le agregu\u00e9 m\u00e1s ritmo y me hacen hacer toda la banda. Eso hace que pueda jugar en varias posiciones. En la Selecci\u00f3n Juvenil me est\u00e1n poniendo de lateral volante, porque van a jugar con 5 en el fondo. Y en River muchas veces juego de delantero\u201d, supo describirse este polifuncional futbolista que dio el gran salto desde la Sexta Divisi\u00f3n directamente a la Reserva, donde disput\u00f3 cinco partidos (su debut oficial fue el 14 de febrero de 2020, en la victoria por 3 a 2 ante Banfield).<\/p>\n\n\n\n<p>El otro que estamp\u00f3 su r\u00fabrica con el club en los \u00faltimos d\u00edas fue&nbsp;<strong>Franco Alfonso<\/strong>, joven nacido el 4 de mayo de 2002 en Mor\u00f3n y que comparti\u00f3 plantel con Sim\u00f3n. Su camino en el f\u00fatbol comenz\u00f3 en el Baby F\u00fatbol en el club El Porvenir, de Castelar, y luego pas\u00f3 por V\u00e9lez, club que nunca termin\u00f3 de ficharlo. En un encuentro ante el Millonario deslumbr\u00f3 con su talento y r\u00e1pidamente lo propusieron de hacer una prueba bajo la atenta mirada de Gustavo Fermani y Juanjo Borrelli. Tras analizar su caso por tres d\u00edas,<strong>&nbsp;los de N\u00fa\u00f1ez en 2015 decidieron cerrar su desembarco.<\/strong><\/p>\n\n\n\n<p>El&nbsp;<em>Enano<\/em>, como es apodo dentro de los pasillos del River Camp (mide 1,64 metros), arranc\u00f3 como enlace, pero actualmente se desempe\u00f1a sobre la banda derecha del mediocampo. \u201cMi \u00eddolo es Messi, y de River me gusta Juanfer Quintero, tiene una visi\u00f3n juego y una pegada que me encanta, y Palacios, que juega en mi puesto. Tambi\u00e9n Hazard, a todos trato de copiarles cosas y despu\u00e9s intento hacerlas en la cancha\u201d, coment\u00f3 al sitio oficial del club.<\/p>\n\n\n\n<p>\u201c<strong>Me piden que juegue y haga jugar a los dem\u00e1s. Ahora tengo m\u00e1s recorrido y llego seguido al gol. Soy m\u00e1s vertical y desequilibrante en el uno contra uno<\/strong>. Como en mis comienzos jugu\u00e9 de enganche, tengo un buen panorama de juego y meto asistencias para mis compa\u00f1eros. Aunque est\u00e9 sobre la derecha, cuando recibo la pelota, ya s\u00e9 d\u00f3nde est\u00e1n ubicados mis compa\u00f1eros. Gambeteo menos y juego m\u00e1s simple\u201d, se defini\u00f3.<\/p>\n\n\n\n<p>Durante estos d\u00edas o<strong>tros cuatro j\u00f3venes del club<\/strong>\u00a0se hicieron presente en las oficinas del\u00a0<em>Monumental,\u00a0<\/em>pero para extender sus v\u00ednculos (tambi\u00e9n hasta finales de 2022 y con una cl\u00e1usula de salida de 20 millones de d\u00f3lares:\u00a0<strong>Leandro Pe\u00f1a Biafore\u00a0<\/strong>(marcador central categor\u00eda 2003),\u00a0<strong>Esteban Fern\u00e1ndez\u00a0<\/strong>(mediocampista categor\u00eda 2002),\u00a0<strong>Tom\u00e1s Galv\u00e1n<\/strong>\u00a0(mediocampista categor\u00eda 2ooo)<strong>\u00a0y Mat\u00edas Ben\u00edtez\u00a0<\/strong>(delantero categor\u00eda 2000).<\/p>\n\n\n\n<p><a href=\"https:\/\/www.infobae.com\/deportes\/2021\/01\/26\/los-dos-juveniles-que-blindo-river-por-varios-millones-de-dolares-una-ya-debuto-bajo-el-ala-de-marcelo-gallardo\/\">https:\/\/www.infobae.com\/deportes\/2021\/01\/26\/los-dos-juveniles-que-blindo-river-por-varios-millones-de-dolares-una-ya-debuto-bajo-el-ala-de-marcelo-gallardo\/<\/a><\/p>\n","protected":false},"excerpt":{"rendered":"<p>El proyecto del conjunto Millonario avanza a paso firme y la dirigencia decidi\u00f3 resguardarse a dos prometedores canteranos<\/p>\n","protected":false},"author":3,"featured_media":1283,"comment_status":"open","ping_status":"closed","sticky":false,"template":"","format":"standard","meta":{"jetpack_post_was_ever_published":false,"_jetpack_newsletter_access":"","_jetpack_dont_email_post_to_subs":false,"_jetpack_newsletter_tier_id":0,"_jetpack_memberships_contains_paywalled_content":false,"_jetpack_memberships_contains_paid_content":false,"footnotes":"","jetpack_publicize_message":"","jetpack_publicize_feature_enabled":true,"jetpack_social_post_already_shared":true,"jetpack_social_options":{"image_generator_settings":{"template":"highway","default_image_id":0,"font":"","enabled":false},"version":2}},"categories":[1],"tags":[],"class_list":["post-1282","post","type-post","status-publish","format-standard","has-post-thumbnail","hentry","category-sin-categoria"],"jetpack_publicize_connections":[],"jetpack_featured_media_url":"https:\/\/1005.com.ar\/wp-content\/uploads\/2021\/01\/EGPSRWNZDVCHHITD4VNTJPSFUQ.jpg","jetpack-related-posts":[{"id":2032,"url":"https:\/\/1005.com.ar\/index.php\/2021\/05\/18\/exclusivo-que-dice-el-documento-de-conmebol-que-le-prohibe-a-river-incorporar-un-arquero\/","url_meta":{"origin":1282,"position":0},"title":"Exclusivo: qu\u00e9 dice el documento de Conmebol que le proh\u00edbe a River incorporar un arquero","author":"Radio Music","date":"mayo 18, 2021","format":false,"excerpt":"El conjunto argentino ser\u00e1 protagonista de un suceso impensado en la Copa Libertadores: deber\u00e1 disputar el pr\u00f3ximo partido por la Copa Libertadores con un futbolista de campo en el arco. Los argumentos que dio el ente sudamericano para rechazar la solicitud La entidad que regula el f\u00fatbol en\u00a0Am\u00e9rica del Sur\u00a0le\u2026","rel":"","context":"En \u00abSin categor\u00eda\u00bb","block_context":{"text":"Sin categor\u00eda","link":"https:\/\/1005.com.ar\/index.php\/category\/sin-categoria\/"},"img":{"alt_text":"","src":"","width":0,"height":0},"classes":[]},{"id":2400,"url":"https:\/\/1005.com.ar\/index.php\/2021\/11\/28\/la-ceo-de-fortescue-recorrio-las-areas-donde-se-instalara-el-planta\/","url_meta":{"origin":1282,"position":1},"title":"La CEO de&nbsp;Fortescue recorri\u00f3 las \u00e1reas donde se instalar\u00e1 el planta","author":"Radio Music","date":"noviembre 28, 2021","format":false,"excerpt":"Avanza el proyecto para producir hidr\u00f3geno verde\u00a0 La ejecutiva de la firma australiana realiz\u00f3 un reconocimiento del terreno y se reuni\u00f3 con directivos y trabajadores del Centro At\u00f3mico Bariloche y de INVAP.\u00a0 https:\/\/www.pagina12.com.ar\/385804-avanza-el-proyecto-para-producir-hidrogeno-verde","rel":"","context":"En \u00abSin categor\u00eda\u00bb","block_context":{"text":"Sin categor\u00eda","link":"https:\/\/1005.com.ar\/index.php\/category\/sin-categoria\/"},"img":{"alt_text":"","src":"https:\/\/i0.wp.com\/1005.com.ar\/wp-content\/uploads\/2021\/11\/293217-kulfas.jpeg?resize=350%2C200&ssl=1","width":350,"height":200,"srcset":"https:\/\/i0.wp.com\/1005.com.ar\/wp-content\/uploads\/2021\/11\/293217-kulfas.jpeg?resize=350%2C200&ssl=1 1x, https:\/\/i0.wp.com\/1005.com.ar\/wp-content\/uploads\/2021\/11\/293217-kulfas.jpeg?resize=525%2C300&ssl=1 1.5x, https:\/\/i0.wp.com\/1005.com.ar\/wp-content\/uploads\/2021\/11\/293217-kulfas.jpeg?resize=700%2C400&ssl=1 2x"},"classes":[]},{"id":1092,"url":"https:\/\/1005.com.ar\/index.php\/2021\/01\/18\/campeon-en-las-redes-el-album-de-los-jugadores-de-boca\/","url_meta":{"origin":1282,"position":2},"title":"Campe\u00f3n en las redes: el \u00e1lbum de los jugadores de Boca","author":"Radio Music","date":"enero 18, 2021","format":false,"excerpt":"El plantel de Russo mostr\u00f3 con su propia c\u00e1mara toda la intimidad y la alegr\u00eda por la conquista de la Copa Diego Maradona. Y casi todos los flashes se los llev\u00f3 Tevez.","rel":"","context":"En \u00abSin categor\u00eda\u00bb","block_context":{"text":"Sin categor\u00eda","link":"https:\/\/1005.com.ar\/index.php\/category\/sin-categoria\/"},"img":{"alt_text":"","src":"","width":0,"height":0},"classes":[]},{"id":1859,"url":"https:\/\/1005.com.ar\/index.php\/2021\/03\/26\/river-plate-vuelve-casco-en-lugar-de-martinez\/","url_meta":{"origin":1282,"position":3},"title":"River Plate: Vuelve Casco en lugar de Mart\u00ednez","author":"Radio Music","date":"marzo 26, 2021","format":false,"excerpt":"El\u00a0entrenador de River Plate, Marcelo Gallardo, prepara\u00a0un cambio en la formaci\u00f3n para el cl\u00e1sico del domingo ante Racing, por la Copa de la Liga Profesional de F\u00fatbol, en busca de su segundo triunfo consecutivo. Por otra parte,\u00a0el plantel millonario se someti\u00f3 a los hisopados de rigor en el River Camp\u2026","rel":"","context":"En \u00abSin categor\u00eda\u00bb","block_context":{"text":"Sin categor\u00eda","link":"https:\/\/1005.com.ar\/index.php\/category\/sin-categoria\/"},"img":{"alt_text":"","src":"","width":0,"height":0},"classes":[]},{"id":1667,"url":"https:\/\/1005.com.ar\/index.php\/2021\/02\/26\/los-pumas-debutaran-en-la-copa-del-mundo-ante-inglaterra\/","url_meta":{"origin":1282,"position":4},"title":"Los Pumas debutar\u00e1n en la Copa del Mundo ante Inglaterra","author":"Radio Music","date":"febrero 26, 2021","format":false,"excerpt":"El\u00a0seleccionado argentino de rugby,\u00a0 Los Pumas, debutar\u00e1 ante Inglaterra, actual subcampe\u00f3n mundial, en la Copa del Mundo de Rugby de Francia 2023, en un cotejo que se jugar\u00e1 en el Stade Velodrome de Marsella, el 9 de septiembre de ese a\u00f1o, seg\u00fan lo determin\u00f3 el sorteo efectuado este viernes en\u2026","rel":"","context":"En \u00abSin categor\u00eda\u00bb","block_context":{"text":"Sin categor\u00eda","link":"https:\/\/1005.com.ar\/index.php\/category\/sin-categoria\/"},"img":{"alt_text":"","src":"","width":0,"height":0},"classes":[]},{"id":1570,"url":"https:\/\/1005.com.ar\/index.php\/2021\/02\/14\/river-tendra-una-dura-parada-ante-estudiantes-en-su-debut-en-la-copa-de-la-liga-profesional\/","url_meta":{"origin":1282,"position":5},"title":"River tendr\u00e1 una dura parada ante Estudiantes en su debut en la Copa de la Liga Profesional","author":"Radio Music","date":"febrero 14, 2021","format":false,"excerpt":"El equipo de Marcelo Gallardo har\u00e1 su presentaci\u00f3n en La Plata. El Pincha iniciar\u00e1 la era del Ruso Zielinski","rel":"","context":"En \u00abSin categor\u00eda\u00bb","block_context":{"text":"Sin categor\u00eda","link":"https:\/\/1005.com.ar\/index.php\/category\/sin-categoria\/"},"img":{"alt_text":"","src":"https:\/\/i0.wp.com\/1005.com.ar\/wp-content\/uploads\/2021\/02\/ZYAQZOHTVZABTKK6WT6X4BTY4U.jpg?resize=350%2C200&ssl=1","width":350,"height":200,"srcset":"https:\/\/i0.wp.com\/1005.com.ar\/wp-content\/uploads\/2021\/02\/ZYAQZOHTVZABTKK6WT6X4BTY4U.jpg?resize=350%2C200&ssl=1 1x, https:\/\/i0.wp.com\/1005.com.ar\/wp-content\/uploads\/2021\/02\/ZYAQZOHTVZABTKK6WT6X4BTY4U.jpg?resize=525%2C300&ssl=1 1.5x, https:\/\/i0.wp.com\/1005.com.ar\/wp-content\/uploads\/2021\/02\/ZYAQZOHTVZABTKK6WT6X4BTY4U.jpg?resize=700%2C400&ssl=1 2x"},"classes":[]}],"jetpack_likes_enabled":true,"jetpack_sharing_enabled":true,"_links":{"self":[{"href":"https:\/\/1005.com.ar\/index.php\/wp-json\/wp\/v2\/posts\/1282","targetHints":{"allow":["GET"]}}],"collection":[{"href":"https:\/\/1005.com.ar\/index.php\/wp-json\/wp\/v2\/posts"}],"about":[{"href":"https:\/\/1005.com.ar\/index.php\/wp-json\/wp\/v2\/types\/post"}],"author":[{"embeddable":true,"href":"https:\/\/1005.com.ar\/index.php\/wp-json\/wp\/v2\/users\/3"}],"replies":[{"embeddable":true,"href":"https:\/\/1005.com.ar\/index.php\/wp-json\/wp\/v2\/comments?post=1282"}],"version-history":[{"count":0,"href":"https:\/\/1005.com.ar\/index.php\/wp-json\/wp\/v2\/posts\/1282\/revisions"}],"wp:featuredmedia":[{"embeddable":true,"href":"https:\/\/1005.com.ar\/index.php\/wp-json\/wp\/v2\/media\/1283"}],"wp:attachment":[{"href":"https:\/\/1005.com.ar\/index.php\/wp-json\/wp\/v2\/media?parent=1282"}],"wp:term":[{"taxonomy":"category","embeddable":true,"href":"https:\/\/1005.com.ar\/index.php\/wp-json\/wp\/v2\/categories?post=1282"},{"taxonomy":"post_tag","embeddable":true,"href":"https:\/\/1005.com.ar\/index.php\/wp-json\/wp\/v2\/tags?post=1282"}],"curies":[{"name":"wp","href":"https:\/\/api.w.org\/{rel}","templated":true}]}}