{"id":1274,"date":"2021-01-26T10:36:35","date_gmt":"2021-01-26T13:36:35","guid":{"rendered":"https:\/\/1005.com.ar\/?p=1274"},"modified":"2021-01-26T10:47:00","modified_gmt":"2021-01-26T13:47:00","slug":"martin-lousteau-la-idea-de-jubilar-a-mauricio-macri-y-la-interna-de-juntos-por-el-cambio-al-desnudo","status":"publish","type":"post","link":"https:\/\/1005.com.ar\/index.php\/2021\/01\/26\/martin-lousteau-la-idea-de-jubilar-a-mauricio-macri-y-la-interna-de-juntos-por-el-cambio-al-desnudo\/","title":{"rendered":"Mart\u00edn Lousteau, la idea de jubilar a Mauricio Macri y la interna de Juntos por el Cambio al desnudo"},"content":{"rendered":"\n<p>El senador Lousteau habl\u00f3 del legado de Macri y propuso ampliar la alianza opositora a otros sectores. Tras recibir el apoyo del vicejefe del gobierno porte\u00f1o, Diego Santilli, el ex titular de Medios Hern\u00e1n Lombardi sali\u00f3 a cuestionarlo duramente: lo&nbsp;trat\u00f3 de soberbio y&nbsp;dijo que Macri no est\u00e1 jubilado. La pol\u00e9mica escal\u00f3 con intervenciones de otros dirigentes y dej\u00f3 expuesta la pulseada dentro de JxC por definir desde el liderazgo de la fuerza y el candidato a suceder a Rodr\u00edguez Larreta en CABA hasta la pol\u00edtica de alianzas.<\/p>\n\n\n\n<p>Lo que intent\u00f3 ser un elogio, termin\u00f3 siendo motivo de otra interna en Juntos por el Cambio. El senador&nbsp;<strong>Mart\u00edn Lousteau<\/strong>&nbsp;sostuvo que lo m\u00e1s importante que puede aportar&nbsp;<strong>Mauricio Macri&nbsp;<\/strong>es su \u00absu legado de haber terminado el mandato\u00bb y abog\u00f3 por ampliar el espacio opositor a nivel nacional. El vicejefe del gobierno porte\u00f1o,&nbsp;<strong>Diego Santilli<\/strong>, mostr\u00f3 su coincidencia con la idea de ampliar la alianza a otros sectores pol\u00edticos, pero le sali\u00f3 al cruce el ex titular de Medios&nbsp;<strong>Hern\u00e1n Lombardi<\/strong>, uno de los dirigentes que siguen en el entorno de Macri.Lombardi&nbsp;<strong>trat\u00f3 de soberbio a Lousteau<\/strong>, dijo que su soberbia no se condice con su trayectoria pol\u00edtica y&nbsp;<strong>remarc\u00f3 que Macri no est\u00e1 jubilado<\/strong>, ni es parte del pasado: \u00abMacri es el l\u00edder de una gran parte de nuestra fuerza, el fundador del PRO, y un gran presidente\u00bb. Hubo r\u00e9plicas de dirigentes de Lousteau y del ala dura del PRO. De fondo, se asoman dos discusiones:&nbsp;<a href=\"https:\/\/www.pagina12.com.ar\/317804-sin-acuerdo-el-macrismo-porteno-rumbo-a-las-paso\">qui\u00e9n suceder\u00e1 a Horacio Rodr\u00edguez Larreta<\/a>&nbsp;en la Ciudad de Buenos Aires &#8211;Lousteau ya se anot\u00f3&#8211; y si habr\u00e1 una apertura para sumar a otros sectores pol\u00edticos.<\/p>\n\n\n\n<h5 class=\"wp-block-heading\"><a href=\"https:\/\/www.pagina12.com.ar\/319561-la-anses-comunico-que-la-modificacion-de-los-datos-personale\">LEER M\u00c1S<\/a><\/h5>\n\n\n\n<p><a href=\"https:\/\/www.pagina12.com.ar\/319637-martin-lousteau-la-idea-de-jubilar-a-mauricio-macri-y-la-int\">https:\/\/www.pagina12.com.ar\/319637-martin-lousteau-la-idea-de-jubilar-a-mauricio-macri-y-la-int<\/a><\/p>\n","protected":false},"excerpt":{"rendered":"<p>El senador Lousteau habl\u00f3 del legado de Macri y propuso ampliar la alianza opositora a otros sectores. <\/p>\n","protected":false},"author":3,"featured_media":1275,"comment_status":"open","ping_status":"closed","sticky":false,"template":"","format":"standard","meta":{"jetpack_post_was_ever_published":false,"_jetpack_newsletter_access":"","_jetpack_dont_email_post_to_subs":false,"_jetpack_newsletter_tier_id":0,"_jetpack_memberships_contains_paywalled_content":false,"_jetpack_memberships_contains_paid_content":false,"footnotes":"","jetpack_publicize_message":"","jetpack_publicize_feature_enabled":true,"jetpack_social_post_already_shared":true,"jetpack_social_options":{"image_generator_settings":{"template":"highway","default_image_id":0,"font":"","enabled":false},"version":2}},"categories":[1],"tags":[],"class_list":["post-1274","post","type-post","status-publish","format-standard","has-post-thumbnail","hentry","category-sin-categoria"],"jetpack_publicize_connections":[],"jetpack_featured_media_url":"https:\/\/1005.com.ar\/wp-content\/uploads\/2021\/01\/2877304w380.jpg","jetpack-related-posts":[{"id":4633,"url":"https:\/\/1005.com.ar\/index.php\/2023\/12\/16\/martin-lousteau-nuevo-presidente-de-la-ucr-el-funcionamiento-legislativo-va-a-ordenar-a-juntos-por-el-cambio\/","url_meta":{"origin":1274,"position":0},"title":"Mart\u00edn Lousteau, nuevo presidente de la UCR: \u201cEl funcionamiento legislativo va a ordenar a Juntos por el Cambio\u201d","author":"Julieta Di Rocco","date":"diciembre 16, 2023","format":false,"excerpt":"https:\/\/www.infobae.com\/politica\/2023\/12\/16\/martin-lousteau-nuevo-presidente-de-la-ucr-el-funcionamiento-legislativo-va-a-ordenar-a-juntos-por-el-cambio\/","rel":"","context":"En \u00abSin categor\u00eda\u00bb","block_context":{"text":"Sin categor\u00eda","link":"https:\/\/1005.com.ar\/index.php\/category\/sin-categoria\/"},"img":{"alt_text":"","src":"","width":0,"height":0},"classes":[]},{"id":4444,"url":"https:\/\/1005.com.ar\/index.php\/2023\/10\/28\/mauricio-macri-hizo-publico-su-pacto-con-javier-milei-y-profundizo-el-quiebre-de-juntos-por-el-cambio\/","url_meta":{"origin":1274,"position":1},"title":"Mauricio Macri hizo p\u00fablico su pacto con Javier Milei y profundiz\u00f3 el quiebre de Juntos por el Cambio","author":"Julieta Di Rocco","date":"octubre 28, 2023","format":false,"excerpt":"https:\/\/www.pagina12.com.ar\/609451-mauricio-macri-hizo-publico-su-pacto-con-javier-milei-y-prof","rel":"","context":"En \u00abSin categor\u00eda\u00bb","block_context":{"text":"Sin categor\u00eda","link":"https:\/\/1005.com.ar\/index.php\/category\/sin-categoria\/"},"img":{"alt_text":"","src":"https:\/\/i0.wp.com\/1005.com.ar\/wp-content\/uploads\/2023\/10\/783388-whatsapp-20image-202023-10-27-20at-209-21-34-20pm.jpeg?resize=350%2C200&ssl=1","width":350,"height":200,"srcset":"https:\/\/i0.wp.com\/1005.com.ar\/wp-content\/uploads\/2023\/10\/783388-whatsapp-20image-202023-10-27-20at-209-21-34-20pm.jpeg?resize=350%2C200&ssl=1 1x, https:\/\/i0.wp.com\/1005.com.ar\/wp-content\/uploads\/2023\/10\/783388-whatsapp-20image-202023-10-27-20at-209-21-34-20pm.jpeg?resize=525%2C300&ssl=1 1.5x, https:\/\/i0.wp.com\/1005.com.ar\/wp-content\/uploads\/2023\/10\/783388-whatsapp-20image-202023-10-27-20at-209-21-34-20pm.jpeg?resize=700%2C400&ssl=1 2x"},"classes":[]},{"id":2456,"url":"https:\/\/1005.com.ar\/index.php\/2021\/12\/08\/la-pelea-en-el-radicalismo-llega-al-senado-lousteau-perdera-un-cargo-lo-reemplazara-carolina-losada-y-cornejo-presidira-el-interbloque-de-jxc\/","url_meta":{"origin":1274,"position":2},"title":"La pelea en el radicalismo llega al Senado: Lousteau perder\u00e1 un cargo, lo reemplazar\u00e1 Carolina Losada y Cornejo presidir\u00e1 el interbloque de JxC","author":"Radio Music","date":"diciembre 8, 2021","format":false,"excerpt":"Tras la ruptura en Diputados, el l\u00edder de Evoluci\u00f3n le dejar\u00e1 a la senadora por Santa Fe la vicepresidencia tercera de la C\u00e1mara alta. El jefe de la UCR logr\u00f3 el consenso interno para ese cargo y Luis Naidenoff seguir\u00e1 al frente de la bancada https:\/\/www.infobae.com\/politica\/2021\/12\/08\/la-pelea-en-el-radicalismo-llega-al-senado-lousteau-perdera-un-cargo-y-cornejo-presidira-el-interbloque-de-juntos-por-el-cambio\/","rel":"","context":"En \u00abSin categor\u00eda\u00bb","block_context":{"text":"Sin categor\u00eda","link":"https:\/\/1005.com.ar\/index.php\/category\/sin-categoria\/"},"img":{"alt_text":"","src":"","width":0,"height":0},"classes":[]},{"id":4243,"url":"https:\/\/1005.com.ar\/index.php\/2023\/08\/04\/kicillof-primero-en-las-encuestas\/","url_meta":{"origin":1274,"position":3},"title":"Kicillof primero en las encuestas","author":"Julieta Di Rocco","date":"agosto 4, 2023","format":false,"excerpt":"La inflaci\u00f3n es preocupaci\u00f3n casi excluyente entre los bonaerenses. Grabois, \u00bfllega a los 10 puntos? Proyecciones y pron\u00f3sticos a diez d\u00edas de las PASO. Dos encuestas recientes, una de la\u00a0Consultora de Imagen y Gesti\u00f3n Pol\u00edtica\u00a0(CIGP) y\u00a0otra de\u00a0Proyecci\u00f3n, aunque difieren en los n\u00fameros, confirman tendencias que ya se observaban sobre el\u2026","rel":"","context":"En \u00abSin categor\u00eda\u00bb","block_context":{"text":"Sin categor\u00eda","link":"https:\/\/1005.com.ar\/index.php\/category\/sin-categoria\/"},"img":{"alt_text":"","src":"https:\/\/i0.wp.com\/1005.com.ar\/wp-content\/uploads\/2023\/08\/753676-foto-20na-20-kicillof_0.jpg?resize=350%2C200&ssl=1","width":350,"height":200,"srcset":"https:\/\/i0.wp.com\/1005.com.ar\/wp-content\/uploads\/2023\/08\/753676-foto-20na-20-kicillof_0.jpg?resize=350%2C200&ssl=1 1x, https:\/\/i0.wp.com\/1005.com.ar\/wp-content\/uploads\/2023\/08\/753676-foto-20na-20-kicillof_0.jpg?resize=525%2C300&ssl=1 1.5x, https:\/\/i0.wp.com\/1005.com.ar\/wp-content\/uploads\/2023\/08\/753676-foto-20na-20-kicillof_0.jpg?resize=700%2C400&ssl=1 2x"},"classes":[]},{"id":1579,"url":"https:\/\/1005.com.ar\/index.php\/2021\/02\/14\/alberto-fernandez-cristina-kirchner-mauricio-macri-y-todo-el-arco-politico-despidieron-al-ex-presidente-carlos-menem\/","url_meta":{"origin":1274,"position":4},"title":"Alberto Fern\u00e1ndez, Cristina Kirchner, Mauricio Macri y todo el arco pol\u00edtico despidieron al ex presidente Carlos Menem","author":"Radio Music","date":"febrero 14, 2021","format":false,"excerpt":"Dirigentes del oficialismo y la oposici\u00f3n manifestaron su pesar por el fallecimiento del ex presidente. \u201cVaya todo mi cari\u00f1o a Zulema, a Zulemita y a todos los que hoy lo lloran\u201d, expres\u00f3 el actual mandatario","rel":"","context":"En \u00abSin categor\u00eda\u00bb","block_context":{"text":"Sin categor\u00eda","link":"https:\/\/1005.com.ar\/index.php\/category\/sin-categoria\/"},"img":{"alt_text":"","src":"","width":0,"height":0},"classes":[]},{"id":3324,"url":"https:\/\/1005.com.ar\/index.php\/2022\/08\/11\/elisa-carrio-termino-la-tregua-en-juntos-por-el-cambio-con-acusaciones-de-corrupcion-y-negociados\/","url_meta":{"origin":1274,"position":5},"title":"Elisa Carri\u00f3 termin\u00f3 la tregua en Juntos por el Cambio con acusaciones de corrupci\u00f3n y negociados","author":"Julieta Di Rocco","date":"agosto 11, 2022","format":false,"excerpt":"Con denuncias de corrupci\u00f3n y negociados contra miembros de JxC, la l\u00edder de la Coalici\u00f3n C\u00edvica se sum\u00f3 al discurso que ven\u00eda ensayando Mauricio Macri y cuestion\u00f3 a los dirigentes que, desde su perspectiva, podr\u00edan alcanzar acuerdos con Sergio Massa o el peronismo. En duros t\u00e9rminos le respondieron desde Horacio\u2026","rel":"","context":"En \u00abSin categor\u00eda\u00bb","block_context":{"text":"Sin categor\u00eda","link":"https:\/\/1005.com.ar\/index.php\/category\/sin-categoria\/"},"img":{"alt_text":"","src":"https:\/\/i0.wp.com\/1005.com.ar\/wp-content\/uploads\/2022\/08\/603494-3a-0.jpeg?resize=350%2C200&ssl=1","width":350,"height":200,"srcset":"https:\/\/i0.wp.com\/1005.com.ar\/wp-content\/uploads\/2022\/08\/603494-3a-0.jpeg?resize=350%2C200&ssl=1 1x, https:\/\/i0.wp.com\/1005.com.ar\/wp-content\/uploads\/2022\/08\/603494-3a-0.jpeg?resize=525%2C300&ssl=1 1.5x, https:\/\/i0.wp.com\/1005.com.ar\/wp-content\/uploads\/2022\/08\/603494-3a-0.jpeg?resize=700%2C400&ssl=1 2x"},"classes":[]}],"jetpack_likes_enabled":true,"jetpack_sharing_enabled":true,"_links":{"self":[{"href":"https:\/\/1005.com.ar\/index.php\/wp-json\/wp\/v2\/posts\/1274","targetHints":{"allow":["GET"]}}],"collection":[{"href":"https:\/\/1005.com.ar\/index.php\/wp-json\/wp\/v2\/posts"}],"about":[{"href":"https:\/\/1005.com.ar\/index.php\/wp-json\/wp\/v2\/types\/post"}],"author":[{"embeddable":true,"href":"https:\/\/1005.com.ar\/index.php\/wp-json\/wp\/v2\/users\/3"}],"replies":[{"embeddable":true,"href":"https:\/\/1005.com.ar\/index.php\/wp-json\/wp\/v2\/comments?post=1274"}],"version-history":[{"count":0,"href":"https:\/\/1005.com.ar\/index.php\/wp-json\/wp\/v2\/posts\/1274\/revisions"}],"wp:featuredmedia":[{"embeddable":true,"href":"https:\/\/1005.com.ar\/index.php\/wp-json\/wp\/v2\/media\/1275"}],"wp:attachment":[{"href":"https:\/\/1005.com.ar\/index.php\/wp-json\/wp\/v2\/media?parent=1274"}],"wp:term":[{"taxonomy":"category","embeddable":true,"href":"https:\/\/1005.com.ar\/index.php\/wp-json\/wp\/v2\/categories?post=1274"},{"taxonomy":"post_tag","embeddable":true,"href":"https:\/\/1005.com.ar\/index.php\/wp-json\/wp\/v2\/tags?post=1274"}],"curies":[{"name":"wp","href":"https:\/\/api.w.org\/{rel}","templated":true}]}}