{"id":1222,"date":"2021-01-24T10:56:55","date_gmt":"2021-01-24T13:56:55","guid":{"rendered":"https:\/\/1005.com.ar\/?p=1222"},"modified":"2021-01-24T10:56:58","modified_gmt":"2021-01-24T13:56:58","slug":"conor-mcgregor-sufrio-un-duro-nocaut-en-su-regreso-a-la-ufc","status":"publish","type":"post","link":"https:\/\/1005.com.ar\/index.php\/2021\/01\/24\/conor-mcgregor-sufrio-un-duro-nocaut-en-su-regreso-a-la-ufc\/","title":{"rendered":"Conor McGregor sufri\u00f3 un duro nocaut en su regreso a la UFC"},"content":{"rendered":"\n<p><strong>El irland\u00e9s volvi\u00f3 al oct\u00e1gono despu\u00e9s de un a\u00f1o pero sufri\u00f3 la potencia de Dustin Poirier y fue noqueado por primera vez en su carrera.<\/strong><\/p>\n\n\n\n<p>l exc\u00e9ntrico irland\u00e9s&nbsp;<a target=\"_blank\" href=\"https:\/\/442.perfil.com\/noticias\/boxeo\/2017-08-26-552855-mcgregor-el-mesias-de-las-artes-marciales-mixtas.phtml\" rel=\"noreferrer noopener\"><strong>Conor McGregor<\/strong><\/a>&nbsp;fue noqueado por el estadounidense&nbsp;<strong>Dustin Poirier&nbsp;<\/strong>en el segundo asalto de un combate que marc\u00f3 su regreso a la&nbsp;<strong>UFC<\/strong>&nbsp;en Abu Dhabi, Emiratos \u00c1rabes.<\/p>\n\n\n\n<p>McGregor, debutante en la UFC en 2013 y primero en coronar dos t\u00edtulos de distintas categor\u00eda en 2016, retorn\u00f3 en la divisi\u00f3n ligero\u00a0<strong>a un a\u00f1o de su\u00a0<a rel=\"noreferrer noopener\" target=\"_blank\" href=\"https:\/\/442.perfil.com\/noticias\/polideportivo\/2020-01-19-690289-mcgregor-volvio-con-todo-y-la-pelea-duro-40-segundos.phtml\">\u00faltima pelea<\/a><\/strong>, que le hab\u00eda ganado al estadounidense Donald Cerrone en Las Vegas.<\/p>\n\n\n\n<p><a href=\"https:\/\/442.perfil.com\/noticias\/video\/conor-mcgregor-sufrio-un-duro-nocaut-en-su-regreso-a-la-ufc.phtml?_ga=2.195122155.67340384.1611496395-364552368.1611496395\">https:\/\/442.perfil.com\/noticias\/video\/conor-mcgregor-sufrio-un-duro-nocaut-en-su-regreso-a-la-ufc.phtml?_ga=2.195122155.67340384.1611496395-364552368.1611496395<\/a><\/p>\n","protected":false},"excerpt":{"rendered":"<p>El irland\u00e9s volvi\u00f3 al oct\u00e1gono despu\u00e9s de un a\u00f1o pero sufri\u00f3 la potencia de Dustin Poirier y fue noqueado por primera vez en su carrera.<\/p>\n","protected":false},"author":3,"featured_media":1223,"comment_status":"open","ping_status":"closed","sticky":false,"template":"","format":"standard","meta":{"jetpack_post_was_ever_published":false,"_jetpack_newsletter_access":"","_jetpack_dont_email_post_to_subs":false,"_jetpack_newsletter_tier_id":0,"_jetpack_memberships_contains_paywalled_content":false,"_jetpack_memberships_contains_paid_content":false,"footnotes":"","jetpack_publicize_message":"","jetpack_publicize_feature_enabled":true,"jetpack_social_post_already_shared":true,"jetpack_social_options":{"image_generator_settings":{"template":"highway","default_image_id":0,"font":"","enabled":false},"version":2}},"categories":[1],"tags":[],"class_list":["post-1222","post","type-post","status-publish","format-standard","has-post-thumbnail","hentry","category-sin-categoria"],"jetpack_publicize_connections":[],"jetpack_featured_media_url":"https:\/\/1005.com.ar\/wp-content\/uploads\/2021\/01\/conor-mcgregor-noqueado-240120-1118444.jpg","jetpack-related-posts":[{"id":1627,"url":"https:\/\/1005.com.ar\/index.php\/2021\/02\/23\/tiger-woods-sufrio-un-accidente-y-su-estado-es-delicado\/","url_meta":{"origin":1222,"position":0},"title":"Tiger Woods sufri\u00f3 un accidente y su estado es delicado","author":"Radio Music","date":"febrero 23, 2021","format":false,"excerpt":"El golfista estadounidense\u00a0Tiger Woods\u00a0sufri\u00f3 un\u00a0accidente automovil\u00edstico, y debi\u00f3 ser trasladado con heridas a un\u00a0hospital en Los Angeles, confirm\u00f3 la polic\u00eda de ese condado. Seg\u00fan informaron las autoridades, el deportista fue atendido en el lugar del hecho por los\u00a0param\u00e9dicos\u00a0tras haber sido retirado de\u00a0entre los restos\u00a0de su veh\u00edculo por personal de bomberos,\u2026","rel":"","context":"En \u00abSin categor\u00eda\u00bb","block_context":{"text":"Sin categor\u00eda","link":"https:\/\/1005.com.ar\/index.php\/category\/sin-categoria\/"},"img":{"alt_text":"","src":"","width":0,"height":0},"classes":[]},{"id":2107,"url":"https:\/\/1005.com.ar\/index.php\/2021\/06\/20\/el-medico-que-atendio-a-la-princesa-diana-en-paris-conto-por-primera-vez-estremecedores-detalles-de-la-noche-de-su-muerte\/","url_meta":{"origin":1222,"position":1},"title":"El m\u00e9dico que atendi\u00f3 a la princesa Diana en Par\u00eds cont\u00f3 por primera vez estremecedores detalles de la noche de su muerte","author":"Radio Music","date":"junio 20, 2021","format":false,"excerpt":"M\u00e1s de 20 a\u00f1os despu\u00e9s de la muerte de Diana de Gales el m\u00e9dico MoSef Dahman, quien la atendi\u00f3 en la sala de emergencias del hospital Piti\u00e9-Salp\u00eatri\u00e8re de Par\u00eds, rompi\u00f3 el silencio\u00a0para defender el trabajo hecho por el equipo de especialistas la noche del 31 de agosto de 1997. Dahman\u2026","rel":"","context":"En \u00abSin categor\u00eda\u00bb","block_context":{"text":"Sin categor\u00eda","link":"https:\/\/1005.com.ar\/index.php\/category\/sin-categoria\/"},"img":{"alt_text":"","src":"","width":0,"height":0},"classes":[]},{"id":1612,"url":"https:\/\/1005.com.ar\/index.php\/2021\/02\/20\/river-vuelve-al-monumental-para-enderezar-el-rumbo-en-la-copa-de-la-liga\/","url_meta":{"origin":1222,"position":2},"title":"River vuelve al Monumental para enderezar el rumbo en la Copa de la Liga","author":"Radio Music","date":"febrero 20, 2021","format":false,"excerpt":"El equipo de N\u00fa\u00f1ez jugar\u00e1 en su cancha luego de casi un a\u00f1o","rel":"","context":"En \u00abSin categor\u00eda\u00bb","block_context":{"text":"Sin categor\u00eda","link":"https:\/\/1005.com.ar\/index.php\/category\/sin-categoria\/"},"img":{"alt_text":"","src":"","width":0,"height":0},"classes":[]},{"id":1836,"url":"https:\/\/1005.com.ar\/index.php\/2021\/03\/13\/un-notable-regreso-de-fito-paez-a-los-escenarios\/","url_meta":{"origin":1222,"position":3},"title":"Un notable regreso de Fito Paez a los escenarios","author":"Radio Music","date":"marzo 13, 2021","format":false,"excerpt":"Fito P\u00e1ez\u00a0lleva la voz cantante. La del artista popular que puede lograr la conmoci\u00f3n con canciones propias o de otros autores. Este jueves, en un\u00a0Teatro Coliseo\u00a0con entradas agotadas --con los l\u00edmites del protocolo vigente--,\u00a0el m\u00fasico rosarino se present\u00f3 solo con su piano para repasar sus cl\u00e1sicos eternos y tambi\u00e9n desplegar\u2026","rel":"","context":"En \u00abSin categor\u00eda\u00bb","block_context":{"text":"Sin categor\u00eda","link":"https:\/\/1005.com.ar\/index.php\/category\/sin-categoria\/"},"img":{"alt_text":"","src":"","width":0,"height":0},"classes":[]},{"id":1686,"url":"https:\/\/1005.com.ar\/index.php\/2021\/02\/28\/queen-y-maradona-en-velez-40-anos-despues\/","url_meta":{"origin":1222,"position":4},"title":"Queen y Maradona en V\u00e9lez, 40 a\u00f1os despu\u00e9s","author":"Radio Music","date":"febrero 28, 2021","format":false,"excerpt":"La imagen hoy no sorprender\u00eda a nadie, y de hecho con el correr del tiempo se convirti\u00f3 en un ejemplo recurrente del tribunerismo aplicado a los bises de un concierto de rock internacional. En el centro del escenario de V\u00e9lez Sarsfield,\u00a0Freddie Mercury con una camiseta de la Selecci\u00f3n Argentina: un\u2026","rel":"","context":"En \u00abSin categor\u00eda\u00bb","block_context":{"text":"Sin categor\u00eda","link":"https:\/\/1005.com.ar\/index.php\/category\/sin-categoria\/"},"img":{"alt_text":"","src":"https:\/\/i0.wp.com\/1005.com.ar\/wp-content\/uploads\/2021\/02\/NUO63B763VBTFL5BCWTBNMZPTU.jpg?resize=350%2C200&ssl=1","width":350,"height":200,"srcset":"https:\/\/i0.wp.com\/1005.com.ar\/wp-content\/uploads\/2021\/02\/NUO63B763VBTFL5BCWTBNMZPTU.jpg?resize=350%2C200&ssl=1 1x, https:\/\/i0.wp.com\/1005.com.ar\/wp-content\/uploads\/2021\/02\/NUO63B763VBTFL5BCWTBNMZPTU.jpg?resize=525%2C300&ssl=1 1.5x, https:\/\/i0.wp.com\/1005.com.ar\/wp-content\/uploads\/2021\/02\/NUO63B763VBTFL5BCWTBNMZPTU.jpg?resize=700%2C400&ssl=1 2x, https:\/\/i0.wp.com\/1005.com.ar\/wp-content\/uploads\/2021\/02\/NUO63B763VBTFL5BCWTBNMZPTU.jpg?resize=1050%2C600&ssl=1 3x"},"classes":[]},{"id":1548,"url":"https:\/\/1005.com.ar\/index.php\/2021\/02\/12\/radiografia-completa-del-mercado-de-pases-argentino-las-salidas-resonantes-los-refuerzos-destacados-y-los-10-nuevos-entrenadores\/","url_meta":{"origin":1222,"position":5},"title":"Radiograf\u00eda completa del mercado de pases argentino: las salidas resonantes, los refuerzos destacados y los 10 nuevos entrenadores","author":"Radio Music","date":"febrero 12, 2021","format":false,"excerpt":"El f\u00fatbol est\u00e1 por comenzar y los clubes se siguen moviendo en busca del mejor plantel posible para la pr\u00f3xima Copa de la Liga Profesional","rel":"","context":"En \u00abSin categor\u00eda\u00bb","block_context":{"text":"Sin categor\u00eda","link":"https:\/\/1005.com.ar\/index.php\/category\/sin-categoria\/"},"img":{"alt_text":"","src":"https:\/\/i0.wp.com\/1005.com.ar\/wp-content\/uploads\/2021\/02\/UPLSY2DLJBEZZLOJA24PCKYUNA.jpg?resize=350%2C200&ssl=1","width":350,"height":200,"srcset":"https:\/\/i0.wp.com\/1005.com.ar\/wp-content\/uploads\/2021\/02\/UPLSY2DLJBEZZLOJA24PCKYUNA.jpg?resize=350%2C200&ssl=1 1x, https:\/\/i0.wp.com\/1005.com.ar\/wp-content\/uploads\/2021\/02\/UPLSY2DLJBEZZLOJA24PCKYUNA.jpg?resize=525%2C300&ssl=1 1.5x, https:\/\/i0.wp.com\/1005.com.ar\/wp-content\/uploads\/2021\/02\/UPLSY2DLJBEZZLOJA24PCKYUNA.jpg?resize=700%2C400&ssl=1 2x"},"classes":[]}],"jetpack_likes_enabled":true,"jetpack_sharing_enabled":true,"_links":{"self":[{"href":"https:\/\/1005.com.ar\/index.php\/wp-json\/wp\/v2\/posts\/1222","targetHints":{"allow":["GET"]}}],"collection":[{"href":"https:\/\/1005.com.ar\/index.php\/wp-json\/wp\/v2\/posts"}],"about":[{"href":"https:\/\/1005.com.ar\/index.php\/wp-json\/wp\/v2\/types\/post"}],"author":[{"embeddable":true,"href":"https:\/\/1005.com.ar\/index.php\/wp-json\/wp\/v2\/users\/3"}],"replies":[{"embeddable":true,"href":"https:\/\/1005.com.ar\/index.php\/wp-json\/wp\/v2\/comments?post=1222"}],"version-history":[{"count":0,"href":"https:\/\/1005.com.ar\/index.php\/wp-json\/wp\/v2\/posts\/1222\/revisions"}],"wp:featuredmedia":[{"embeddable":true,"href":"https:\/\/1005.com.ar\/index.php\/wp-json\/wp\/v2\/media\/1223"}],"wp:attachment":[{"href":"https:\/\/1005.com.ar\/index.php\/wp-json\/wp\/v2\/media?parent=1222"}],"wp:term":[{"taxonomy":"category","embeddable":true,"href":"https:\/\/1005.com.ar\/index.php\/wp-json\/wp\/v2\/categories?post=1222"},{"taxonomy":"post_tag","embeddable":true,"href":"https:\/\/1005.com.ar\/index.php\/wp-json\/wp\/v2\/tags?post=1222"}],"curies":[{"name":"wp","href":"https:\/\/api.w.org\/{rel}","templated":true}]}}