{"id":1214,"date":"2021-01-22T18:18:40","date_gmt":"2021-01-22T21:18:40","guid":{"rendered":"https:\/\/1005.com.ar\/?p=1214"},"modified":"2021-01-22T18:18:42","modified_gmt":"2021-01-22T21:18:42","slug":"whatsapp-web-ya-estan-disponible-las-videollamadas-desde-la-computadora","status":"publish","type":"post","link":"https:\/\/1005.com.ar\/index.php\/2021\/01\/22\/whatsapp-web-ya-estan-disponible-las-videollamadas-desde-la-computadora\/","title":{"rendered":"WhatsApp Web: ya est\u00e1n disponible las videollamadas desde la computadora"},"content":{"rendered":"\n<p>La nueva funci\u00f3n apareci\u00f3 de manera paulatina para algunos usuarios en una versi\u00f3n actualizada para Windows 10.\u00a0<\/p>\n\n\n\n<p><strong><a href=\"https:\/\/www.cronica.com.ar\/tags\/WhatsApp\">WhatsApp<\/a>\u00a0Web<\/strong>\u00a0empez\u00f3 con las pruebas de\u00a0las\u00a0<strong>nuevas funciones de llamadas de audio y video<\/strong>\u00a0en un grupo limitado, con la expectativa de poder lanzarlas para todos los usuarios durante el transcurso del a\u00f1o.<\/p>\n\n\n\n<p>Esta nueva actualizaci\u00f3n apareci\u00f3 de manera paulatina<strong>\u00a0en la versi\u00f3n 2.2100.7 de la aplicaci\u00f3n de\u00a0<a href=\"https:\/\/www.cronica.com.ar\/tags\/WhatsApp\">WhatsApp<\/a>\u00a0para Windows 10<\/strong>, con\u00a0<strong>dos \u00edconos que identifican\u00a0las llamadas de video y de voz<\/strong>.<\/p>\n\n\n\n<p>Sin embargo,<strong>&nbsp;no todos los usuarios de esa versi\u00f3n pueden acceder a estas funciones<\/strong>, ya que&nbsp;<strong>hay que anotarse en el programa de pruebas de funciones avanzadas<\/strong>&nbsp;(beta).<\/p>\n\n\n\n<p>En las pruebas realizadas,\u00a0<strong><a href=\"https:\/\/www.cronica.com.ar\/tags\/WhatsApp\">WhatsApp<\/a>\u00a0ofrece una ventana para ubicar a gusto la vista del otro participante de la llamada\u00a0<\/strong>e incluso\u00a0<strong>si se minimiza la ventana de la aplicaci\u00f3n<\/strong>, el interlocutor aparecer\u00e1 en una imagen mas peque\u00f1a, sin interrumpir la comunicaci\u00f3n de video.<\/p>\n\n\n\n<p>Las funciones de llamadas de WhatsApp desde la versi\u00f3n de escritorio, sea desde un navegador web o desde la aplicaci\u00f3n para Mac o Windows, es un proyecto que la compa\u00f1\u00eda mantiene en desarrollo desde hace dos a\u00f1os, seg\u00fan WABetaInfo.<\/p>\n\n\n\n<p>Esta nueva funci\u00f3n a\u00fan no tiene fecha de lanzamiento, aunque se estima que estar\u00e1 disponible para todos los usuarios durante el transcurso del a\u00f1o.<\/p>\n\n\n\n<p><a href=\"https:\/\/www.cronica.com.ar\/tecnologia\/WhatsApp-Web-las-llamadas-de-voz-y-video-podran-hacerse-desde-la-computadora-20210122-0018.html\">https:\/\/www.cronica.com.ar\/tecnologia\/WhatsApp-Web-las-llamadas-de-voz-y-video-podran-hacerse-desde-la-computadora-20210122-0018.html<\/a><\/p>\n","protected":false},"excerpt":{"rendered":"<p>La nueva funci\u00f3n apareci\u00f3 de manera paulatina para algunos usuarios en una versi\u00f3n actualizada para Windows 10. <\/p>\n","protected":false},"author":3,"featured_media":1215,"comment_status":"open","ping_status":"closed","sticky":false,"template":"","format":"standard","meta":{"jetpack_post_was_ever_published":false,"_jetpack_newsletter_access":"","_jetpack_dont_email_post_to_subs":false,"_jetpack_newsletter_tier_id":0,"_jetpack_memberships_contains_paywalled_content":false,"_jetpack_memberships_contains_paid_content":false,"footnotes":"","jetpack_publicize_message":"","jetpack_publicize_feature_enabled":true,"jetpack_social_post_already_shared":true,"jetpack_social_options":{"image_generator_settings":{"template":"highway","default_image_id":0,"font":"","enabled":false},"version":2}},"categories":[1],"tags":[],"class_list":["post-1214","post","type-post","status-publish","format-standard","has-post-thumbnail","hentry","category-sin-categoria"],"jetpack_publicize_connections":[],"jetpack_featured_media_url":"https:\/\/1005.com.ar\/wp-content\/uploads\/2021\/01\/unnamed.png","jetpack-related-posts":[{"id":5937,"url":"https:\/\/1005.com.ar\/index.php\/2025\/04\/13\/nueva-sorpresa-francisco-aparecio-en-la-ceremonia-del-domingo-de-ramos\/","url_meta":{"origin":1214,"position":0},"title":"Nueva sorpresa: Francisco apareci\u00f3 en la ceremonia del Domingo de Ramos","author":"Julieta Di Rocco","date":"abril 13, 2025","format":false,"excerpt":"https:\/\/www.pagina12.com.ar\/817966-nueva-sorpresa-francisco-aparecio-en-la-ceremonia-del-doming","rel":"","context":"En \u00abSin categor\u00eda\u00bb","block_context":{"text":"Sin categor\u00eda","link":"https:\/\/1005.com.ar\/index.php\/category\/sin-categoria\/"},"img":{"alt_text":"","src":"https:\/\/i0.wp.com\/1005.com.ar\/wp-content\/uploads\/2025\/04\/928766-000-427e8zr.jpg?resize=350%2C200&ssl=1","width":350,"height":200,"srcset":"https:\/\/i0.wp.com\/1005.com.ar\/wp-content\/uploads\/2025\/04\/928766-000-427e8zr.jpg?resize=350%2C200&ssl=1 1x, https:\/\/i0.wp.com\/1005.com.ar\/wp-content\/uploads\/2025\/04\/928766-000-427e8zr.jpg?resize=525%2C300&ssl=1 1.5x, https:\/\/i0.wp.com\/1005.com.ar\/wp-content\/uploads\/2025\/04\/928766-000-427e8zr.jpg?resize=700%2C400&ssl=1 2x"},"classes":[]},{"id":2269,"url":"https:\/\/1005.com.ar\/index.php\/2021\/09\/02\/la-vicegobernadora-brindo-su-apoyo-y-confianza-a-los-precandidatos-del-frente-de-todos\/","url_meta":{"origin":1214,"position":1},"title":"La Vicegobernadora brind\u00f3 su apoyo y confianza a los precandidatos del Frente de Todos","author":"Radio Music","date":"septiembre 2, 2021","format":false,"excerpt":"La vicegobernadora Ver\u00f3nica Magario en su visita a Saladillo demostr\u00f3 una vez m\u00e1s el conocimiento y cercan\u00eda a cada territorio de la Provincia. Comparti\u00f3 un caf\u00e9 con los precandidatos a concejales Amaro Sarlo, Soledad Petta y F\u00e9lix Crognale, el diputado Walter Abarca y la presidenta del Bloque de concejales del\u2026","rel":"","context":"En \u00abSin categor\u00eda\u00bb","block_context":{"text":"Sin categor\u00eda","link":"https:\/\/1005.com.ar\/index.php\/category\/sin-categoria\/"},"img":{"alt_text":"","src":"https:\/\/i0.wp.com\/1005.com.ar\/wp-content\/uploads\/2021\/09\/1630579005.jpeg?resize=350%2C200&ssl=1","width":350,"height":200,"srcset":"https:\/\/i0.wp.com\/1005.com.ar\/wp-content\/uploads\/2021\/09\/1630579005.jpeg?resize=350%2C200&ssl=1 1x, https:\/\/i0.wp.com\/1005.com.ar\/wp-content\/uploads\/2021\/09\/1630579005.jpeg?resize=525%2C300&ssl=1 1.5x, https:\/\/i0.wp.com\/1005.com.ar\/wp-content\/uploads\/2021\/09\/1630579005.jpeg?resize=700%2C400&ssl=1 2x"},"classes":[]},{"id":1482,"url":"https:\/\/1005.com.ar\/index.php\/2021\/02\/06\/insolito-uso-de-una-prueba-de-daltonismo-de-parte-del-pro\/","url_meta":{"origin":1214,"position":2},"title":"Ins\u00f3lito uso de una prueba de daltonismo de parte del PRO","author":"Radio Music","date":"febrero 6, 2021","format":false,"excerpt":"Contin\u00faa la cruzada de la oposici\u00f3n por la apertura de los colegios","rel":"","context":"En \u00abSin categor\u00eda\u00bb","block_context":{"text":"Sin categor\u00eda","link":"https:\/\/1005.com.ar\/index.php\/category\/sin-categoria\/"},"img":{"alt_text":"","src":"","width":0,"height":0},"classes":[]},{"id":4247,"url":"https:\/\/1005.com.ar\/index.php\/2023\/08\/04\/la-inteligencia-artificial-no-va-a-eliminar-a-los-agricultores-la-prediccion-de-un-experto-sobre-la-nueva-tecnologia\/","url_meta":{"origin":1214,"position":3},"title":"\u201cLa inteligencia artificial no va a eliminar a los agricultores\u201d: la predicci\u00f3n de un experto sobre la nueva tecnolog\u00eda","author":"Julieta Di Rocco","date":"agosto 4, 2023","format":false,"excerpt":"Seg\u00fan se\u00f1al\u00f3 Federico Bayle, cofundador y gerente de Operaciones de Dymaxion Labs, en una jornada de Don Mario, permitir\u00e1 automatizar tareas rutinarias y mejorar la selecci\u00f3n gen\u00e9tica de los cultivos, al procesar gran cantidad de datos con rapidez y rigurosidad. \u201cLa\u00a0inteligencia artificial\u00a0no va a eliminar a los agricultores, sino que\u2026","rel":"","context":"En \u00abSin categor\u00eda\u00bb","block_context":{"text":"Sin categor\u00eda","link":"https:\/\/1005.com.ar\/index.php\/category\/sin-categoria\/"},"img":{"alt_text":"","src":"https:\/\/i0.wp.com\/1005.com.ar\/wp-content\/uploads\/2023\/08\/descarga-62.jpg?resize=350%2C200&ssl=1","width":350,"height":200},"classes":[]},{"id":1897,"url":"https:\/\/1005.com.ar\/index.php\/2021\/04\/01\/desde-hoy-dejaran-de-ser-gratuitas-las-operaciones-en-cajeros-automaticos-cuales-son-las-excepciones\/","url_meta":{"origin":1214,"position":4},"title":"Desde hoy dejar\u00e1n de ser gratuitas las operaciones en cajeros autom\u00e1ticos: cu\u00e1les son las excepciones","author":"Radio Music","date":"abril 1, 2021","format":false,"excerpt":"A partir de este jueves 1 de abril dejar\u00e1 de tener vigencia la gratuidad para retirar hasta $15.000, por d\u00eda y por cuenta de los cajeros autom\u00e1ticos, sin importar a qu\u00e9 banco y a qu\u00e9 red (Banelco o Red Link) pertenece el cliente. As\u00ed se pone fin a una de\u2026","rel":"","context":"En \u00abSin categor\u00eda\u00bb","block_context":{"text":"Sin categor\u00eda","link":"https:\/\/1005.com.ar\/index.php\/category\/sin-categoria\/"},"img":{"alt_text":"","src":"https:\/\/i0.wp.com\/1005.com.ar\/wp-content\/uploads\/2021\/04\/SHUBSQPIWDQ2BSMRXOSCBP5RTY.jpg?resize=350%2C200&ssl=1","width":350,"height":200,"srcset":"https:\/\/i0.wp.com\/1005.com.ar\/wp-content\/uploads\/2021\/04\/SHUBSQPIWDQ2BSMRXOSCBP5RTY.jpg?resize=350%2C200&ssl=1 1x, https:\/\/i0.wp.com\/1005.com.ar\/wp-content\/uploads\/2021\/04\/SHUBSQPIWDQ2BSMRXOSCBP5RTY.jpg?resize=525%2C300&ssl=1 1.5x, https:\/\/i0.wp.com\/1005.com.ar\/wp-content\/uploads\/2021\/04\/SHUBSQPIWDQ2BSMRXOSCBP5RTY.jpg?resize=700%2C400&ssl=1 2x"},"classes":[]},{"id":2008,"url":"https:\/\/1005.com.ar\/index.php\/2021\/05\/09\/hot-sale-comienza-este-lunes-y-habra-descuentos-para-compras-online-en-13-rubros\/","url_meta":{"origin":1214,"position":5},"title":"Hot Sale: comienza este lunes y habr\u00e1 descuentos para compras online en 13 rubros","author":"Radio Music","date":"mayo 9, 2021","format":false,"excerpt":"Este lunes comienza la nueva edici\u00f3n del Hot Sale, con descuentos en compras online\u00a0en trece categor\u00edas, que incluyen\u00a0art\u00edculos para el hogar, indumentaria, electrodom\u00e9sticos, alimentos y bebidas, entre otras. Seg\u00fan indic\u00f3 la C\u00e1mara Argentina de Comercio Electr\u00f3nico (CACE), a cargo de la organizaci\u00f3n, el objetivo es \"seguir fortaleciendo la industria y\u2026","rel":"","context":"En \u00abSin categor\u00eda\u00bb","block_context":{"text":"Sin categor\u00eda","link":"https:\/\/1005.com.ar\/index.php\/category\/sin-categoria\/"},"img":{"alt_text":"","src":"","width":0,"height":0},"classes":[]}],"jetpack_likes_enabled":true,"jetpack_sharing_enabled":true,"_links":{"self":[{"href":"https:\/\/1005.com.ar\/index.php\/wp-json\/wp\/v2\/posts\/1214","targetHints":{"allow":["GET"]}}],"collection":[{"href":"https:\/\/1005.com.ar\/index.php\/wp-json\/wp\/v2\/posts"}],"about":[{"href":"https:\/\/1005.com.ar\/index.php\/wp-json\/wp\/v2\/types\/post"}],"author":[{"embeddable":true,"href":"https:\/\/1005.com.ar\/index.php\/wp-json\/wp\/v2\/users\/3"}],"replies":[{"embeddable":true,"href":"https:\/\/1005.com.ar\/index.php\/wp-json\/wp\/v2\/comments?post=1214"}],"version-history":[{"count":0,"href":"https:\/\/1005.com.ar\/index.php\/wp-json\/wp\/v2\/posts\/1214\/revisions"}],"wp:featuredmedia":[{"embeddable":true,"href":"https:\/\/1005.com.ar\/index.php\/wp-json\/wp\/v2\/media\/1215"}],"wp:attachment":[{"href":"https:\/\/1005.com.ar\/index.php\/wp-json\/wp\/v2\/media?parent=1214"}],"wp:term":[{"taxonomy":"category","embeddable":true,"href":"https:\/\/1005.com.ar\/index.php\/wp-json\/wp\/v2\/categories?post=1214"},{"taxonomy":"post_tag","embeddable":true,"href":"https:\/\/1005.com.ar\/index.php\/wp-json\/wp\/v2\/tags?post=1214"}],"curies":[{"name":"wp","href":"https:\/\/api.w.org\/{rel}","templated":true}]}}