{"id":1169,"date":"2021-01-21T18:41:14","date_gmt":"2021-01-21T21:41:14","guid":{"rendered":"https:\/\/1005.com.ar\/?p=1169"},"modified":"2021-01-21T18:41:16","modified_gmt":"2021-01-21T21:41:16","slug":"coronavirus-en-la-argentina-alberto-fernandez-recibio-la-primera-dosis-de-la-vacuna-sputnik-v","status":"publish","type":"post","link":"https:\/\/1005.com.ar\/index.php\/2021\/01\/21\/coronavirus-en-la-argentina-alberto-fernandez-recibio-la-primera-dosis-de-la-vacuna-sputnik-v\/","title":{"rendered":"Coronavirus en la Argentina: Alberto Fern\u00e1ndez recibi\u00f3 la primera dosis de la vacuna Sputnik V"},"content":{"rendered":"\n<p>El presidente Alberto Fern\u00e1ndez recibi\u00f3 esta ma\u00f1ana en el Hospital Posadas\u00a0<strong>la primera dosis de la vacuna Sputnik V<\/strong>\u00a0contra el\u00a0<a href=\"https:\/\/www.lanacion.com.ar\/sociedad\/clases-presenciales-ciudad-criticas-gremios-amenazas-medidas-nid2577988\">Covid-19<\/a>. La vacuna fue aplicada en su brazo izquierdo por Marcela Yanni, licenciada en enfermer\u00eda.<\/p>\n\n\n\n<p>El mandatario nacional&nbsp;<strong>reafirm\u00f3 la seguridad y eficacia de la vacuna<\/strong>&nbsp;y reiter\u00f3 que su prioridad es que llegue a la mayor\u00eda de los argentinos en el menor tiempo posible.<\/p>\n\n\n\n<p><strong>Fern\u00e1ndez&nbsp;<\/strong>se convierte en&nbsp;<strong>el primer presidente en recibir la vacuna Sputnik V,&nbsp;<\/strong>luego de que ayer, el ministro de Salud de la Provincia de Buenos Aires,&nbsp;<strong>Daniel Goll\u00e1n<\/strong>, fuese l<a href=\"https:\/\/www.lanacion.com.ar\/politica\/axel-kicillof-se-dio-segunda-dosis-sputnik-nid2577118\">a primera persona mayor de 60 a\u00f1os de recibir la vacuna rusa contra el coronavirus en Argentina,<\/a>https:\/\/imasdk.googleapis.com\/js\/core\/bridge3.435.0_es.html#goog_13576542934Ads byhttps:\/\/platform.twitter.com\/embed\/index.html?dnt=false&amp;embedId=twitter-widget-0&amp;frame=false&amp;hideCard=false&amp;hideThread=false&amp;id=1352299049920172032&amp;lang=es&amp;origin=https%3A%2F%2Fwww.lanacion.com.ar%2Fpolitica%2Fcoronavirus-argentina-alberto-fernandez-recibio-primera-dosis-nid2578083&amp;siteScreenName=%20%40LANACION&amp;theme=light&amp;widgetsVersion=ed20a2b%3A1601588405575&amp;width=550px<\/p>\n\n\n\n<p>En ese marco, el Jefe de Estado indic\u00f3 que quiere contar con todas las vacunas que est\u00e9n a disposici\u00f3n, y destac\u00f3 el trabajo realizado para lograr la aprobaci\u00f3n que finalmente Anmat dio ayer a la vacuna Sputnik V&nbsp;<strong>para los mayores de 60 a\u00f1os<\/strong>.<\/p>\n\n\n\n<p>Luego de semanas de pol\u00e9micas dudas sobre la seguridad, inmunogenicidad y eficacia de la vacuna Sputnik V en pacientes mayores de 60 a\u00f1os, ayer,<strong>&nbsp;la Administraci\u00f3n Nacional de Medicamentos, Alimentos y Tecnolog\u00eda M\u00e9dica (Anmat)<\/strong>&nbsp;recomend\u00f3 al Ministerio de Salud de la Naci\u00f3n su uso para este grupo etario.https:\/\/platform.twitter.com\/embed\/index.html?dnt=false&amp;embedId=twitter-widget-1&amp;frame=false&amp;hideCard=false&amp;hideThread=false&amp;id=1352314180100108291&amp;lang=es&amp;origin=https%3A%2F%2Fwww.lanacion.com.ar%2Fpolitica%2Fcoronavirus-argentina-alberto-fernandez-recibio-primera-dosis-nid2578083&amp;siteScreenName=%20%40LANACION&amp;theme=light&amp;widgetsVersion=ed20a2b%3A1601588405575&amp;width=550px<\/p>\n\n\n\n<p><strong>\u00abLuego de analizada la nueva informaci\u00f3n aportada para la vacuna VacunaGam-COVID-Vac (Sputnik V), se estableci\u00f3 que se encuentra en un margen aceptable la seguridad, inmunogenicidad y eficacia [de las dosis] para el grupo etario de mayores de 60 a\u00f1os\u00bb,<\/strong>&nbsp;se\u00f1ala el documento que hizo circular el organismo.<\/p>\n\n\n\n<p>Seg\u00fan el organismo, el fabricante present\u00f3 nueva documentaci\u00f3n espec\u00edficamente sobre sus efectos en mayores que report\u00f3 un \u00abrango de eficacia del 91,8%\u00bb; \u00abformaci\u00f3n de anticuerpos en el 98,1% el d\u00eda 28 despu\u00e9s de la vacunaci\u00f3n\u00bb y un perfil de seguridad \u00abque no difiere del observado en el resto de la poblaci\u00f3n\u00bb.<a href=\"https:\/\/www.lanacion.com.ar\/sociedad\/imprescindible-el-duro-informe-sociedad-argentina-pediatria-nid2577242\">\u00abImprescindible\u00bb. El duro informe de la Sociedad Argentina de Pediatr\u00eda para el regreso de las clases presenciales<\/a><\/p>\n\n\n\n<p>Fern\u00e1ndez tambi\u00e9n agradeci\u00f3 al personal de salud por su lucha contra la pandemia y a quienes est\u00e1n involucrados en el desarrollo y distribuci\u00f3n de la vacuna. Lo mismo hizo el ministro de Salud,\u00a0<strong>Gin\u00e9s Gonz\u00e1lez Garc\u00eda, quien tambi\u00e9n se vacun\u00f3 hoy con la primera dosis de la Sputnik V.<\/strong><\/p>\n\n\n\n<p><a href=\"https:\/\/www.lanacion.com.ar\/politica\/coronavirus-argentina-alberto-fernandez-recibio-primera-dosis-nid2578083\">https:\/\/www.lanacion.com.ar\/politica\/coronavirus-argentina-alberto-fernandez-recibio-primera-dosis-nid2578083<\/a><\/p>\n","protected":false},"excerpt":{"rendered":"<p>El presidente Alberto Fern\u00e1ndez recibi\u00f3 esta ma\u00f1ana en el Hospital Posadas la primera dosis de la vacuna Sputnik V contra el Covid-19. La vacuna fue aplicada en su brazo izquierdo por Marcela Yanni, licenciada en enfermer\u00eda.<\/p>\n","protected":false},"author":3,"featured_media":1170,"comment_status":"open","ping_status":"closed","sticky":false,"template":"","format":"standard","meta":{"jetpack_post_was_ever_published":false,"_jetpack_newsletter_access":"","_jetpack_dont_email_post_to_subs":false,"_jetpack_newsletter_tier_id":0,"_jetpack_memberships_contains_paywalled_content":false,"_jetpack_memberships_contains_paid_content":false,"footnotes":"","jetpack_publicize_message":"","jetpack_publicize_feature_enabled":true,"jetpack_social_post_already_shared":true,"jetpack_social_options":{"image_generator_settings":{"template":"highway","default_image_id":0,"font":"","enabled":false},"version":2}},"categories":[1],"tags":[],"class_list":["post-1169","post","type-post","status-publish","format-standard","has-post-thumbnail","hentry","category-sin-categoria"],"jetpack_publicize_connections":[],"jetpack_featured_media_url":"https:\/\/1005.com.ar\/wp-content\/uploads\/2021\/01\/3587503h864.jpg","jetpack-related-posts":[{"id":1444,"url":"https:\/\/1005.com.ar\/index.php\/2021\/02\/03\/alberto-fernandez-hablo-con-vladimir-putin-sobre-el-suministro-de-la-sputnik-v\/","url_meta":{"origin":1169,"position":0},"title":"Alberto Fern\u00e1ndez habl\u00f3 con Vladimir Putin sobre el suministro de la Sputnik V","author":"Radio Music","date":"febrero 3, 2021","format":false,"excerpt":"El mandatario ruso se comprometi\u00f3 a cumplir el acuerdo con Argentina","rel":"","context":"En \u00abSin categor\u00eda\u00bb","block_context":{"text":"Sin categor\u00eda","link":"https:\/\/1005.com.ar\/index.php\/category\/sin-categoria\/"},"img":{"alt_text":"","src":"","width":0,"height":0},"classes":[]},{"id":2060,"url":"https:\/\/1005.com.ar\/index.php\/2021\/06\/07\/partio-el-vuelo-que-buscara-en-rusia-el-principio-activo-para-producir-la-vacuna-sputnik-v-en-argentina\/","url_meta":{"origin":1169,"position":1},"title":"Parti\u00f3 el vuelo que buscar\u00e1 en Rusia el principio activo para producir la vacuna Sputnik V en Argentina","author":"Radio Music","date":"junio 7, 2021","format":false,"excerpt":"Este lunes parti\u00f3 el vuelo de Aerol\u00edneas Argentinas\u00a0que traer\u00e1 dosis 1 y 2 de Sputnik V y el primer lote de su principio activo\u00a0para comenzar la producci\u00f3n de la vacuna en Argentina, que estar\u00e1 a cargo del laboratorio Richmond. Bajo el n\u00famero de operaci\u00f3n AR1062, el Airbus de la compa\u00f1\u00eda\u2026","rel":"","context":"En \u00abSin categor\u00eda\u00bb","block_context":{"text":"Sin categor\u00eda","link":"https:\/\/1005.com.ar\/index.php\/category\/sin-categoria\/"},"img":{"alt_text":"","src":"https:\/\/i0.wp.com\/1005.com.ar\/wp-content\/uploads\/2021\/06\/SXEKA6SMYJELZD3O6GLD67ZOFI.jpg?resize=350%2C200&ssl=1","width":350,"height":200,"srcset":"https:\/\/i0.wp.com\/1005.com.ar\/wp-content\/uploads\/2021\/06\/SXEKA6SMYJELZD3O6GLD67ZOFI.jpg?resize=350%2C200&ssl=1 1x, https:\/\/i0.wp.com\/1005.com.ar\/wp-content\/uploads\/2021\/06\/SXEKA6SMYJELZD3O6GLD67ZOFI.jpg?resize=525%2C300&ssl=1 1.5x, https:\/\/i0.wp.com\/1005.com.ar\/wp-content\/uploads\/2021\/06\/SXEKA6SMYJELZD3O6GLD67ZOFI.jpg?resize=700%2C400&ssl=1 2x"},"classes":[]},{"id":1286,"url":"https:\/\/1005.com.ar\/index.php\/2021\/01\/26\/el-gobierno-dice-que-el-viaje-a-moscu-para-buscar-vacunas-se-suspendio-por-un-problema-logistico-en-rusia-y-que-se-resolvera-en-breve\/","url_meta":{"origin":1169,"position":2},"title":"El Gobierno dice que el viaje a Mosc\u00fa para buscar vacunas se suspendi\u00f3 por un \u00abproblema log\u00edstico\u00bb en Rusia y que se resolver\u00e1 \u00aben breve\u00bb","author":"Radio Music","date":"enero 26, 2021","format":false,"excerpt":"El domingo deb\u00eda salir hacia Mosc\u00fa el tercer vuelo de Aerol\u00edneas Argentinas en busca de vacunas, pero se suspendi\u00f3 sin fecha Cr\u00e9dito: Ignacio S\u00e1nchez \/ LA NACION","rel":"","context":"En \u00abSin categor\u00eda\u00bb","block_context":{"text":"Sin categor\u00eda","link":"https:\/\/1005.com.ar\/index.php\/category\/sin-categoria\/"},"img":{"alt_text":"","src":"https:\/\/i0.wp.com\/1005.com.ar\/wp-content\/uploads\/2021\/01\/3580500w1033.jpg?resize=350%2C200&ssl=1","width":350,"height":200,"srcset":"https:\/\/i0.wp.com\/1005.com.ar\/wp-content\/uploads\/2021\/01\/3580500w1033.jpg?resize=350%2C200&ssl=1 1x, https:\/\/i0.wp.com\/1005.com.ar\/wp-content\/uploads\/2021\/01\/3580500w1033.jpg?resize=525%2C300&ssl=1 1.5x, https:\/\/i0.wp.com\/1005.com.ar\/wp-content\/uploads\/2021\/01\/3580500w1033.jpg?resize=700%2C400&ssl=1 2x"},"classes":[]},{"id":1996,"url":"https:\/\/1005.com.ar\/index.php\/2021\/05\/09\/llega-esta-noche-un-nuevo-lote-con-500-mil-vacunas-sputnik-v\/","url_meta":{"origin":1169,"position":3},"title":"Llega esta noche un nuevo lote con 500 mil vacunas Sputnik V","author":"Radio Music","date":"mayo 9, 2021","format":false,"excerpt":"Este lunes\u00a0a la 1 am\u00a0llegar\u00e1 desde Mosc\u00fa\u00a0un nuevo vuelo de Aerol\u00edneas Argentinas con\u00a0un cargamento que estiman ser\u00e1 de 500 mil dosis del componente 1 de la\u00a0vacuna Sputnik V. Con este embarque, Argentina superar\u00e1 los\u00a012,2 millones de dosis recibidas\u00a0para vacunar a su poblaci\u00f3n. Desde el 24 de diciembre de 2020 al\u2026","rel":"","context":"En \u00abSin categor\u00eda\u00bb","block_context":{"text":"Sin categor\u00eda","link":"https:\/\/1005.com.ar\/index.php\/category\/sin-categoria\/"},"img":{"alt_text":"","src":"","width":0,"height":0},"classes":[]},{"id":1743,"url":"https:\/\/1005.com.ar\/index.php\/2021\/03\/03\/roque-perez-gasparini-volvio-a-la-intendencia-y-se-vacuno-contra-el-coronavirus-con-foto-de-vladimir-putin\/","url_meta":{"origin":1169,"position":4},"title":"Roque P\u00e9rez: Gasparini volvi\u00f3 a la intendencia y se vacun\u00f3 contra el coronavirus con foto de Vladimir Putin","author":"Radio Music","date":"marzo 3, 2021","format":false,"excerpt":"El intendente retorn\u00f3 de su licencia por enfermedad. Se aplic\u00f3 la Sputnik V con la foto del presidente de Rusia, pa\u00eds de origen de la vacuna.\u00a0\"Traje la foto porque estoy orgulloso de \u00e9l, todos decian que nos iba a envenenar y nos est\u00e1 salvando la vida\", dijo. El Intendente del\u2026","rel":"","context":"En \u00abSin categor\u00eda\u00bb","block_context":{"text":"Sin categor\u00eda","link":"https:\/\/1005.com.ar\/index.php\/category\/sin-categoria\/"},"img":{"alt_text":"","src":"https:\/\/i0.wp.com\/1005.com.ar\/wp-content\/uploads\/2021\/03\/chinchu.jpg?resize=350%2C200&ssl=1","width":350,"height":200},"classes":[]},{"id":1713,"url":"https:\/\/1005.com.ar\/index.php\/2021\/03\/01\/llego-el-avion-de-aerolineas-con-517-500-dosis-de-la-vacuna-sputnik-v\/","url_meta":{"origin":1169,"position":5},"title":"Lleg\u00f3 el avi\u00f3n de Aerol\u00edneas con 517.500 dosis de la vacuna Sputnik V","author":"Radio Music","date":"marzo 1, 2021","format":false,"excerpt":"A las 19.53 aterriz\u00f3 en el Aeropuerto Internacional de Ezeiza el vuelo AR1061 de Aerol\u00edneas Argentinas proveniente de la ciudad de Mosc\u00fa que trajo a bordo 517.500 dosis de la vacuna Sputnik V contra el coronavirus. Se trata del primero de\u00a0dos vuelos de Aerol\u00edneas Argentinas\u00a0que partieron rumbo a la capital\u2026","rel":"","context":"En \u00abSin categor\u00eda\u00bb","block_context":{"text":"Sin categor\u00eda","link":"https:\/\/1005.com.ar\/index.php\/category\/sin-categoria\/"},"img":{"alt_text":"","src":"https:\/\/i0.wp.com\/1005.com.ar\/wp-content\/uploads\/2021\/03\/avion-portada_630_1140.jpg?resize=350%2C200&ssl=1","width":350,"height":200,"srcset":"https:\/\/i0.wp.com\/1005.com.ar\/wp-content\/uploads\/2021\/03\/avion-portada_630_1140.jpg?resize=350%2C200&ssl=1 1x, https:\/\/i0.wp.com\/1005.com.ar\/wp-content\/uploads\/2021\/03\/avion-portada_630_1140.jpg?resize=525%2C300&ssl=1 1.5x, https:\/\/i0.wp.com\/1005.com.ar\/wp-content\/uploads\/2021\/03\/avion-portada_630_1140.jpg?resize=700%2C400&ssl=1 2x, https:\/\/i0.wp.com\/1005.com.ar\/wp-content\/uploads\/2021\/03\/avion-portada_630_1140.jpg?resize=1050%2C600&ssl=1 3x"},"classes":[]}],"jetpack_likes_enabled":true,"jetpack_sharing_enabled":true,"_links":{"self":[{"href":"https:\/\/1005.com.ar\/index.php\/wp-json\/wp\/v2\/posts\/1169","targetHints":{"allow":["GET"]}}],"collection":[{"href":"https:\/\/1005.com.ar\/index.php\/wp-json\/wp\/v2\/posts"}],"about":[{"href":"https:\/\/1005.com.ar\/index.php\/wp-json\/wp\/v2\/types\/post"}],"author":[{"embeddable":true,"href":"https:\/\/1005.com.ar\/index.php\/wp-json\/wp\/v2\/users\/3"}],"replies":[{"embeddable":true,"href":"https:\/\/1005.com.ar\/index.php\/wp-json\/wp\/v2\/comments?post=1169"}],"version-history":[{"count":0,"href":"https:\/\/1005.com.ar\/index.php\/wp-json\/wp\/v2\/posts\/1169\/revisions"}],"wp:featuredmedia":[{"embeddable":true,"href":"https:\/\/1005.com.ar\/index.php\/wp-json\/wp\/v2\/media\/1170"}],"wp:attachment":[{"href":"https:\/\/1005.com.ar\/index.php\/wp-json\/wp\/v2\/media?parent=1169"}],"wp:term":[{"taxonomy":"category","embeddable":true,"href":"https:\/\/1005.com.ar\/index.php\/wp-json\/wp\/v2\/categories?post=1169"},{"taxonomy":"post_tag","embeddable":true,"href":"https:\/\/1005.com.ar\/index.php\/wp-json\/wp\/v2\/tags?post=1169"}],"curies":[{"name":"wp","href":"https:\/\/api.w.org\/{rel}","templated":true}]}}