{"id":1163,"date":"2021-01-20T10:39:25","date_gmt":"2021-01-20T13:39:25","guid":{"rendered":"https:\/\/1005.com.ar\/?p=1163"},"modified":"2021-01-20T10:39:26","modified_gmt":"2021-01-20T13:39:26","slug":"quienes-son-los-artistas-que-participaran-de-la-asuncion-de-joe-biden-y-del-especial-televisivo-para-celebrarlo","status":"publish","type":"post","link":"https:\/\/1005.com.ar\/index.php\/2021\/01\/20\/quienes-son-los-artistas-que-participaran-de-la-asuncion-de-joe-biden-y-del-especial-televisivo-para-celebrarlo\/","title":{"rendered":"Qui\u00e9nes son los artistas que participar\u00e1n de la asunci\u00f3n de Joe Biden y del especial televisivo para celebrarlo"},"content":{"rendered":"\n<p>Lady Gaga cantar\u00e1 el himno en la asunci\u00f3n de su \u00abamigote\u00bb Joe Biden; ya hab\u00eda cerrado la campa\u00f1a junto a \u00e9l en Pensilvania, estado que prob\u00f3 ser decisivo en su triunfo electoral.<\/p>\n\n\n\n<p>\u00fasicos, actores y dem\u00e1s personalidades del mundo del espect\u00e1culo formar\u00e1n parte de&nbsp;<strong>la asunci\u00f3n de Joe Biden y Kamala Harris y de la posterior celebraci\u00f3n<\/strong>, que se condensar\u00e1 un&nbsp;<strong>programa especial<\/strong>&nbsp;con&nbsp;<strong>Tom Hanks como maestro de ceremonias.<\/strong><\/p>\n\n\n\n<p><strong>Lady Gaga<\/strong>\u00a0ser\u00e1 la encargada de cantar el himno norteamericano en la ceremonia de traspaso de mando presidencial, de la que no ser\u00e1 parte Donald Trump. Gaga -quien afirm\u00f3 que Biden era su \u00abamigote\u00bb- no ocult\u00f3 nunca su apoyo al candidato del Partido Dem\u00f3crata: particip\u00f3 del acto de cierre de campa\u00f1a del presidente electo en Pensilvania,\u00a0<a href=\"https:\/\/www.lanacion.com.ar\/el-mundo\/trump-lady-gaga-joe-biden-nid2497694\">lo que hizo que Trump decidiera criticarla en las redes sociales<\/a>.<\/p>\n\n\n\n<p><a href=\"https:\/\/www.lanacion.com.ar\/espectaculos\/personajes\/tom-hanks-elegido-celebrar-asuncion-joe-biden-nid2568983\">https:\/\/www.lanacion.com.ar\/espectaculos\/personajes\/tom-hanks-elegido-celebrar-asuncion-joe-biden-nid2568983<\/a><\/p>\n","protected":false},"excerpt":{"rendered":"<p>Lady Gaga cantar\u00e1 el himno en la asunci\u00f3n de su \u00abamigote\u00bb Joe Biden; ya hab\u00eda cerrado la campa\u00f1a junto a \u00e9l en Pensilvania, estado que prob\u00f3 ser decisivo en su triunfo electoral<\/p>\n","protected":false},"author":3,"featured_media":1164,"comment_status":"open","ping_status":"closed","sticky":false,"template":"","format":"standard","meta":{"jetpack_post_was_ever_published":false,"_jetpack_newsletter_access":"","_jetpack_dont_email_post_to_subs":false,"_jetpack_newsletter_tier_id":0,"_jetpack_memberships_contains_paywalled_content":false,"_jetpack_memberships_contains_paid_content":false,"footnotes":"","jetpack_publicize_message":"","jetpack_publicize_feature_enabled":true,"jetpack_social_post_already_shared":true,"jetpack_social_options":{"image_generator_settings":{"template":"highway","default_image_id":0,"font":"","enabled":false},"version":2}},"categories":[1],"tags":[],"class_list":["post-1163","post","type-post","status-publish","format-standard","has-post-thumbnail","hentry","category-sin-categoria"],"jetpack_publicize_connections":[],"jetpack_featured_media_url":"https:\/\/1005.com.ar\/wp-content\/uploads\/2021\/01\/3468518w1033.jpg","jetpack-related-posts":[{"id":1157,"url":"https:\/\/1005.com.ar\/index.php\/2021\/01\/20\/el-gobierno-delineo-la-agenda-bilateral-que-mantendra-con-estados-unidos-tras-la-asuncion-de-joe-biden-como-presidente\/","url_meta":{"origin":1163,"position":0},"title":"El Gobierno deline\u00f3 la agenda bilateral que mantendr\u00e1 con Estados Unidos tras la asunci\u00f3n de Joe Biden como presidente","author":"Radio Music","date":"enero 20, 2021","format":false,"excerpt":"Se analiz\u00f3 en detalle el estado actual de las relaciones entre ambos pa\u00edses y las perspectivas y escenarios que se abren a partir del cambio de mando","rel":"","context":"En \u00abSin categor\u00eda\u00bb","block_context":{"text":"Sin categor\u00eda","link":"https:\/\/1005.com.ar\/index.php\/category\/sin-categoria\/"},"img":{"alt_text":"","src":"https:\/\/i0.wp.com\/1005.com.ar\/wp-content\/uploads\/2021\/01\/TNYK4MUOSRG7JPWVO2E52HHY4U.jpg?resize=350%2C200&ssl=1","width":350,"height":200,"srcset":"https:\/\/i0.wp.com\/1005.com.ar\/wp-content\/uploads\/2021\/01\/TNYK4MUOSRG7JPWVO2E52HHY4U.jpg?resize=350%2C200&ssl=1 1x, https:\/\/i0.wp.com\/1005.com.ar\/wp-content\/uploads\/2021\/01\/TNYK4MUOSRG7JPWVO2E52HHY4U.jpg?resize=525%2C300&ssl=1 1.5x, https:\/\/i0.wp.com\/1005.com.ar\/wp-content\/uploads\/2021\/01\/TNYK4MUOSRG7JPWVO2E52HHY4U.jpg?resize=700%2C400&ssl=1 2x"},"classes":[]},{"id":1151,"url":"https:\/\/1005.com.ar\/index.php\/2021\/01\/20\/primer-dia-de-biden-en-la-casa-blanca-17-firmas-para-borrar-el-legado-de-trump\/","url_meta":{"origin":1163,"position":1},"title":"Primer d\u00eda de Biden en la Casa Blanca: 17 firmas para borrar el legado de Trump","author":"Radio Music","date":"enero 20, 2021","format":false,"excerpt":"WASHINGTON.- Apenas pise el Sal\u00f3n Oval de la Casa Blanca, horas despu\u00e9s de haber asumido como el 46\u00ba presidente de Estados Unidos, Joe Biden comenzar\u00e1 a borrar con su firma el legado de Donald Trump y atacar de lleno las crisis que enfrenta el pa\u00eds.","rel":"","context":"En \u00abSin categor\u00eda\u00bb","block_context":{"text":"Sin categor\u00eda","link":"https:\/\/1005.com.ar\/index.php\/category\/sin-categoria\/"},"img":{"alt_text":"","src":"https:\/\/i0.wp.com\/1005.com.ar\/wp-content\/uploads\/2021\/01\/3411436h864.jpg?resize=350%2C200&ssl=1","width":350,"height":200,"srcset":"https:\/\/i0.wp.com\/1005.com.ar\/wp-content\/uploads\/2021\/01\/3411436h864.jpg?resize=350%2C200&ssl=1 1x, https:\/\/i0.wp.com\/1005.com.ar\/wp-content\/uploads\/2021\/01\/3411436h864.jpg?resize=525%2C300&ssl=1 1.5x, https:\/\/i0.wp.com\/1005.com.ar\/wp-content\/uploads\/2021\/01\/3411436h864.jpg?resize=700%2C400&ssl=1 2x, https:\/\/i0.wp.com\/1005.com.ar\/wp-content\/uploads\/2021\/01\/3411436h864.jpg?resize=1050%2C600&ssl=1 3x"},"classes":[]},{"id":4136,"url":"https:\/\/1005.com.ar\/index.php\/2023\/05\/25\/el-hombre-que-cambio-la-argentina\/","url_meta":{"origin":1163,"position":2},"title":"El hombre que cambi\u00f3 la Argentina","author":"Julieta Di Rocco","date":"mayo 25, 2023","format":false,"excerpt":"El PDF del suplemento especial por los 20 a\u00f1os de la asunci\u00f3n de N\u00e9stor Kirchner https:\/\/www.pagina12.com.ar\/552461-el-hombre-que-cambio-la-argentina","rel":"","context":"En \u00abSin categor\u00eda\u00bb","block_context":{"text":"Sin categor\u00eda","link":"https:\/\/1005.com.ar\/index.php\/category\/sin-categoria\/"},"img":{"alt_text":"","src":"https:\/\/i0.wp.com\/1005.com.ar\/wp-content\/uploads\/2023\/05\/729644-suple-n-c3-a9stor-01-1.jpg?resize=350%2C200&ssl=1","width":350,"height":200,"srcset":"https:\/\/i0.wp.com\/1005.com.ar\/wp-content\/uploads\/2023\/05\/729644-suple-n-c3-a9stor-01-1.jpg?resize=350%2C200&ssl=1 1x, https:\/\/i0.wp.com\/1005.com.ar\/wp-content\/uploads\/2023\/05\/729644-suple-n-c3-a9stor-01-1.jpg?resize=525%2C300&ssl=1 1.5x, https:\/\/i0.wp.com\/1005.com.ar\/wp-content\/uploads\/2023\/05\/729644-suple-n-c3-a9stor-01-1.jpg?resize=700%2C400&ssl=1 2x"},"classes":[]},{"id":2897,"url":"https:\/\/1005.com.ar\/index.php\/2022\/06\/02\/joe-biden-invito-a-alberto-fernandez-a-una-reunion-bilateral-en-washington-para-el-25-de-julio\/","url_meta":{"origin":1163,"position":3},"title":"Joe Biden invit\u00f3 a Alberto Fern\u00e1ndez a una reuni\u00f3n bilateral en Washington para el 25 de julio","author":"Julieta Di Rocco","date":"junio 2, 2022","format":false,"excerpt":"Justo cuando Argentina se quedaba con la Copa Intercontinental, Joe Biden se comunic\u00f3 por tel\u00e9fono con Alberto Fern\u00e1ndez para invitarlo a primera reuni\u00f3n entre ambos. La conversaci\u00f3n dur\u00f3 25 minutos. La llamada lleg\u00f3 despu\u00e9s de la confirmaci\u00f3n de que Fern\u00e1ndez asistir\u00e1 a la Cumbre de las Am\u00e9ricas https:\/\/www.pagina12.com.ar\/425992-joe-biden-invito-a-alberto-fernandez-a-una-reunion-bilateral","rel":"","context":"En \u00abSin categor\u00eda\u00bb","block_context":{"text":"Sin categor\u00eda","link":"https:\/\/1005.com.ar\/index.php\/category\/sin-categoria\/"},"img":{"alt_text":"","src":"https:\/\/i0.wp.com\/1005.com.ar\/wp-content\/uploads\/2022\/06\/548036-joe_0.jpeg?resize=350%2C200&ssl=1","width":350,"height":200,"srcset":"https:\/\/i0.wp.com\/1005.com.ar\/wp-content\/uploads\/2022\/06\/548036-joe_0.jpeg?resize=350%2C200&ssl=1 1x, https:\/\/i0.wp.com\/1005.com.ar\/wp-content\/uploads\/2022\/06\/548036-joe_0.jpeg?resize=525%2C300&ssl=1 1.5x, https:\/\/i0.wp.com\/1005.com.ar\/wp-content\/uploads\/2022\/06\/548036-joe_0.jpeg?resize=700%2C400&ssl=1 2x"},"classes":[]},{"id":4133,"url":"https:\/\/1005.com.ar\/index.php\/2023\/05\/24\/telam-presenta-una-muestra-sobre-los-momentos-emblematicos-de-nestor-kirchner\/","url_meta":{"origin":1163,"position":4},"title":"T\u00e9lam presenta una muestra sobre los momentos emblem\u00e1ticos de N\u00e9stor Kirchner","author":"Julieta Di Rocco","date":"mayo 24, 2023","format":false,"excerpt":"La exposici\u00f3n fotogr\u00e1fica y audiovisual se llama \"N\u00e9stor Kirchner. La imaginaci\u00f3n y el poder popular\"; y ser\u00e1 inaugurada este mi\u00e9rcoles en conmemoraci\u00f3n de los 20 a\u00f1os de la asunci\u00f3n del expresidente.l. https:\/\/www.telam.com.ar\/notas\/202305\/629197-telam-muestra-presidencia-nestor-kirchner.html","rel":"","context":"En \u00abSin categor\u00eda\u00bb","block_context":{"text":"Sin categor\u00eda","link":"https:\/\/1005.com.ar\/index.php\/category\/sin-categoria\/"},"img":{"alt_text":"","src":"","width":0,"height":0},"classes":[]},{"id":5338,"url":"https:\/\/1005.com.ar\/index.php\/2024\/07\/21\/asi-piensa-kamala-harris-la-elegida-por-biden-para-enfrentar-a-trump\/","url_meta":{"origin":1163,"position":5},"title":"As\u00ed piensa Kamala Harris, la elegida por Biden para enfrentar a Trump","author":"Julieta Di Rocco","date":"julio 21, 2024","format":false,"excerpt":"https:\/\/www.pagina12.com.ar\/753818-asi-piensa-kamala-harris-la-elegida-por-biden-para-enfrentar","rel":"","context":"En \u00abSin categor\u00eda\u00bb","block_context":{"text":"Sin categor\u00eda","link":"https:\/\/1005.com.ar\/index.php\/category\/sin-categoria\/"},"img":{"alt_text":"","src":"https:\/\/i0.wp.com\/1005.com.ar\/wp-content\/uploads\/2024\/07\/857790-whatsapp-20image-202024-07-21-20at-204-08-14-20pm.jpeg?resize=350%2C200&ssl=1","width":350,"height":200,"srcset":"https:\/\/i0.wp.com\/1005.com.ar\/wp-content\/uploads\/2024\/07\/857790-whatsapp-20image-202024-07-21-20at-204-08-14-20pm.jpeg?resize=350%2C200&ssl=1 1x, https:\/\/i0.wp.com\/1005.com.ar\/wp-content\/uploads\/2024\/07\/857790-whatsapp-20image-202024-07-21-20at-204-08-14-20pm.jpeg?resize=525%2C300&ssl=1 1.5x, https:\/\/i0.wp.com\/1005.com.ar\/wp-content\/uploads\/2024\/07\/857790-whatsapp-20image-202024-07-21-20at-204-08-14-20pm.jpeg?resize=700%2C400&ssl=1 2x"},"classes":[]}],"jetpack_likes_enabled":true,"jetpack_sharing_enabled":true,"_links":{"self":[{"href":"https:\/\/1005.com.ar\/index.php\/wp-json\/wp\/v2\/posts\/1163","targetHints":{"allow":["GET"]}}],"collection":[{"href":"https:\/\/1005.com.ar\/index.php\/wp-json\/wp\/v2\/posts"}],"about":[{"href":"https:\/\/1005.com.ar\/index.php\/wp-json\/wp\/v2\/types\/post"}],"author":[{"embeddable":true,"href":"https:\/\/1005.com.ar\/index.php\/wp-json\/wp\/v2\/users\/3"}],"replies":[{"embeddable":true,"href":"https:\/\/1005.com.ar\/index.php\/wp-json\/wp\/v2\/comments?post=1163"}],"version-history":[{"count":0,"href":"https:\/\/1005.com.ar\/index.php\/wp-json\/wp\/v2\/posts\/1163\/revisions"}],"wp:featuredmedia":[{"embeddable":true,"href":"https:\/\/1005.com.ar\/index.php\/wp-json\/wp\/v2\/media\/1164"}],"wp:attachment":[{"href":"https:\/\/1005.com.ar\/index.php\/wp-json\/wp\/v2\/media?parent=1163"}],"wp:term":[{"taxonomy":"category","embeddable":true,"href":"https:\/\/1005.com.ar\/index.php\/wp-json\/wp\/v2\/categories?post=1163"},{"taxonomy":"post_tag","embeddable":true,"href":"https:\/\/1005.com.ar\/index.php\/wp-json\/wp\/v2\/tags?post=1163"}],"curies":[{"name":"wp","href":"https:\/\/api.w.org\/{rel}","templated":true}]}}